{"id":225647,"date":"2024-06-06T09:45:00","date_gmt":"2024-06-06T07:45:00","guid":{"rendered":"https:\/\/www.tucomarca.com\/wordpress\/segunda\/?p=225647"},"modified":"2024-06-06T13:14:16","modified_gmt":"2024-06-06T11:14:16","slug":"solliciten-collaboracio-ciutadana-en-la-cerca-de-paquita-la-dona-desapareguda-entre-alboraig-i-turis","status":"publish","type":"post","link":"https:\/\/tucomarca.whitekongsoftware.com\/ca\/solliciten-collaboracio-ciutadana-en-la-cerca-de-paquita-la-dona-desapareguda-entre-alboraig-i-turis\/","title":{"rendered":"Sol\u00b7liciten col\u00b7laboraci\u00f3 ciutadana en la cerca de Paquita, la dona desapareguda entre Alboraig i Tur\u00eds"},"content":{"rendered":"\n<p class=\"wp-block-paragraph\">Des de l&#8217;Ajuntament de Sollana i els Ajuntaments de La Foia i La Ribera Alta han demanat la col\u00b7laboraci\u00f3 ciutadana per a localitzar a Josefa Estarelles Tronchoni, coneguda entre les seues m\u00e9s reunits com Paquita, la ve\u00efna de Sollana de 79 anys d&#8217;edat desapareguda entre els termes municipals d&#8217;Alboraig i Tur\u00eds dijous passat.\u00a0<\/p>\n\n\n<div class=\"wp-block-image\">\n<figure class=\"alignleft size-large is-resized\"><img loading=\"lazy\" decoding=\"async\" width=\"819\" height=\"1024\" src=\"http:\/\/www.tucomarca.com\/wordpress\/segunda\/wp-content\/uploads\/2024\/06\/PaquitaDesaparecida-819x1024.jpg\" alt=\"\" class=\"wp-image-225639\" style=\"width:391px;height:auto\" srcset=\"https:\/\/tucomarca.whitekongsoftware.com\/wp-content\/uploads\/2024\/06\/PaquitaDesaparecida-819x1024.jpg 819w, https:\/\/tucomarca.whitekongsoftware.com\/wp-content\/uploads\/2024\/06\/PaquitaDesaparecida-240x300.jpg 240w, https:\/\/tucomarca.whitekongsoftware.com\/wp-content\/uploads\/2024\/06\/PaquitaDesaparecida-768x960.jpg 768w, https:\/\/tucomarca.whitekongsoftware.com\/wp-content\/uploads\/2024\/06\/PaquitaDesaparecida.jpg 1080w\" sizes=\"auto, (max-width: 819px) 100vw, 819px\" \/><\/figure>\n<\/div>\n\n\n<p class=\"wp-block-paragraph\">Demanen als propietaris de cases de camp i parcel\u00b7les privades en les zones pr\u00f2ximes que realitzen una inspecci\u00f3 minuciosa de les seues propietats i \u00e0rees pr\u00f2ximes de dif\u00edcil acc\u00e9s i que es posen en contacte amb la Gu\u00e0rdia Civil en cas de tindre qualsevol novetat.<\/p>\n\n\n\n<p class=\"wp-block-paragraph\">Des dels seus afins sol\u00b7liciten a ajuda a tota persona volunt\u00e0ria que vulga col\u00b7laborar en la seua cerca. Aquest \u00e9s el punt de trobada de 8,00 a 20,00 hores des d&#8217;on tots els dies parteixen els voluntaris en la cerca. <a href=\"http:\/\/https\/\/maps.google.com\/?q=39.361557,-0.741586\" data-type=\"link\" data-id=\"https\/\/maps.google.com\/?q=39.361557,-0.741586\">https\/\/maps.google.com\/?q=39.361557,-0.741586<\/a><\/p>\n","protected":false},"excerpt":{"rendered":"<div class=\"mh-excerpt\">Des de l&#8217;Ajuntament de Sollana i els Ajuntaments de La Foia i La Ribera Alta han demanat la col\u00b7laboraci\u00f3 ciutadana per a localitzar a Josefa Estarelles Tronchoni, coneguda entre les seues m\u00e9s reunits com Paquita, <a class=\"mh-excerpt-more\" href=\"https:\/\/tucomarca.whitekongsoftware.com\/ca\/solliciten-collaboracio-ciutadana-en-la-cerca-de-paquita-la-dona-desapareguda-entre-alboraig-i-turis\/\" title=\"Sol\u00b7liciten col\u00b7laboraci\u00f3 ciutadana en la cerca de Paquita, la dona desapareguda entre Alboraig i Tur\u00eds\">[+] <\/a><\/div>\n","protected":false},"author":12,"featured_media":225640,"comment_status":"open","ping_status":"open","sticky":false,"template":"","format":"standard","meta":{"footnotes":""},"categories":[10973,10894,10904,10912,10902,10896,10897,11047],"tags":[11224,10914,11356,11093],"class_list":["post-225647","post","type-post","status-publish","format-standard","has-post-thumbnail","category-alborache-ca","category-la-comarca-ca","category-sin-categorizar-ca","category-la-hoya-ca","category-la-ribera-ca","category-seccion-ca","category-sucesos-la-comarca-ca","category-turis-ca","tag-alborache-ca","tag-la-hoya-de-bunol-chiva-ca","tag-ribera-alta-ca","tag-turis-ca"],"_links":{"self":[{"href":"https:\/\/tucomarca.whitekongsoftware.com\/ca\/wp-json\/wp\/v2\/posts\/225647","targetHints":{"allow":["GET"]}}],"collection":[{"href":"https:\/\/tucomarca.whitekongsoftware.com\/ca\/wp-json\/wp\/v2\/posts"}],"about":[{"href":"https:\/\/tucomarca.whitekongsoftware.com\/ca\/wp-json\/wp\/v2\/types\/post"}],"author":[{"embeddable":true,"href":"https:\/\/tucomarca.whitekongsoftware.com\/ca\/wp-json\/wp\/v2\/users\/12"}],"replies":[{"embeddable":true,"href":"https:\/\/tucomarca.whitekongsoftware.com\/ca\/wp-json\/wp\/v2\/comments?post=225647"}],"version-history":[{"count":0,"href":"https:\/\/tucomarca.whitekongsoftware.com\/ca\/wp-json\/wp\/v2\/posts\/225647\/revisions"}],"wp:featuredmedia":[{"embeddable":true,"href":"https:\/\/tucomarca.whitekongsoftware.com\/ca\/wp-json\/wp\/v2\/media\/225640"}],"wp:attachment":[{"href":"https:\/\/tucomarca.whitekongsoftware.com\/ca\/wp-json\/wp\/v2\/media?parent=225647"}],"wp:term":[{"taxonomy":"category","embeddable":true,"href":"https:\/\/tucomarca.whitekongsoftware.com\/ca\/wp-json\/wp\/v2\/categories?post=225647"},{"taxonomy":"post_tag","embeddable":true,"href":"https:\/\/tucomarca.whitekongsoftware.com\/ca\/wp-json\/wp\/v2\/tags?post=225647"}],"curies":[{"name":"wp","href":"https:\/\/api.w.org\/{rel}","templated":true}]}}