{"id":225626,"date":"2024-06-06T09:00:00","date_gmt":"2024-06-06T07:00:00","guid":{"rendered":"https:\/\/www.tucomarca.com\/wordpress\/segunda\/?p=225626"},"modified":"2024-06-06T13:17:18","modified_gmt":"2024-06-06T11:17:18","slug":"lajuntament-dutiel-convoca-beques-per-a-estudiants-utielanos-a-traves-del-programa-utiel-jo-b","status":"publish","type":"post","link":"https:\/\/tucomarca.whitekongsoftware.com\/ca\/lajuntament-dutiel-convoca-beques-per-a-estudiants-utielanos-a-traves-del-programa-utiel-jo-b\/","title":{"rendered":"L&#8217;Ajuntament d&#8217;Utiel convoca beques per a estudiants utielanos a trav\u00e9s del programa \u201cUtiel JO-B\u201d"},"content":{"rendered":"\n<h3 class=\"wp-block-heading\">De l&#8217;1 de juliol al 31 d&#8217;agost, els interessats\/as podran realitzar pr\u00e0ctiques formatives com a monitors de l&#8217;escola d&#8217;estiu i socorrista.<\/h3>\n\n\n\n<h3 class=\"wp-block-heading\">El termini de presentaci\u00f3 de sol\u00b7licituds comen\u00e7a dem\u00e0, 7 de juny i finalitza dijous que ve 13 de juny.<\/h3>\n\n\n\n<p class=\"wp-block-paragraph\">L&#8217;Ajuntament d&#8217;Utiel convoca el programa de pr\u00e0ctiques remunerades dirigides a estudiants utielanos sota el nom \u201c Utiel JO-B\u201d ( JO \u2013 Joves \/ B- Becaris \u2013JOB \u2013 Acc\u00e9s al treball).<br>En concret es convoquen 4 places de pr\u00e0ctiques formatives dirigides a estudiants empadronats a Utiel que ocuparan posats com a monitors\/as de l&#8217;Escola d&#8217;Estiu d&#8217;Utiel i socorrista.<br>L&#8217;objectiu principal d&#8217;aquest programa \u00e9s facilitar a joves del municipi l&#8217;acc\u00e9s al m\u00f3n laboral amb aquestes primera presa de contacte que els permetr\u00e0 portar a la pr\u00e0ctica la teoria adquirida al llarg de la seua formaci\u00f3 en un entorn pr\u00f2xim.<br><strong>Beques: Llocs i duraci\u00f3<\/strong><br>Els interessats\/a podran optar a aquestes beques , 3 dirigides a monitors d&#8217;Escola d&#8217;Estiu i 1 per a lloc de socorrista, que compten amb una duraci\u00f3 de 2 mesos, de l&#8217;1 de juliol al 31 d&#8217;agost de 2024, i estan remunerades amb un 500\u20ac bruts al mes.<br>Beneficiaris\/as<br>Per a accedir a aquest programa els sol\u00b7licitants han de ser majors d&#8217;edat, estar empadronats en el municipi d&#8217;Utiel i trobar-se cursant ensenyaments oficials de cicles formatius d&#8217;FP o Ensenyaments Universitaris vinculats a les places oferides. Tamb\u00e9 podran optar a aquestes pr\u00e0ctiques remunerades els estudiants que realitzen m\u00e0ster oficial impartit per les Universitats en les branques detallades en les bases.<br>Entre els criteris de selecci\u00f3 es tindr\u00e0 en compte l&#8217;expedient acad\u00e8mic, la formaci\u00f3 complement\u00e0ria relacionada amb les titulacions exigides o la situaci\u00f3 socioecon\u00f2mica dels sol\u00b7licitants.<br><strong>Sol\u00b7licituds<\/strong><br>El termini de presentaci\u00f3 de sol\u00b7licituds comen\u00e7a dem\u00e0, 7 de juny i finalitza dijous que ve 13 de juny.<br>Els interessats\/as poden formalitzar les sol\u00b7licituds telem\u00e0ticament en la seu electr\u00f2nica de l&#8217;Ajuntament d&#8217;Utiel a trav\u00e9s del tr\u00e0mit espec\u00edfic \u201cUtiel JO-B\u201d 2024 o de manera presencial mitjan\u00e7ant registre d&#8217;entrada (SAIC \u2013 Ajuntament d&#8217;Utiel).<br>Informaci\u00f3 completa en www.utiel.es<\/p>\n","protected":false},"excerpt":{"rendered":"<div class=\"mh-excerpt\">De l&#8217;1 de juliol al 31 d&#8217;agost, els interessats\/as podran realitzar pr\u00e0ctiques formatives com a monitors de l&#8217;escola d&#8217;estiu i socorrista. El termini de presentaci\u00f3 de sol\u00b7licituds comen\u00e7a dem\u00e0, 7 de juny i finalitza dijous <a class=\"mh-excerpt-more\" href=\"https:\/\/tucomarca.whitekongsoftware.com\/ca\/lajuntament-dutiel-convoca-beques-per-a-estudiants-utielanos-a-traves-del-programa-utiel-jo-b\/\" title=\"L&#8217;Ajuntament d&#8217;Utiel convoca beques per a estudiants utielanos a trav\u00e9s del programa \u201cUtiel JO-B\u201d\">[+] <\/a><\/div>\n","protected":false},"author":12,"featured_media":225625,"comment_status":"open","ping_status":"open","sticky":false,"template":"","format":"standard","meta":{"footnotes":""},"categories":[10948,10894,10947,10909,10896,11059],"tags":[11456,10910],"class_list":["post-225626","post","type-post","status-publish","format-standard","has-post-thumbnail","category-infraestructuras-ca","category-la-comarca-ca","category-politica","category-requena-utiel-ca","category-seccion-ca","category-utiel-ca","tag-ayuntamiento-de-utiel-ca","tag-requena-utiel-ca"],"_links":{"self":[{"href":"https:\/\/tucomarca.whitekongsoftware.com\/ca\/wp-json\/wp\/v2\/posts\/225626","targetHints":{"allow":["GET"]}}],"collection":[{"href":"https:\/\/tucomarca.whitekongsoftware.com\/ca\/wp-json\/wp\/v2\/posts"}],"about":[{"href":"https:\/\/tucomarca.whitekongsoftware.com\/ca\/wp-json\/wp\/v2\/types\/post"}],"author":[{"embeddable":true,"href":"https:\/\/tucomarca.whitekongsoftware.com\/ca\/wp-json\/wp\/v2\/users\/12"}],"replies":[{"embeddable":true,"href":"https:\/\/tucomarca.whitekongsoftware.com\/ca\/wp-json\/wp\/v2\/comments?post=225626"}],"version-history":[{"count":0,"href":"https:\/\/tucomarca.whitekongsoftware.com\/ca\/wp-json\/wp\/v2\/posts\/225626\/revisions"}],"wp:featuredmedia":[{"embeddable":true,"href":"https:\/\/tucomarca.whitekongsoftware.com\/ca\/wp-json\/wp\/v2\/media\/225625"}],"wp:attachment":[{"href":"https:\/\/tucomarca.whitekongsoftware.com\/ca\/wp-json\/wp\/v2\/media?parent=225626"}],"wp:term":[{"taxonomy":"category","embeddable":true,"href":"https:\/\/tucomarca.whitekongsoftware.com\/ca\/wp-json\/wp\/v2\/categories?post=225626"},{"taxonomy":"post_tag","embeddable":true,"href":"https:\/\/tucomarca.whitekongsoftware.com\/ca\/wp-json\/wp\/v2\/tags?post=225626"}],"curies":[{"name":"wp","href":"https:\/\/api.w.org\/{rel}","templated":true}]}}