{"id":225520,"date":"2024-06-05T13:00:00","date_gmt":"2024-06-05T11:00:00","guid":{"rendered":"https:\/\/www.tucomarca.com\/wordpress\/segunda\/?p=225520"},"modified":"2024-06-05T14:31:20","modified_gmt":"2024-06-05T12:31:20","slug":"la-mancomunitat-de-linterior-tierra-del-vino-organitza-tallers-dautocures-dirigides-a-familiars-i-persones-cuidadores","status":"publish","type":"post","link":"https:\/\/tucomarca.whitekongsoftware.com\/ca\/la-mancomunitat-de-linterior-tierra-del-vino-organitza-tallers-dautocures-dirigides-a-familiars-i-persones-cuidadores\/","title":{"rendered":"La Mancomunitat de l&#8217;Interior Tierra del Vino organitza tallers d&#8217;autocures dirigides a familiars i persones cuidadores"},"content":{"rendered":"\n<p class=\"wp-block-paragraph\">L&#8217;objectiu \u00e9s poder oferir eines a les persones cuidadores de persones dependents per a evitar la sobrec\u00e0rrega emocional i l&#8217;aparici\u00f3 de conflictes, aix\u00ed com per a contribuir a millorar la seua qualitat de vida<br>L&#8217;equip de Serveis Socials d&#8217;Atenci\u00f3 prim\u00e0ria de car\u00e0cter b\u00e0sic de la Mancomunitat de l&#8217;Interior Tierra del Vino (MITV) organitza uns tallers d&#8217;autocures, \u201cPer a cuidar, cuida&#8217;t\u201d, dirigits a familiars i persones cuidadores de persones dependents, dins del Programa d&#8217;atenci\u00f3 a la diversitat funcional.<br>L&#8217;objectiu \u00e9s poder oferir eines a les persones cuidadores per a evitar la sobrec\u00e0rrega emocional i l&#8217;aparici\u00f3 de conflictes, aix\u00ed com per a contribuir a millorar la seua qualitat de vida. A trav\u00e9s de l&#8217;autocura augmenten les capacitats i fortaleses de les persones per a poder afrontar amb millor actitud les situacions de cura d&#8217;altres persones, millorant aix\u00ed la seua motivaci\u00f3 personal com a persona cuidadora i garantint amb aix\u00f2 una millor la qualitat de les cures que presten.<br>El taller ser\u00e0 impartit per Clara Mar\u00ed Albert, psic\u00f2loga sanit\u00e0ria especialista en neuropsicologia, i se celebrar\u00e0 en els diferents municipis integrants de la MITV:<br>11 de juny, a les 17 hores, a Sinarques (Sal\u00f3 de Plens de l&#8217;Ajuntament)<br>13 de juny, a les 17.30 hores, a Venta del Moro (Casa de Cultura)<br>14 de juny, a les 11 hores, a Caudete de las Fuentes (Biblioteca Municipal)<br>18 de juny, a les 17 hores, a Xera (Sal\u00f3 de Plens de l&#8217;Ajuntament)<br>20 de juny, a les 17.30 hores, a Villargordo del Cabriel (Sal\u00f3 de Plens de l&#8217;Ajuntament)<br>25 de juny, a les 17 hores, a Fuenterrobles (sota del Sal\u00f3 Cultural)<br>27 de juny, a les 17 hores, a Camporrobles (Sala d&#8217;actes)<\/p>\n","protected":false},"excerpt":{"rendered":"<div class=\"mh-excerpt\">L&#8217;objectiu \u00e9s poder oferir eines a les persones cuidadores de persones dependents per a evitar la sobrec\u00e0rrega emocional i l&#8217;aparici\u00f3 de conflictes, aix\u00ed com per a contribuir a millorar la seua qualitat de vidaL&#8217;equip de <a class=\"mh-excerpt-more\" href=\"https:\/\/tucomarca.whitekongsoftware.com\/ca\/la-mancomunitat-de-linterior-tierra-del-vino-organitza-tallers-dautocures-dirigides-a-familiars-i-persones-cuidadores\/\" title=\"La Mancomunitat de l&#8217;Interior Tierra del Vino organitza tallers d&#8217;autocures dirigides a familiars i persones cuidadores\">[+] <\/a><\/div>\n","protected":false},"author":12,"featured_media":225519,"comment_status":"open","ping_status":"open","sticky":false,"template":"","format":"standard","meta":{"footnotes":""},"categories":[11019,11010,10948,10894,10909,10896,11059],"tags":[12387,15126,11099,10910],"class_list":["post-225520","post","type-post","status-publish","format-standard","has-post-thumbnail","category-agenda-ca","category-canal-salud","category-infraestructuras-ca","category-la-comarca-ca","category-requena-utiel-ca","category-seccion-ca","category-utiel-ca","tag-mancomunidad-del-interior-tierra-del-vino-ca","tag-mitv-ca","tag-requena-ca","tag-requena-utiel-ca"],"_links":{"self":[{"href":"https:\/\/tucomarca.whitekongsoftware.com\/ca\/wp-json\/wp\/v2\/posts\/225520","targetHints":{"allow":["GET"]}}],"collection":[{"href":"https:\/\/tucomarca.whitekongsoftware.com\/ca\/wp-json\/wp\/v2\/posts"}],"about":[{"href":"https:\/\/tucomarca.whitekongsoftware.com\/ca\/wp-json\/wp\/v2\/types\/post"}],"author":[{"embeddable":true,"href":"https:\/\/tucomarca.whitekongsoftware.com\/ca\/wp-json\/wp\/v2\/users\/12"}],"replies":[{"embeddable":true,"href":"https:\/\/tucomarca.whitekongsoftware.com\/ca\/wp-json\/wp\/v2\/comments?post=225520"}],"version-history":[{"count":0,"href":"https:\/\/tucomarca.whitekongsoftware.com\/ca\/wp-json\/wp\/v2\/posts\/225520\/revisions"}],"wp:featuredmedia":[{"embeddable":true,"href":"https:\/\/tucomarca.whitekongsoftware.com\/ca\/wp-json\/wp\/v2\/media\/225519"}],"wp:attachment":[{"href":"https:\/\/tucomarca.whitekongsoftware.com\/ca\/wp-json\/wp\/v2\/media?parent=225520"}],"wp:term":[{"taxonomy":"category","embeddable":true,"href":"https:\/\/tucomarca.whitekongsoftware.com\/ca\/wp-json\/wp\/v2\/categories?post=225520"},{"taxonomy":"post_tag","embeddable":true,"href":"https:\/\/tucomarca.whitekongsoftware.com\/ca\/wp-json\/wp\/v2\/tags?post=225520"}],"curies":[{"name":"wp","href":"https:\/\/api.w.org\/{rel}","templated":true}]}}