{"id":225491,"date":"2024-06-05T12:30:00","date_gmt":"2024-06-05T10:30:00","guid":{"rendered":"https:\/\/www.tucomarca.com\/wordpress\/segunda\/?p=225491"},"modified":"2024-06-05T13:34:11","modified_gmt":"2024-06-05T11:34:11","slug":"godelleta-organitza-una-jornada-de-conscienciacio-de-recollida-i-neteja-de-fem-en-entorns-naturals","status":"publish","type":"post","link":"https:\/\/tucomarca.whitekongsoftware.com\/ca\/godelleta-organitza-una-jornada-de-conscienciacio-de-recollida-i-neteja-de-fem-en-entorns-naturals\/","title":{"rendered":"Godelleta organitza una jornada de conscienciaci\u00f3 de recollida i neteja de fem en entorns naturals"},"content":{"rendered":"\n<h3 class=\"wp-block-heading\">L&#8217;activitat va tindre lloc dissabte passat 1 de juny en Albereda de Calicanto.<\/h3>\n\n\n\n<p class=\"wp-block-paragraph\">Dissabte passat 1 de juny va tindre lloc una jornada de conscienciaci\u00f3 de recollida i neteja de fem en algunes zones d&#8217;Albereda de Calicanto, a Godelleta. \u201cUna activitat totalment gratu\u00efta amb l&#8217;objectiu de sensibilitzar a la poblaci\u00f3 sobre la import\u00e0ncia de cuidar el nostre entorn i previndre la contaminaci\u00f3\u201d, afirma Amparo Pardo, l&#8217;alcaldessa de Godelleta.<\/p>\n\n\n\n<p class=\"wp-block-paragraph\">L&#8217;obertura va ser una xarrada informativa sobre l&#8217;impacte que tenen els pl\u00e0stics i altres residus en la naturalesa de m\u00e0 de Jose Vicente Vega, ge\u00f2graf ambiental i t\u00e8cnic forestal. Les persones que van acudir a l&#8217;activitat van poder con\u00e9ixer de primera m\u00e0 com afecta el fem en els nostres ecosistemes i la import\u00e0ncia de reduir, reutilitzar i reciclar.<\/p>\n\n\n\n<p class=\"wp-block-paragraph\">Despr\u00e9s de la xarrada, es va dur a terme la neteja i recollida de fem \u201cen diferents zones verdes de la urbanitzaci\u00f3 d&#8217;Albereda de Calicanto, per\u00f2 pr\u00f2ximament s&#8217;emportar\u00e0 l&#8217;activitat a altres urbanitzacions i paratges de Godelleta\u201d, destaca Amparo Pardo. Per a finalitzar, es va realitzar la plantaci\u00f3 de dos arbres, un om, un clon del projecte LIFE &#8220;Olmos Vius&#8221; resistent a grafiosis, cedit per la EVER Requena i que prov\u00e9 del Centre Nacional de Recursos Gen\u00e8tics Forestals i un almez, tamb\u00e9 cedit per EVER Requena. Tot aix\u00f2 com a s\u00edmbol de comprom\u00eds amb la conservaci\u00f3 de la biodiversitat.<\/p>\n\n\n\n<figure class=\"wp-block-gallery has-nested-images columns-2 is-cropped wp-block-gallery-1 is-layout-flex wp-block-gallery-is-layout-flex\">\n<figure class=\"wp-block-image size-large\"><img loading=\"lazy\" decoding=\"async\" width=\"886\" height=\"499\" data-id=\"225486\" src=\"https:\/\/www.tucomarca.com\/wordpress\/segunda\/wp-content\/uploads\/2024\/06\/GodelletaBasuraleza02.jpg\" alt=\"\" class=\"wp-image-225486\" srcset=\"https:\/\/tucomarca.whitekongsoftware.com\/wp-content\/uploads\/2024\/06\/GodelletaBasuraleza02.jpg 886w, https:\/\/tucomarca.whitekongsoftware.com\/wp-content\/uploads\/2024\/06\/GodelletaBasuraleza02-300x169.jpg 300w, https:\/\/tucomarca.whitekongsoftware.com\/wp-content\/uploads\/2024\/06\/GodelletaBasuraleza02-768x433.jpg 768w, https:\/\/tucomarca.whitekongsoftware.com\/wp-content\/uploads\/2024\/06\/GodelletaBasuraleza02-678x381.jpg 678w\" sizes=\"auto, (max-width: 886px) 100vw, 886px\" \/><\/figure>\n\n\n\n<figure class=\"wp-block-image size-large\"><img loading=\"lazy\" decoding=\"async\" width=\"886\" height=\"499\" data-id=\"225484\" src=\"https:\/\/www.tucomarca.com\/wordpress\/segunda\/wp-content\/uploads\/2024\/06\/GodelletaBasuraleza01.jpg\" alt=\"\" class=\"wp-image-225484\" srcset=\"https:\/\/tucomarca.whitekongsoftware.com\/wp-content\/uploads\/2024\/06\/GodelletaBasuraleza01.jpg 886w, https:\/\/tucomarca.whitekongsoftware.com\/wp-content\/uploads\/2024\/06\/GodelletaBasuraleza01-300x169.jpg 300w, https:\/\/tucomarca.whitekongsoftware.com\/wp-content\/uploads\/2024\/06\/GodelletaBasuraleza01-768x433.jpg 768w, https:\/\/tucomarca.whitekongsoftware.com\/wp-content\/uploads\/2024\/06\/GodelletaBasuraleza01-678x381.jpg 678w\" sizes=\"auto, (max-width: 886px) 100vw, 886px\" \/><\/figure>\n\n\n\n<figure class=\"wp-block-image size-large\"><img loading=\"lazy\" decoding=\"async\" width=\"886\" height=\"499\" data-id=\"225488\" src=\"https:\/\/www.tucomarca.com\/wordpress\/segunda\/wp-content\/uploads\/2024\/06\/GodelletaBasuraleza03.jpg\" alt=\"\" class=\"wp-image-225488\" srcset=\"https:\/\/tucomarca.whitekongsoftware.com\/wp-content\/uploads\/2024\/06\/GodelletaBasuraleza03.jpg 886w, https:\/\/tucomarca.whitekongsoftware.com\/wp-content\/uploads\/2024\/06\/GodelletaBasuraleza03-300x169.jpg 300w, https:\/\/tucomarca.whitekongsoftware.com\/wp-content\/uploads\/2024\/06\/GodelletaBasuraleza03-768x433.jpg 768w, https:\/\/tucomarca.whitekongsoftware.com\/wp-content\/uploads\/2024\/06\/GodelletaBasuraleza03-678x381.jpg 678w\" sizes=\"auto, (max-width: 886px) 100vw, 886px\" \/><\/figure>\n<\/figure>\n\n\n\n<p class=\"wp-block-paragraph\">Es va poder recollir gran part del fem que es trobava en les zones i, a m\u00e9s, es va acabar separant les restes per als diferents contenidors i aprofitant el ecom\u00f3vil habilitat, promovent aix\u00ed la pr\u00e0ctica de reciclar en tot moment. \u201cVa ser un mat\u00ed dedicat a cura de la nostra naturalesa i on vam poder conscienciar a la ciutadania no sols de mantindre nets els nostres paratges, sin\u00f3 de dur a terme iniciatives per a regenerar els nostres boscos\u201d, conclou l&#8217;alcaldessa.<\/p>\n","protected":false},"excerpt":{"rendered":"<div class=\"mh-excerpt\">L&#8217;activitat va tindre lloc dissabte passat 1 de juny en Albereda de Calicanto. Dissabte passat 1 de juny va tindre lloc una jornada de conscienciaci\u00f3 de recollida i neteja de fem en algunes zones d&#8217;Albereda <a class=\"mh-excerpt-more\" href=\"https:\/\/tucomarca.whitekongsoftware.com\/ca\/godelleta-organitza-una-jornada-de-conscienciacio-de-recollida-i-neteja-de-fem-en-entorns-naturals\/\" title=\"Godelleta organitza una jornada de conscienciaci\u00f3 de recollida i neteja de fem en entorns naturals\">[+] <\/a><\/div>\n","protected":false},"author":12,"featured_media":225483,"comment_status":"open","ping_status":"open","sticky":false,"template":"","format":"gallery","meta":{"footnotes":""},"categories":[10977,10948,10894,10912,10903,10947,10896],"tags":[11087,10914],"class_list":["post-225491","post","type-post","status-publish","format-gallery","has-post-thumbnail","category-godelleta-ca","category-infraestructuras-ca","category-la-comarca-ca","category-la-hoya-ca","category-medio-ambiente-la-comarca-ca","category-politica","category-seccion-ca","tag-godelleta-ca","tag-la-hoya-de-bunol-chiva-ca","post_format-post-format-gallery"],"_links":{"self":[{"href":"https:\/\/tucomarca.whitekongsoftware.com\/ca\/wp-json\/wp\/v2\/posts\/225491","targetHints":{"allow":["GET"]}}],"collection":[{"href":"https:\/\/tucomarca.whitekongsoftware.com\/ca\/wp-json\/wp\/v2\/posts"}],"about":[{"href":"https:\/\/tucomarca.whitekongsoftware.com\/ca\/wp-json\/wp\/v2\/types\/post"}],"author":[{"embeddable":true,"href":"https:\/\/tucomarca.whitekongsoftware.com\/ca\/wp-json\/wp\/v2\/users\/12"}],"replies":[{"embeddable":true,"href":"https:\/\/tucomarca.whitekongsoftware.com\/ca\/wp-json\/wp\/v2\/comments?post=225491"}],"version-history":[{"count":0,"href":"https:\/\/tucomarca.whitekongsoftware.com\/ca\/wp-json\/wp\/v2\/posts\/225491\/revisions"}],"wp:featuredmedia":[{"embeddable":true,"href":"https:\/\/tucomarca.whitekongsoftware.com\/ca\/wp-json\/wp\/v2\/media\/225483"}],"wp:attachment":[{"href":"https:\/\/tucomarca.whitekongsoftware.com\/ca\/wp-json\/wp\/v2\/media?parent=225491"}],"wp:term":[{"taxonomy":"category","embeddable":true,"href":"https:\/\/tucomarca.whitekongsoftware.com\/ca\/wp-json\/wp\/v2\/categories?post=225491"},{"taxonomy":"post_tag","embeddable":true,"href":"https:\/\/tucomarca.whitekongsoftware.com\/ca\/wp-json\/wp\/v2\/tags?post=225491"}],"curies":[{"name":"wp","href":"https:\/\/api.w.org\/{rel}","templated":true}]}}