{"id":225395,"date":"2024-06-06T09:30:00","date_gmt":"2024-06-06T07:30:00","guid":{"rendered":"https:\/\/www.tucomarca.com\/wordpress\/segunda\/?p=225395"},"modified":"2024-06-06T09:38:39","modified_gmt":"2024-06-06T07:38:39","slug":"tot-llest-per-a-la-xvii-fira-del-comerc-de-bunyol-que-se-celebra-aquest-proxim-cap-de-setmana","status":"publish","type":"post","link":"https:\/\/tucomarca.whitekongsoftware.com\/ca\/tot-llest-per-a-la-xvii-fira-del-comerc-de-bunyol-que-se-celebra-aquest-proxim-cap-de-setmana\/","title":{"rendered":"Tot llest per a la XVII Fira del Comer\u00e7 de Bunyol que se celebra aquest pr\u00f2xim cap de setmana"},"content":{"rendered":"\n<p class=\"wp-block-paragraph\">Bunyol es prepara per a rebre la XVII Fira del Comer\u00e7, un esdeveniment que promet dinamitzar l&#8217;economia local i oferir als visitants una variada oferta de productes i serveis. La fira es dur\u00e0 a terme en El Planell, oferint a comerciants i emprenedors una plataforma per a mostrar els seus productes i connectar-se amb la poblaci\u00f3.<\/p>\n\n\n<div class=\"wp-block-image\">\n<figure class=\"alignleft size-full is-resized\"><img loading=\"lazy\" decoding=\"async\" width=\"356\" height=\"394\" src=\"http:\/\/www.tucomarca.com\/wordpress\/segunda\/wp-content\/uploads\/2024\/06\/PedroRubio.jpg\" alt=\"\" class=\"wp-image-225386\" style=\"width:149px;height:auto\" srcset=\"https:\/\/tucomarca.whitekongsoftware.com\/wp-content\/uploads\/2024\/06\/PedroRubio.jpg 356w, https:\/\/tucomarca.whitekongsoftware.com\/wp-content\/uploads\/2024\/06\/PedroRubio-271x300.jpg 271w\" sizes=\"auto, (max-width: 356px) 100vw, 356px\" \/><\/figure>\n<\/div>\n\n\n<p class=\"wp-block-paragraph\">Pedro Rubio Galarza, president de l&#8217;Associaci\u00f3 de Comerciants i Empresaris de Bunyol (ACEB) explica que \u201cdes de l&#8217;associaci\u00f3 s&#8217;ha treballat \u00e0rduament en l&#8217;organitzaci\u00f3 d&#8217;aquesta edici\u00f3, assegurant una \u00e0mplia participaci\u00f3 i una experi\u00e8ncia enriquidora per a tots els assistents\u201d. \u201cLa fira comptar\u00e0 amb 33 comer\u00e7os amb estand en 44 casetes i alguns m\u00e9s en carpes fins a completar uns 50 participants, hi haur\u00e0 expositors de moda i accessoris, gastronomia i tecnologia, productes d&#8217;alimentaci\u00f3, destacant la diversitat i qualitat del comer\u00e7 local\u201d, afig Rubio.<\/p>\n\n\n<div class=\"wp-block-image\">\n<figure class=\"alignleft size-large is-resized\"><img loading=\"lazy\" decoding=\"async\" width=\"728\" height=\"1024\" src=\"http:\/\/www.tucomarca.com\/wordpress\/segunda\/wp-content\/uploads\/2024\/05\/BunolFeriaComercio2-728x1024.jpg\" alt=\"\" class=\"wp-image-224072\" style=\"width:374px;height:auto\" srcset=\"https:\/\/tucomarca.whitekongsoftware.com\/wp-content\/uploads\/2024\/05\/BunolFeriaComercio2-728x1024.jpg 728w, https:\/\/tucomarca.whitekongsoftware.com\/wp-content\/uploads\/2024\/05\/BunolFeriaComercio2-213x300.jpg 213w, https:\/\/tucomarca.whitekongsoftware.com\/wp-content\/uploads\/2024\/05\/BunolFeriaComercio2-768x1081.jpg 768w, https:\/\/tucomarca.whitekongsoftware.com\/wp-content\/uploads\/2024\/05\/BunolFeriaComercio2.jpg 886w\" sizes=\"auto, (max-width: 728px) 100vw, 728px\" \/><\/figure>\n<\/div>\n\n\n<p class=\"wp-block-paragraph\">A m\u00e9s de les oportunitats de compres, la XVII Fira del Comer\u00e7 de Bunyol oferir\u00e0 activitats per a tota la fam\u00edlia. \u201cEl dissabte a la nit hi haur\u00e0 una discom\u00f3vil de remember amb els coneguts dj\u2019s, Rafa Gemelo i Vicente Buitr\u00f3n. Durant tot el cap de setmana es podran trobar tallers per a xiquets, degustacions de productes locals, de c\u00f2ctels, tast de vi de la DO Utiel-Requena, de cerveses, una m\u00e0ster class de tallador de pernil, taller de cuina, entre moltes altres, aix\u00ed com sortejos amb atractius premis i els passejos per Bunyol amb el popular trenet tur\u00edstic. Tot aix\u00f2 en un ambient festiu i acollidor, que busca enfortir el vincle entre els comerciants i la poblaci\u00f3\u201d, finalitza Pedro Rubio.<\/p>\n\n\n\n<p class=\"wp-block-paragraph\">La fira \u00e9s una excel\u00b7lent oportunitat per a fer costat als negocis locals, descobrir novetats i gaudir d&#8217;un cap de setmana diferent a Bunyol. L&#8217;Ajuntament de Bunyol i la ACEB, convida a tots els ve\u00efns i visitants a participar i gaudir d&#8217;aquesta celebraci\u00f3 del comer\u00e7 local.<\/p>\n\n\n\n<figure class=\"wp-block-gallery has-nested-images columns-1 is-cropped wp-block-gallery-1 is-layout-flex wp-block-gallery-is-layout-flex\">\n<figure class=\"wp-block-image size-large\"><img loading=\"lazy\" decoding=\"async\" width=\"1024\" height=\"726\" data-id=\"224077\" src=\"https:\/\/www.tucomarca.com\/wordpress\/segunda\/wp-content\/uploads\/2024\/05\/IMG-20240522-WA0020-1024x726.jpg\" alt=\"\" class=\"wp-image-224077\" srcset=\"https:\/\/tucomarca.whitekongsoftware.com\/wp-content\/uploads\/2024\/05\/IMG-20240522-WA0020-1024x726.jpg 1024w, https:\/\/tucomarca.whitekongsoftware.com\/wp-content\/uploads\/2024\/05\/IMG-20240522-WA0020-300x213.jpg 300w, https:\/\/tucomarca.whitekongsoftware.com\/wp-content\/uploads\/2024\/05\/IMG-20240522-WA0020-768x545.jpg 768w, https:\/\/tucomarca.whitekongsoftware.com\/wp-content\/uploads\/2024\/05\/IMG-20240522-WA0020-1536x1090.jpg 1536w, https:\/\/tucomarca.whitekongsoftware.com\/wp-content\/uploads\/2024\/05\/IMG-20240522-WA0020.jpg 1600w\" sizes=\"auto, (max-width: 1024px) 100vw, 1024px\" \/><\/figure>\n\n\n\n<figure class=\"wp-block-image size-large\"><img loading=\"lazy\" decoding=\"async\" width=\"1024\" height=\"727\" data-id=\"225391\" src=\"http:\/\/www.tucomarca.com\/wordpress\/segunda\/wp-content\/uploads\/2024\/06\/FeriaComercio-1024x727.jpg\" alt=\"\" class=\"wp-image-225391\" srcset=\"https:\/\/tucomarca.whitekongsoftware.com\/wp-content\/uploads\/2024\/06\/FeriaComercio-1024x727.jpg 1024w, https:\/\/tucomarca.whitekongsoftware.com\/wp-content\/uploads\/2024\/06\/FeriaComercio-300x213.jpg 300w, https:\/\/tucomarca.whitekongsoftware.com\/wp-content\/uploads\/2024\/06\/FeriaComercio-768x545.jpg 768w, https:\/\/tucomarca.whitekongsoftware.com\/wp-content\/uploads\/2024\/06\/FeriaComercio.jpg 1181w\" sizes=\"auto, (max-width: 1024px) 100vw, 1024px\" \/><\/figure>\n<\/figure>\n","protected":false},"excerpt":{"rendered":"<div class=\"mh-excerpt\">Bunyol es prepara per a rebre la XVII Fira del Comer\u00e7, un esdeveniment que promet dinamitzar l&#8217;economia local i oferir als visitants una variada oferta de productes i serveis. La fira es dur\u00e0 a terme <a class=\"mh-excerpt-more\" href=\"https:\/\/tucomarca.whitekongsoftware.com\/ca\/tot-llest-per-a-la-xvii-fira-del-comerc-de-bunyol-que-se-celebra-aquest-proxim-cap-de-setmana\/\" title=\"Tot llest per a la XVII Fira del Comer\u00e7 de Bunyol que se celebra aquest pr\u00f2xim cap de setmana\">[+] <\/a><\/div>\n","protected":false},"author":12,"featured_media":224067,"comment_status":"open","ping_status":"open","sticky":false,"template":"","format":"standard","meta":{"footnotes":""},"categories":[11019,10911,10894,10912,11007,10896],"tags":[10913,10914,20743],"class_list":["post-225395","post","type-post","status-publish","format-standard","has-post-thumbnail","category-agenda-ca","category-bunol-ca","category-la-comarca-ca","category-la-hoya-ca","category-ocio-y-cultura-ca","category-seccion-ca","tag-bunol-ca","tag-la-hoya-de-bunol-chiva-ca","tag-xvii-feria-de-comercio-de-bunol-ca"],"_links":{"self":[{"href":"https:\/\/tucomarca.whitekongsoftware.com\/ca\/wp-json\/wp\/v2\/posts\/225395","targetHints":{"allow":["GET"]}}],"collection":[{"href":"https:\/\/tucomarca.whitekongsoftware.com\/ca\/wp-json\/wp\/v2\/posts"}],"about":[{"href":"https:\/\/tucomarca.whitekongsoftware.com\/ca\/wp-json\/wp\/v2\/types\/post"}],"author":[{"embeddable":true,"href":"https:\/\/tucomarca.whitekongsoftware.com\/ca\/wp-json\/wp\/v2\/users\/12"}],"replies":[{"embeddable":true,"href":"https:\/\/tucomarca.whitekongsoftware.com\/ca\/wp-json\/wp\/v2\/comments?post=225395"}],"version-history":[{"count":0,"href":"https:\/\/tucomarca.whitekongsoftware.com\/ca\/wp-json\/wp\/v2\/posts\/225395\/revisions"}],"wp:featuredmedia":[{"embeddable":true,"href":"https:\/\/tucomarca.whitekongsoftware.com\/ca\/wp-json\/wp\/v2\/media\/224067"}],"wp:attachment":[{"href":"https:\/\/tucomarca.whitekongsoftware.com\/ca\/wp-json\/wp\/v2\/media?parent=225395"}],"wp:term":[{"taxonomy":"category","embeddable":true,"href":"https:\/\/tucomarca.whitekongsoftware.com\/ca\/wp-json\/wp\/v2\/categories?post=225395"},{"taxonomy":"post_tag","embeddable":true,"href":"https:\/\/tucomarca.whitekongsoftware.com\/ca\/wp-json\/wp\/v2\/tags?post=225395"}],"curies":[{"name":"wp","href":"https:\/\/api.w.org\/{rel}","templated":true}]}}