{"id":225201,"date":"2024-06-03T09:09:00","date_gmt":"2024-06-03T07:09:00","guid":{"rendered":"https:\/\/www.tucomarca.com\/wordpress\/segunda\/?p=225201"},"modified":"2024-06-03T18:38:47","modified_gmt":"2024-06-03T16:38:47","slug":"el-cea-de-requena-celebra-la-seua-fi-de-curs-en-el-teatre-principal-de-requena","status":"publish","type":"post","link":"https:\/\/tucomarca.whitekongsoftware.com\/ca\/el-cea-de-requena-celebra-la-seua-fi-de-curs-en-el-teatre-principal-de-requena\/","title":{"rendered":"El CEA de Requena celebra la seua fi de curs en el Teatre Principal de Requena"},"content":{"rendered":"\n<p class=\"wp-block-paragraph\">El Centre d&#8217;Envelliment Actiu (CEA), de Requena, va celebrar l&#8217;esdeveniment de fi de curs en el Teatre Principal de Requena amb gran assist\u00e8ncia de p\u00fablic. <\/p>\n\n\n\n<p class=\"wp-block-paragraph\">Va haver-hi una representaci\u00f3 teatral, el lliurament de premis dels campionats celebrats en el centre, exhibicions de ball en l\u00ednia i l&#8217;actuaci\u00f3 de la coral, Majors amb Alegria, de Requena. Informa, <strong>Luis Ib\u00e1\u00f1ez.<\/strong><\/p>\n","protected":false},"excerpt":{"rendered":"<div class=\"mh-excerpt\">El Centre d&#8217;Envelliment Actiu (CEA), de Requena, va celebrar l&#8217;esdeveniment de fi de curs en el Teatre Principal de Requena amb gran assist\u00e8ncia de p\u00fablic. Va haver-hi una representaci\u00f3 teatral, el lliurament de premis dels <a class=\"mh-excerpt-more\" href=\"https:\/\/tucomarca.whitekongsoftware.com\/ca\/el-cea-de-requena-celebra-la-seua-fi-de-curs-en-el-teatre-principal-de-requena\/\" title=\"El CEA de Requena celebra la seua fi de curs en el Teatre Principal de Requena\">[+] <\/a><\/div>\n","protected":false},"author":12,"featured_media":225199,"comment_status":"open","ping_status":"open","sticky":false,"template":"","format":"image","meta":{"footnotes":""},"categories":[10894,11007,10908,10909,10896],"tags":[19327,11099,10910],"class_list":["post-225201","post","type-post","status-publish","format-image","has-post-thumbnail","category-la-comarca-ca","category-ocio-y-cultura-ca","category-requena-ca","category-requena-utiel-ca","category-seccion-ca","tag-cea-requena-ca","tag-requena-ca","tag-requena-utiel-ca","post_format-post-format-image"],"_links":{"self":[{"href":"https:\/\/tucomarca.whitekongsoftware.com\/ca\/wp-json\/wp\/v2\/posts\/225201","targetHints":{"allow":["GET"]}}],"collection":[{"href":"https:\/\/tucomarca.whitekongsoftware.com\/ca\/wp-json\/wp\/v2\/posts"}],"about":[{"href":"https:\/\/tucomarca.whitekongsoftware.com\/ca\/wp-json\/wp\/v2\/types\/post"}],"author":[{"embeddable":true,"href":"https:\/\/tucomarca.whitekongsoftware.com\/ca\/wp-json\/wp\/v2\/users\/12"}],"replies":[{"embeddable":true,"href":"https:\/\/tucomarca.whitekongsoftware.com\/ca\/wp-json\/wp\/v2\/comments?post=225201"}],"version-history":[{"count":0,"href":"https:\/\/tucomarca.whitekongsoftware.com\/ca\/wp-json\/wp\/v2\/posts\/225201\/revisions"}],"wp:featuredmedia":[{"embeddable":true,"href":"https:\/\/tucomarca.whitekongsoftware.com\/ca\/wp-json\/wp\/v2\/media\/225199"}],"wp:attachment":[{"href":"https:\/\/tucomarca.whitekongsoftware.com\/ca\/wp-json\/wp\/v2\/media?parent=225201"}],"wp:term":[{"taxonomy":"category","embeddable":true,"href":"https:\/\/tucomarca.whitekongsoftware.com\/ca\/wp-json\/wp\/v2\/categories?post=225201"},{"taxonomy":"post_tag","embeddable":true,"href":"https:\/\/tucomarca.whitekongsoftware.com\/ca\/wp-json\/wp\/v2\/tags?post=225201"}],"curies":[{"name":"wp","href":"https:\/\/api.w.org\/{rel}","templated":true}]}}