{"id":225154,"date":"2024-06-02T09:00:00","date_gmt":"2024-06-02T07:00:00","guid":{"rendered":"https:\/\/www.tucomarca.com\/wordpress\/segunda\/?p=225154"},"modified":"2024-06-02T18:22:38","modified_gmt":"2024-06-02T16:22:38","slug":"riba-roja-de-turia-destina-461-470-euros-per-a-rehabilitar-la-casa-de-ladvocat-del-segle-xviii-com-a-seu-del-museu-visigot-del-pla-de-nadal","status":"publish","type":"post","link":"https:\/\/tucomarca.whitekongsoftware.com\/ca\/riba-roja-de-turia-destina-461-470-euros-per-a-rehabilitar-la-casa-de-ladvocat-del-segle-xviii-com-a-seu-del-museu-visigot-del-pla-de-nadal\/","title":{"rendered":"Riba-roja de T\u00faria destina 461.470 euros per a rehabilitar la Casa de l&#8217;Advocat del segle XVIII com a seu del Museu Visigot del Pla de Nadal"},"content":{"rendered":"\n<h3 class=\"wp-block-heading\">La Junta de Govern aprova l&#8217;expedient administratiu per a contractar les obres de recuperaci\u00f3 i posada en valor d&#8217;aquest emblem\u00e0tic edifici municipal.<\/h3>\n\n\n\n<p class=\"wp-block-paragraph\">L&#8217;Ajuntament de Riba-roja de T\u00faria ha aprovat l&#8217;expedient administratiu per a la contractaci\u00f3 de les obres de recuperaci\u00f3 i posada en valor de la coneguda com a \u201cCasa de l&#8217;Advocat\u201d de la localitat per un valor de 461.471 euros en total, previ a la fase final d&#8217;adjudicaci\u00f3 d&#8217;aquestes. El projecte es troba en la seua primera fase d&#8217;execuci\u00f3 i est\u00e0 incl\u00f2s en el denominat Pla Conviure.<\/p>\n\n\n\n<p class=\"wp-block-paragraph\">La contractaci\u00f3 de les obres es duu a terme mitjan\u00e7ant un procediment obert, simplificat i amb diversos criteris d&#8217;adjudicaci\u00f3, amb la condici\u00f3 d&#8217;execuci\u00f3 de car\u00e0cter social i mediambiental, amb una especial dedicaci\u00f3 a l&#8217;Objectiu de Desenvolupament Sostenible (ODS) n\u00famero 11 sobre \u201cCiutats i comunitats sostenibles\u201d contingut en les bases reguladores d&#8217;aquest projecte.<\/p>\n\n\n\n<p class=\"wp-block-paragraph\">L&#8217;actuaci\u00f3 municipal adequar\u00e0 i convertir\u00e0 el denominat edifici \u201cCasa de l&#8217;Advocat\u201d, situada al carrer Garelli i Pastor, com a futura seu del museu visigot del Pla de Nadal de Riba-roja de T\u00faria, amb una exposici\u00f3 de la col\u00b7lecci\u00f3 arqueol\u00f2gica descoberta en aquest jaciment, aix\u00ed com un altre espai p\u00fablic habilitat a aquest efecte per a la interpretaci\u00f3 i l&#8217;estudi d&#8217;aquesta.<\/p>\n\n\n\n<p class=\"wp-block-paragraph\">L&#8217;expedient justifica l&#8217;exig\u00e8ncia de dur a terme aquest projecte \u201cen la necessitat d&#8217;habilitar un espai propi per a les restes arqueol\u00f2giques d&#8217;\u00e8poca visigoda trobats en la localitat i que es puguen acollir les futures troballes que es descobrisquen en les seg\u00fcents fases de l&#8217;excavaci\u00f3 del Pla de Nadal\u201d. A m\u00e9s, remarca que s&#8217;incorporen nous usos i espais al museu, amb una ampliaci\u00f3 de l&#8217;oferta actual en un espai com a punt de trobada social a Riba-roja de T\u00faria.<\/p>\n\n\n<div class=\"wp-block-image\">\n<figure class=\"alignleft size-large is-resized\"><img loading=\"lazy\" decoding=\"async\" width=\"768\" height=\"1024\" src=\"https:\/\/www.tucomarca.com\/wordpress\/segunda\/wp-content\/uploads\/2024\/06\/RibaCasaAdvocat3-768x1024.jpg\" alt=\"\" class=\"wp-image-225149\" style=\"width:395px;height:auto\" srcset=\"https:\/\/tucomarca.whitekongsoftware.com\/wp-content\/uploads\/2024\/06\/RibaCasaAdvocat3-768x1024.jpg 768w, https:\/\/tucomarca.whitekongsoftware.com\/wp-content\/uploads\/2024\/06\/RibaCasaAdvocat3-225x300.jpg 225w, https:\/\/tucomarca.whitekongsoftware.com\/wp-content\/uploads\/2024\/06\/RibaCasaAdvocat3.jpg 886w\" sizes=\"auto, (max-width: 768px) 100vw, 768px\" \/><\/figure>\n<\/div>\n\n\n<p class=\"wp-block-paragraph\">Cal recordar que la Casa de l&#8217;Advocat \u00e9s considerada com a B\u00e9 de Rellev\u00e0ncia Local, com a seu del Museu Visigot del Pla de Nadal (MUPLA), el Museu de Cer\u00e0mica del Castell (MUCA) i, finalment, la sala d&#8217;Estudis del Comte de Revillagigedo. La casa \u00e9s una antiga casa de planta baixa i dues altures que agafa el seu nom de l&#8217;hist\u00f2ric habitatge lligat al \u201cadvocat\u201d de Riba-roja de T\u00faria que se situa en ple centre hist\u00f2ric. L&#8217;habitatge ha estat en des\u00fas durant anys, si b\u00e9, tamb\u00e9, va ser utilitzat com a enclavament per a desenvolupar diverses escoles taller en la seua modalitat d&#8217;obra de paleta i construcci\u00f3.<\/p>\n\n\n\n<p class=\"wp-block-paragraph\">L&#8217;expedient de contractaci\u00f3 considera que aquest b\u00e9 arquitect\u00f2nic ha patit una gran quantitat de transformacions al llarg de la seua hist\u00f2ria que dificulten la comprensi\u00f3 dels seus espais, usos i materialitat, de manera que es fa imprescindible dur a terme el projecte de la forma m\u00e9s adequada possible amb l&#8217;objectiu de respectar l&#8217;arquitectura original i tots els aspectes relacionats amb el seu car\u00e0cter hist\u00f2ric.<\/p>\n\n\n\n<p class=\"wp-block-paragraph\">La partida pressupost\u00e0ria est\u00e0 englobada en el Pla anual de contractaci\u00f3 corresponent a l&#8217;exercici de 2024 mentre que s&#8217;ha fixat un termini d&#8217;execuci\u00f3 de 12 mesos des de la signatura de l&#8217;acta de comprovaci\u00f3 del replanteig. A m\u00e9s, es t\u00e9 en compte el codi \u00e8tic per a l&#8217;aplicaci\u00f3 de les mesures de compliance en la contractaci\u00f3 p\u00fablica duta a terme pel propi govern local.<\/p>\n\n\n\n<p class=\"wp-block-paragraph\">La Casa de l&#8217;Advocat va ser constru\u00efda entre finals del segle XVIII i el segle XIX amb una tipologia basada en les \u201ccases de poble senyorial\u201d, que es dirigien a fam\u00edlies amb un bon poder adquisitiu que es van comen\u00e7ar a al\u00e7ar en aquella \u00e8poca en ple barri antic de Riba-roja de T\u00faria. L&#8217;immoble hist\u00f2ric ha tingut una funci\u00f3, eminentment, residencial l&#8217;estat de conservaci\u00f3 de la qual fa necessari dur a terme aquesta actuaci\u00f3.<\/p>\n\n\n\n<p class=\"wp-block-paragraph\">L&#8217;alcalde de Riba-roja de T\u00faria, Robert Raga, ha afirmat que aquest projecte \u201c\u00e9s una mostra m\u00e9s de la sensibilitat cap al patrimoni hist\u00f2ric existent en el municipi i que tenim el deure i l&#8217;obligaci\u00f3 entre tots de recuperar-lo i rehabilitar-lo com un espai idoni perqu\u00e8 es puguen observar, tamb\u00e9, les restes arqueol\u00f2giques trobades durant molts anys en el jaciment del Pla de Nadal, una icona coneguda en tota la Comunitat Valenciana\u201d.<\/p>\n\n\n\n<p class=\"wp-block-paragraph\">Finalment, cal destacar que una de les sales d&#8217;aquest emblem\u00e0tic habitatge portar\u00e0 el nom de Conde de Revillagigedo per a l&#8217;estudi i an\u00e0lisi de la c\u00f2pia dels 8 segles d&#8217;hist\u00f2ria local continguts en les caixes que el comte va cedir a l&#8217;Ajuntament de Riba-roja de T\u00faria. L&#8217;objectiu del consistori passa per signar un conveni amb la Universitat de Val\u00e8ncia perqu\u00e8 els estudiants puguen analitzar el llegat rebut del comte.<\/p>\n","protected":false},"excerpt":{"rendered":"<div class=\"mh-excerpt\">La Junta de Govern aprova l&#8217;expedient administratiu per a contractar les obres de recuperaci\u00f3 i posada en valor d&#8217;aquest emblem\u00e0tic edifici municipal. L&#8217;Ajuntament de Riba-roja de T\u00faria ha aprovat l&#8217;expedient administratiu per a la contractaci\u00f3 <a class=\"mh-excerpt-more\" href=\"https:\/\/tucomarca.whitekongsoftware.com\/ca\/riba-roja-de-turia-destina-461-470-euros-per-a-rehabilitar-la-casa-de-ladvocat-del-segle-xviii-com-a-seu-del-museu-visigot-del-pla-de-nadal\/\" title=\"Riba-roja de T\u00faria destina 461.470 euros per a rehabilitar la Casa de l&#8217;Advocat del segle XVIII com a seu del Museu Visigot del Pla de Nadal\">[+] <\/a><\/div>\n","protected":false},"author":12,"featured_media":225153,"comment_status":"open","ping_status":"open","sticky":false,"template":"","format":"standard","meta":{"footnotes":""},"categories":[10892,10948,10894,11007,10947,10906,10896],"tags":[10899,20773,15024],"class_list":["post-225154","post","type-post","status-publish","format-standard","has-post-thumbnail","category-camp-de-turia-ca","category-infraestructuras-ca","category-la-comarca-ca","category-ocio-y-cultura-ca","category-politica","category-riba-roja-ca","category-seccion-ca","tag-camp-de-turia-ca","tag-casa-del-abogado-ca","tag-riba-roja-de-turia-ca"],"_links":{"self":[{"href":"https:\/\/tucomarca.whitekongsoftware.com\/ca\/wp-json\/wp\/v2\/posts\/225154","targetHints":{"allow":["GET"]}}],"collection":[{"href":"https:\/\/tucomarca.whitekongsoftware.com\/ca\/wp-json\/wp\/v2\/posts"}],"about":[{"href":"https:\/\/tucomarca.whitekongsoftware.com\/ca\/wp-json\/wp\/v2\/types\/post"}],"author":[{"embeddable":true,"href":"https:\/\/tucomarca.whitekongsoftware.com\/ca\/wp-json\/wp\/v2\/users\/12"}],"replies":[{"embeddable":true,"href":"https:\/\/tucomarca.whitekongsoftware.com\/ca\/wp-json\/wp\/v2\/comments?post=225154"}],"version-history":[{"count":0,"href":"https:\/\/tucomarca.whitekongsoftware.com\/ca\/wp-json\/wp\/v2\/posts\/225154\/revisions"}],"wp:featuredmedia":[{"embeddable":true,"href":"https:\/\/tucomarca.whitekongsoftware.com\/ca\/wp-json\/wp\/v2\/media\/225153"}],"wp:attachment":[{"href":"https:\/\/tucomarca.whitekongsoftware.com\/ca\/wp-json\/wp\/v2\/media?parent=225154"}],"wp:term":[{"taxonomy":"category","embeddable":true,"href":"https:\/\/tucomarca.whitekongsoftware.com\/ca\/wp-json\/wp\/v2\/categories?post=225154"},{"taxonomy":"post_tag","embeddable":true,"href":"https:\/\/tucomarca.whitekongsoftware.com\/ca\/wp-json\/wp\/v2\/tags?post=225154"}],"curies":[{"name":"wp","href":"https:\/\/api.w.org\/{rel}","templated":true}]}}