{"id":224894,"date":"2024-05-30T18:00:00","date_gmt":"2024-05-30T16:00:00","guid":{"rendered":"https:\/\/www.tucomarca.com\/wordpress\/segunda\/?p=224894"},"modified":"2024-05-30T18:22:49","modified_gmt":"2024-05-30T16:22:49","slug":"salvem-farrajon-es-congratula-de-la-interposicio-per-part-de-lajuntament-dun-contencios-contra-la-installacio-de-la-planta-a-bunyol","status":"publish","type":"post","link":"https:\/\/tucomarca.whitekongsoftware.com\/ca\/salvem-farrajon-es-congratula-de-la-interposicio-per-part-de-lajuntament-dun-contencios-contra-la-installacio-de-la-planta-a-bunyol\/","title":{"rendered":"Salvem Farraj\u00f3n es congratula de la interposici\u00f3 per part de l&#8217;Ajuntament d&#8217;un contenci\u00f3s contra la instal\u00b7laci\u00f3 de la planta a Bunyol"},"content":{"rendered":"\n<p class=\"wp-block-paragraph\">La Plataforma Salvem Farraj\u00f3n ha em\u00e9s un comunicat en el qual &#8220;celebra i fa part\u00edcip al ve\u00efnat, l&#8217;aprovaci\u00f3 de manera majorit\u00e0ria de la moci\u00f3 que promou la interposici\u00f3 d&#8217;un recurs contenci\u00f3s administratiu per a impedir la instal\u00b7laci\u00f3 de la planta fotovoltaica Victoria One en la partida de Farraj\u00f3n del terme de Bunyol&#8221;, tal com han manifestat.<\/p>\n\n\n\n<p class=\"wp-block-paragraph\">La intenci\u00f3 de la plataforma &#8220;sempre va ser que la moci\u00f3 fora debatuda per tots els grups pol\u00edtics que componen el consistori perqu\u00e8 arribaren a un acord un\u00e0nime, i per a aix\u00f2 aix\u00ed van ser informats per la mateixa fa m\u00e9s de dos mesos. L&#8217;aconseguit ahir ho vam considerar un pas important en el nostre prop\u00f2sit, per\u00f2 volem recordar que des de la plataforma continuarem lluitant en la defensa de tot el territori i contra el model especulatiu i depredador amb el qual s&#8217;est\u00e0 implantant la transici\u00f3 energetica. Els nostres objectius, se centren en la no instal\u00b7laci\u00f3 de plantes fotovoltaiques en terrenys d&#8217;alt valor agrol\u00f3gico i que puguen tindre impacte mediambiental sobre fauna, flora i aq\u00fc\u00edfers&#8221;.<\/p>\n\n\n\n<p class=\"wp-block-paragraph\">&#8220;Agra\u00efm el suport de tots partits pol\u00edtics de l&#8217;Ajuntament de Bunyol i esperem treballar amb ells en defensa d&#8217;aquests principis&#8221;, han finalitzat des de Salvemos Farraj\u00f3n.<\/p>\n","protected":false},"excerpt":{"rendered":"<div class=\"mh-excerpt\">La Plataforma Salvem Farraj\u00f3n ha em\u00e9s un comunicat en el qual &#8220;celebra i fa part\u00edcip al ve\u00efnat, l&#8217;aprovaci\u00f3 de manera majorit\u00e0ria de la moci\u00f3 que promou la interposici\u00f3 d&#8217;un recurs contenci\u00f3s administratiu per a impedir <a class=\"mh-excerpt-more\" href=\"https:\/\/tucomarca.whitekongsoftware.com\/ca\/salvem-farrajon-es-congratula-de-la-interposicio-per-part-de-lajuntament-dun-contencios-contra-la-installacio-de-la-planta-a-bunyol\/\" title=\"Salvem Farraj\u00f3n es congratula de la interposici\u00f3 per part de l&#8217;Ajuntament d&#8217;un contenci\u00f3s contra la instal\u00b7laci\u00f3 de la planta a Bunyol\">[+] <\/a><\/div>\n","protected":false},"author":1,"featured_media":169991,"comment_status":"open","ping_status":"open","sticky":false,"template":"","format":"standard","meta":{"footnotes":""},"categories":[10911,10948,10894,10912,10903,10947,10896,10897],"tags":[10913,10914],"class_list":["post-224894","post","type-post","status-publish","format-standard","has-post-thumbnail","category-bunol-ca","category-infraestructuras-ca","category-la-comarca-ca","category-la-hoya-ca","category-medio-ambiente-la-comarca-ca","category-politica","category-seccion-ca","category-sucesos-la-comarca-ca","tag-bunol-ca","tag-la-hoya-de-bunol-chiva-ca"],"_links":{"self":[{"href":"https:\/\/tucomarca.whitekongsoftware.com\/ca\/wp-json\/wp\/v2\/posts\/224894","targetHints":{"allow":["GET"]}}],"collection":[{"href":"https:\/\/tucomarca.whitekongsoftware.com\/ca\/wp-json\/wp\/v2\/posts"}],"about":[{"href":"https:\/\/tucomarca.whitekongsoftware.com\/ca\/wp-json\/wp\/v2\/types\/post"}],"author":[{"embeddable":true,"href":"https:\/\/tucomarca.whitekongsoftware.com\/ca\/wp-json\/wp\/v2\/users\/1"}],"replies":[{"embeddable":true,"href":"https:\/\/tucomarca.whitekongsoftware.com\/ca\/wp-json\/wp\/v2\/comments?post=224894"}],"version-history":[{"count":0,"href":"https:\/\/tucomarca.whitekongsoftware.com\/ca\/wp-json\/wp\/v2\/posts\/224894\/revisions"}],"wp:featuredmedia":[{"embeddable":true,"href":"https:\/\/tucomarca.whitekongsoftware.com\/ca\/wp-json\/wp\/v2\/media\/169991"}],"wp:attachment":[{"href":"https:\/\/tucomarca.whitekongsoftware.com\/ca\/wp-json\/wp\/v2\/media?parent=224894"}],"wp:term":[{"taxonomy":"category","embeddable":true,"href":"https:\/\/tucomarca.whitekongsoftware.com\/ca\/wp-json\/wp\/v2\/categories?post=224894"},{"taxonomy":"post_tag","embeddable":true,"href":"https:\/\/tucomarca.whitekongsoftware.com\/ca\/wp-json\/wp\/v2\/tags?post=224894"}],"curies":[{"name":"wp","href":"https:\/\/api.w.org\/{rel}","templated":true}]}}