{"id":224874,"date":"2024-05-31T10:30:00","date_gmt":"2024-05-31T08:30:00","guid":{"rendered":"https:\/\/www.tucomarca.com\/wordpress\/segunda\/?p=224874"},"modified":"2024-05-31T13:20:56","modified_gmt":"2024-05-31T11:20:56","slug":"lobra-el-perfume-del-tiempo-arriba-aquest-divendres-al-teatre-montecarlo","status":"publish","type":"post","link":"https:\/\/tucomarca.whitekongsoftware.com\/ca\/lobra-el-perfume-del-tiempo-arriba-aquest-divendres-al-teatre-montecarlo\/","title":{"rendered":"L&#8217;obra &#8216;El Perfume del Tiempo&#8217; arriba aquest divendres al Teatre Montecarlo"},"content":{"rendered":"\n<h3 class=\"wp-block-heading\">L&#8217;obra &#8220;El Perfume del Tiempo&#8221; aquest divendres a les 20,00 hores en el Teatre Montecarlo.<\/h3>\n\n\n\n<p class=\"wp-block-paragraph\">Arden Produccions presenta el seu \u00faltim espectacle &#8220;El Perfume del Tiempo&#8221;, guardonat amb el Premi de les Arts Esc\u00e8niques 2023 a la Millor Direcci\u00f3, Actor i Espectacle Teatral. Un luxe que no podem deixar escapar.<br>Una meravella escrita i dirigida per Chema Carde\u00f1a amb la qual es tanca la \u2018Trilogia de la Mem\u00f2ria\u2019, despr\u00e9s de \u201cShakespeare a Berl\u00edn\u201d (2016) i \u201cLa invasi\u00f3 dels b\u00e0rbars\u201d (2019).<\/p>\n\n\n<div class=\"wp-block-image\">\n<figure class=\"alignleft size-large is-resized\"><img loading=\"lazy\" decoding=\"async\" width=\"732\" height=\"1024\" src=\"http:\/\/www.tucomarca.com\/wordpress\/segunda\/wp-content\/uploads\/2024\/05\/Perfumedeltiempo-732x1024.jpg\" alt=\"\" class=\"wp-image-224870\" style=\"width:383px;height:auto\" srcset=\"https:\/\/tucomarca.whitekongsoftware.com\/wp-content\/uploads\/2024\/05\/Perfumedeltiempo-732x1024.jpg 732w, https:\/\/tucomarca.whitekongsoftware.com\/wp-content\/uploads\/2024\/05\/Perfumedeltiempo-214x300.jpg 214w, https:\/\/tucomarca.whitekongsoftware.com\/wp-content\/uploads\/2024\/05\/Perfumedeltiempo-768x1075.jpg 768w, https:\/\/tucomarca.whitekongsoftware.com\/wp-content\/uploads\/2024\/05\/Perfumedeltiempo.jpg 886w\" sizes=\"auto, (max-width: 732px) 100vw, 732px\" \/><\/figure>\n<\/div>\n\n\n<p class=\"wp-block-paragraph\"><strong>Sinopsi:<\/strong><br>l&#8217;Argentina 2008. Un pare vidu i jubilat, viu el seu retir elaborant perfums casolans com a passi\u00f3. Els seus dos fills, ja independents, li visiten peri\u00f2dicament i tracten de traure-li del seu tancament.<br>Paral\u00b7lelament, una \u00e0via de les conegudes com a \u201cMares de Maig\u201d o despectivament \u201cboges de Maig\u201d busca a la seua neta; que va ser robada a la seua filla, despr\u00e9s de ser segrestada i assassinada pels anomenats \u201cmilicos\u201d de l&#8217;estat argent\u00ed en \u00e8poca del general Videla.<br>L&#8217;obra t\u00e9 lloc en diferents espais, alternatius, en els quals veiem com es van relacionant uns personatges amb uns altres i construint una hist\u00f2ria que es va entrella\u00e7ant i que ens portar\u00e0 a con\u00e9ixer una terrible veritat. El passat de cadascun d&#8217;ells s&#8217;anir\u00e0 revelant i una tremenda decisi\u00f3 final, canviar\u00e0 la vida de tots els personatges.<\/p>\n\n\n\n<p class=\"wp-block-paragraph\">Entrades anticipades a 10 euros en Botiga de roba i complements Marina, Kiosko Desi (Ventas), Drogueria La Pla\u00e7a i Biblioteca Municipal, el cost en taquilla \u00e9s de 12 euros.<\/p>\n","protected":false},"excerpt":{"rendered":"<div class=\"mh-excerpt\">L&#8217;obra &#8220;El Perfume del Tiempo&#8221; aquest divendres a les 20,00 hores en el Teatre Montecarlo. Arden Produccions presenta el seu \u00faltim espectacle &#8220;El Perfume del Tiempo&#8221;, guardonat amb el Premi de les Arts Esc\u00e8niques 2023 <a class=\"mh-excerpt-more\" href=\"https:\/\/tucomarca.whitekongsoftware.com\/ca\/lobra-el-perfume-del-tiempo-arriba-aquest-divendres-al-teatre-montecarlo\/\" title=\"L&#8217;obra &#8216;El Perfume del Tiempo&#8217; arriba aquest divendres al Teatre Montecarlo\">[+] <\/a><\/div>\n","protected":false},"author":12,"featured_media":224871,"comment_status":"open","ping_status":"open","sticky":false,"template":"","format":"standard","meta":{"footnotes":""},"categories":[11019,10911,10894,10912,11007,10896],"tags":[10913,14722,20765,10914],"class_list":["post-224874","post","type-post","status-publish","format-standard","has-post-thumbnail","category-agenda-ca","category-bunol-ca","category-la-comarca-ca","category-la-hoya-ca","category-ocio-y-cultura-ca","category-seccion-ca","tag-bunol-ca","tag-bunol-actua-ca","tag-el-perfume-del-tiempo-ca","tag-la-hoya-de-bunol-chiva-ca"],"_links":{"self":[{"href":"https:\/\/tucomarca.whitekongsoftware.com\/ca\/wp-json\/wp\/v2\/posts\/224874","targetHints":{"allow":["GET"]}}],"collection":[{"href":"https:\/\/tucomarca.whitekongsoftware.com\/ca\/wp-json\/wp\/v2\/posts"}],"about":[{"href":"https:\/\/tucomarca.whitekongsoftware.com\/ca\/wp-json\/wp\/v2\/types\/post"}],"author":[{"embeddable":true,"href":"https:\/\/tucomarca.whitekongsoftware.com\/ca\/wp-json\/wp\/v2\/users\/12"}],"replies":[{"embeddable":true,"href":"https:\/\/tucomarca.whitekongsoftware.com\/ca\/wp-json\/wp\/v2\/comments?post=224874"}],"version-history":[{"count":0,"href":"https:\/\/tucomarca.whitekongsoftware.com\/ca\/wp-json\/wp\/v2\/posts\/224874\/revisions"}],"wp:featuredmedia":[{"embeddable":true,"href":"https:\/\/tucomarca.whitekongsoftware.com\/ca\/wp-json\/wp\/v2\/media\/224871"}],"wp:attachment":[{"href":"https:\/\/tucomarca.whitekongsoftware.com\/ca\/wp-json\/wp\/v2\/media?parent=224874"}],"wp:term":[{"taxonomy":"category","embeddable":true,"href":"https:\/\/tucomarca.whitekongsoftware.com\/ca\/wp-json\/wp\/v2\/categories?post=224874"},{"taxonomy":"post_tag","embeddable":true,"href":"https:\/\/tucomarca.whitekongsoftware.com\/ca\/wp-json\/wp\/v2\/tags?post=224874"}],"curies":[{"name":"wp","href":"https:\/\/api.w.org\/{rel}","templated":true}]}}