{"id":224824,"date":"2024-05-30T12:00:00","date_gmt":"2024-05-30T10:00:00","guid":{"rendered":"https:\/\/www.tucomarca.com\/wordpress\/segunda\/?p=224824"},"modified":"2024-05-30T13:33:49","modified_gmt":"2024-05-30T11:33:49","slug":"enguix-destaca-el-motor-transformador-del-teixit-associatiu-en-la-jornada-per-la-igualtat-organitzada-per-tyrius-en-anna","status":"publish","type":"post","link":"https:\/\/tucomarca.whitekongsoftware.com\/ca\/enguix-destaca-el-motor-transformador-del-teixit-associatiu-en-la-jornada-per-la-igualtat-organitzada-per-tyrius-en-anna\/","title":{"rendered":"Enguix destaca &#8220;el motor transformador&#8221; del teixit associatiu en la jornada per la igualtat organitzada per Tyrius en Anna"},"content":{"rendered":"\n<h3 class=\"wp-block-heading\">La vicepresidenta primera de la Diputaci\u00f3, Nat\u00e0lia Enguix, obri la jornada amb una crida a continuar treballant perqu\u00e8 \u201cla lluita per la igualtat est\u00e0 hui dia m\u00e9s viva que mai\u201d.<\/h3>\n\n\n\n<h3 class=\"wp-block-heading\">El nou govern provincial ha duplicat l&#8217;assignaci\u00f3 per a col\u00b7lectius sense \u00e0nim de lucre, passant de 80.000 a 180.000 euros.<\/h3>\n\n\n\n<p class=\"wp-block-paragraph\">La vicepresidenta primera de la Diputaci\u00f3 de Val\u00e8ncia i responsable d&#8217;Igualtat, Nat\u00e0lia Enguix, ha destacat el paper que juga el teixit associatiu com a \u201cmotor transformador dels nostres municipis i ciutats\u201d, durant l&#8217;obertura de la jornada organitzada per l&#8217;Associaci\u00f3 d\u2019Ames de casa i Consumidors Tyrius en Anna, a la comarca de la Canal de Navarr\u00e9s. \u201cLa labor que realitzen estos col\u00b7lectius \u00e9s essencial, amb pon\u00e8ncies de qualitat que ajuden a con\u00e9ixer la necessitat de treballar per la igualtat\u201d, ha subratllat.<\/p>\n\n\n\n<p class=\"wp-block-paragraph\">En la mateixa l\u00ednia, ha recalcat \u201cla import\u00e0ncia d&#8217;estar al costat del teixit associatiu que contribu\u00efx a aconseguir la igualtat de g\u00e8nere per a la nostra societat i donar suport a estes activitats, que a m\u00e9s han comptat amb el suport de la Diputaci\u00f3 de Val\u00e8ncia\u201d. \u201cCal seguir en la mateixa l\u00ednia perqu\u00e8 la lluita per la Igualtat est\u00e0 hui dia m\u00e9s viva que mai\u201d, ha assegurat Enguix, al temps que ha explicat que \u201ccadascun pot aportar el seu granet d&#8217;arena des del seu \u00e0mbit, ja siga des de les llars o des de les associacions i institucions p\u00fabliques\u201d.<\/p>\n\n\n\n<figure class=\"wp-block-image size-full\"><img loading=\"lazy\" decoding=\"async\" width=\"886\" height=\"589\" src=\"http:\/\/www.tucomarca.com\/wordpress\/segunda\/wp-content\/uploads\/2024\/05\/EnguixDipuAnna2.jpg\" alt=\"\" class=\"wp-image-224819\" srcset=\"https:\/\/tucomarca.whitekongsoftware.com\/wp-content\/uploads\/2024\/05\/EnguixDipuAnna2.jpg 886w, https:\/\/tucomarca.whitekongsoftware.com\/wp-content\/uploads\/2024\/05\/EnguixDipuAnna2-300x199.jpg 300w, https:\/\/tucomarca.whitekongsoftware.com\/wp-content\/uploads\/2024\/05\/EnguixDipuAnna2-768x511.jpg 768w\" sizes=\"auto, (max-width: 886px) 100vw, 886px\" \/><\/figure>\n\n\n\n<p class=\"wp-block-paragraph\">En este sentit, ha esgrimit, \u201cla Diputaci\u00f3 est\u00e0 al vostre costat per a fomentar estes activitats; sobretot, enguany que hem incrementat les ajudes a entitats sense \u00e0nim de lucre de 80.000 euros en 2023 a 180.000 euros\u201d. A m\u00e9s, ha concretat Enguix, \u201cper a facilitar el treball de les associacions, avan\u00e7arem el 75% de l&#8217;ajuda en el moment que s&#8217;aprove i la resta es donar\u00e0 quan la justifiquen, no podem consentir que esperen un any per a rebre els diners perqu\u00e8 aix\u00ed no se&#8217;ls ajuda\u201d.<\/p>\n\n\n\n<p class=\"wp-block-paragraph\">Estes subvencions complementen els 900.000 euros destinats als 236 ajuntaments que integren la Xarxa de Municipis Protegits contra la Viol\u00e8ncia de G\u00e8nere de la corporaci\u00f3 provincial, 200.000 euros m\u00e9s que l&#8217;any anterior.<\/p>\n\n\n\n<p class=\"wp-block-paragraph\">\u201cVos continuarem tendint la m\u00e0 perqu\u00e8 sigau el pilar fonamental de col\u00b7laboraci\u00f3 i vertebraci\u00f3 del teixit associatiu a favor de la transformaci\u00f3 dels nostres municipis\u201d, ha indicat la vicepresidenta primera. Juntament amb Nat\u00e0lia Enguix, han obert l&#8217;acte l&#8217;alcalde d&#8217;Anna, Miguel Mar\u00edn, i la presidenta de Tyrius, Eugenia Garrigues, qui ha agra\u00eft a la Diputaci\u00f3 la seua implicaci\u00f3 en mat\u00e8ria d&#8217;Igualtat.<\/p>\n\n\n\n<p class=\"wp-block-paragraph\">En la pr\u00e8via de la jornada, Nat\u00e0lia Enguix va visitar l&#8217;Ajuntament d&#8217;Anna on, acompanyada per l&#8217;alcalde i membres de l&#8217;equip de govern, la vicepresidenta ha firmat en el llibre d&#8217;honor del municipi de la Canal. \u201c\u00c9s emocionant tornar al poble de la meua iaia, on tinc els meus or\u00edgens, com a vicepresidenta de la Diputaci\u00f3\u201d, ha expressat Enguix en la seua r\u00fabrica.<\/p>\n","protected":false},"excerpt":{"rendered":"<div class=\"mh-excerpt\">La vicepresidenta primera de la Diputaci\u00f3, Nat\u00e0lia Enguix, obri la jornada amb una crida a continuar treballant perqu\u00e8 \u201cla lluita per la igualtat est\u00e0 hui dia m\u00e9s viva que mai\u201d. El nou govern provincial ha <a class=\"mh-excerpt-more\" href=\"https:\/\/tucomarca.whitekongsoftware.com\/ca\/enguix-destaca-el-motor-transformador-del-teixit-associatiu-en-la-jornada-per-la-igualtat-organitzada-per-tyrius-en-anna\/\" title=\"Enguix destaca &#8220;el motor transformador&#8221; del teixit associatiu en la jornada per la igualtat organitzada per Tyrius en Anna\">[+] <\/a><\/div>\n","protected":false},"author":12,"featured_media":224822,"comment_status":"open","ping_status":"open","sticky":false,"template":"","format":"standard","meta":{"footnotes":""},"categories":[20541,10898,10948,10963,10894,20456,10947,10896],"tags":[13353,11341,12034,20262],"class_list":["post-224824","post","type-post","status-publish","format-standard","has-post-thumbnail","category-igualtat-i-diversitat","category-ventana-ca","category-infraestructuras-ca","category-la-canal-de-navarres-ca","category-la-comarca-ca","category-la-diputacio-de-valencia-informa-ca","category-politica","category-seccion-ca","tag-canal-de-navarres-ca","tag-diputacio-ca","tag-igualdad-ca","tag-natalia-enguix-ca"],"_links":{"self":[{"href":"https:\/\/tucomarca.whitekongsoftware.com\/ca\/wp-json\/wp\/v2\/posts\/224824","targetHints":{"allow":["GET"]}}],"collection":[{"href":"https:\/\/tucomarca.whitekongsoftware.com\/ca\/wp-json\/wp\/v2\/posts"}],"about":[{"href":"https:\/\/tucomarca.whitekongsoftware.com\/ca\/wp-json\/wp\/v2\/types\/post"}],"author":[{"embeddable":true,"href":"https:\/\/tucomarca.whitekongsoftware.com\/ca\/wp-json\/wp\/v2\/users\/12"}],"replies":[{"embeddable":true,"href":"https:\/\/tucomarca.whitekongsoftware.com\/ca\/wp-json\/wp\/v2\/comments?post=224824"}],"version-history":[{"count":0,"href":"https:\/\/tucomarca.whitekongsoftware.com\/ca\/wp-json\/wp\/v2\/posts\/224824\/revisions"}],"wp:featuredmedia":[{"embeddable":true,"href":"https:\/\/tucomarca.whitekongsoftware.com\/ca\/wp-json\/wp\/v2\/media\/224822"}],"wp:attachment":[{"href":"https:\/\/tucomarca.whitekongsoftware.com\/ca\/wp-json\/wp\/v2\/media?parent=224824"}],"wp:term":[{"taxonomy":"category","embeddable":true,"href":"https:\/\/tucomarca.whitekongsoftware.com\/ca\/wp-json\/wp\/v2\/categories?post=224824"},{"taxonomy":"post_tag","embeddable":true,"href":"https:\/\/tucomarca.whitekongsoftware.com\/ca\/wp-json\/wp\/v2\/tags?post=224824"}],"curies":[{"name":"wp","href":"https:\/\/api.w.org\/{rel}","templated":true}]}}