{"id":224790,"date":"2024-05-29T09:33:00","date_gmt":"2024-05-29T07:33:00","guid":{"rendered":"https:\/\/www.tucomarca.com\/wordpress\/segunda\/?p=224790"},"modified":"2024-05-29T20:59:03","modified_gmt":"2024-05-29T18:59:03","slug":"la-proxima-produccio-de-raim-sera-molt-curta-per-la-sequera-a-requena-utiel","status":"publish","type":"post","link":"https:\/\/tucomarca.whitekongsoftware.com\/ca\/la-proxima-produccio-de-raim-sera-molt-curta-per-la-sequera-a-requena-utiel\/","title":{"rendered":"La pr\u00f2xima producci\u00f3 de ra\u00efm ser\u00e0 molt curta per la sequera a Requena-Utiel"},"content":{"rendered":"\n<p class=\"wp-block-paragraph\">El cultiu de la vinya \u00e9s un dels quals est\u00e0 molt afectat per la sequera, a Requena-Utiel. A conseq\u00fc\u00e8ncia de les escasses precipitacions que s&#8217;estan registrant en els \u00faltims mesos, hi ha molts milers de vinyes que presenten una massa vegetal molt escassa. A m\u00e9s, en les m\u00e9s afectades els viticultors han detectat que s&#8217;ha paralitzat el creixement dels brots. Hi ha tamb\u00e9 molts milers de ceps que ni tan sols han brollat, per la qual cosa es donen per mortes.<br>En les parcel\u00b7les de vinya cultivades en sec\u00e0 s&#8217;esperen enguany collites molt curtes de ra\u00efm i en les de regadiu, collites menors del normal.<\/p>\n\n\n\n<p class=\"wp-block-paragraph\">A la foto: Parcel\u00b7les molt afectades per la sequera en les quals els brots de les vinyes a penes han crescut. Informa, <strong>Luis Ib\u00e1\u00f1ez.<\/strong><\/p>\n\n\n\n<p class=\"wp-block-paragraph\"><\/p>\n","protected":false},"excerpt":{"rendered":"<div class=\"mh-excerpt\">El cultiu de la vinya \u00e9s un dels quals est\u00e0 molt afectat per la sequera, a Requena-Utiel. A conseq\u00fc\u00e8ncia de les escasses precipitacions que s&#8217;estan registrant en els \u00faltims mesos, hi ha molts milers de <a class=\"mh-excerpt-more\" href=\"https:\/\/tucomarca.whitekongsoftware.com\/ca\/la-proxima-produccio-de-raim-sera-molt-curta-per-la-sequera-a-requena-utiel\/\" title=\"La pr\u00f2xima producci\u00f3 de ra\u00efm ser\u00e0 molt curta per la sequera a Requena-Utiel\">[+] <\/a><\/div>\n","protected":false},"author":12,"featured_media":224788,"comment_status":"open","ping_status":"open","sticky":false,"template":"","format":"standard","meta":{"footnotes":""},"categories":[10905,10894,10908,10909,10896,11059],"tags":[10910],"class_list":["post-224790","post","type-post","status-publish","format-standard","has-post-thumbnail","category-agricultura-la-comarca-ca","category-la-comarca-ca","category-requena-ca","category-requena-utiel-ca","category-seccion-ca","category-utiel-ca","tag-requena-utiel-ca"],"_links":{"self":[{"href":"https:\/\/tucomarca.whitekongsoftware.com\/ca\/wp-json\/wp\/v2\/posts\/224790","targetHints":{"allow":["GET"]}}],"collection":[{"href":"https:\/\/tucomarca.whitekongsoftware.com\/ca\/wp-json\/wp\/v2\/posts"}],"about":[{"href":"https:\/\/tucomarca.whitekongsoftware.com\/ca\/wp-json\/wp\/v2\/types\/post"}],"author":[{"embeddable":true,"href":"https:\/\/tucomarca.whitekongsoftware.com\/ca\/wp-json\/wp\/v2\/users\/12"}],"replies":[{"embeddable":true,"href":"https:\/\/tucomarca.whitekongsoftware.com\/ca\/wp-json\/wp\/v2\/comments?post=224790"}],"version-history":[{"count":0,"href":"https:\/\/tucomarca.whitekongsoftware.com\/ca\/wp-json\/wp\/v2\/posts\/224790\/revisions"}],"wp:featuredmedia":[{"embeddable":true,"href":"https:\/\/tucomarca.whitekongsoftware.com\/ca\/wp-json\/wp\/v2\/media\/224788"}],"wp:attachment":[{"href":"https:\/\/tucomarca.whitekongsoftware.com\/ca\/wp-json\/wp\/v2\/media?parent=224790"}],"wp:term":[{"taxonomy":"category","embeddable":true,"href":"https:\/\/tucomarca.whitekongsoftware.com\/ca\/wp-json\/wp\/v2\/categories?post=224790"},{"taxonomy":"post_tag","embeddable":true,"href":"https:\/\/tucomarca.whitekongsoftware.com\/ca\/wp-json\/wp\/v2\/tags?post=224790"}],"curies":[{"name":"wp","href":"https:\/\/api.w.org\/{rel}","templated":true}]}}