{"id":224764,"date":"2024-05-29T19:00:00","date_gmt":"2024-05-29T17:00:00","guid":{"rendered":"https:\/\/www.tucomarca.com\/wordpress\/segunda\/?p=224764"},"modified":"2024-05-29T20:56:26","modified_gmt":"2024-05-29T18:56:26","slug":"bunyol-clausura-el-festival-viure-de-cinema-aquest-dijous-amb-la-pellicula-finlandesa-fallen-leaves","status":"publish","type":"post","link":"https:\/\/tucomarca.whitekongsoftware.com\/ca\/bunyol-clausura-el-festival-viure-de-cinema-aquest-dijous-amb-la-pellicula-finlandesa-fallen-leaves\/","title":{"rendered":"Bunyol clausura el Festival Viure de Cinema aquest dijous amb la pel\u00b7l\u00edcula finlandesa &#8216;Fallen Leaves&#8217;"},"content":{"rendered":"\n<p class=\"wp-block-paragraph\">Aquest dijous, en el Festival Viure de Cinema, es projectar\u00e0 la pel\u00b7l\u00edcula finlandesa &#8220;Fallen Leaves&#8221;, una com\u00e8dia rom\u00e0ntica dirigida pel canviat de nom Aki Kaurism\u00e4ki. La pel\u00b7l\u00edcula ha sigut guardonada amb el Premi Internacional del Jurat en el passat Festival de Cannes.<\/p>\n\n\n<div class=\"wp-block-image\">\n<figure class=\"alignleft size-large is-resized\"><img loading=\"lazy\" decoding=\"async\" width=\"724\" height=\"1024\" src=\"http:\/\/www.tucomarca.com\/wordpress\/segunda\/wp-content\/uploads\/2024\/05\/FallenLeaves-724x1024.jpg\" alt=\"\" class=\"wp-image-224759\" style=\"width:294px;height:auto\" srcset=\"https:\/\/tucomarca.whitekongsoftware.com\/wp-content\/uploads\/2024\/05\/FallenLeaves-724x1024.jpg 724w, https:\/\/tucomarca.whitekongsoftware.com\/wp-content\/uploads\/2024\/05\/FallenLeaves-212x300.jpg 212w, https:\/\/tucomarca.whitekongsoftware.com\/wp-content\/uploads\/2024\/05\/FallenLeaves-768x1087.jpg 768w, https:\/\/tucomarca.whitekongsoftware.com\/wp-content\/uploads\/2024\/05\/FallenLeaves.jpg 848w\" sizes=\"auto, (max-width: 724px) 100vw, 724px\" \/><\/figure>\n<\/div>\n\n\n<p class=\"wp-block-paragraph\">Aquesta hist\u00f2ria minimalista explora profundament la condici\u00f3 humana a trav\u00e9s d&#8217;un relat \u00edntim i commovedor, abordant temes com la soledat, la lluita contra l&#8217;adversitat i la cerca de la connexi\u00f3 humana amb un to sobri i esperan\u00e7ador. Sens dubte, una mostra del cinema europeu en el seu estat m\u00e9s pur.<\/p>\n\n\n<div class=\"wp-block-image\">\n<figure class=\"alignleft size-large is-resized\"><img loading=\"lazy\" decoding=\"async\" width=\"1024\" height=\"1024\" src=\"http:\/\/www.tucomarca.com\/wordpress\/segunda\/wp-content\/uploads\/2024\/05\/IrisLezcano-1024x1024.jpg\" alt=\"\" class=\"wp-image-224762\" style=\"width:174px;height:auto\" srcset=\"https:\/\/tucomarca.whitekongsoftware.com\/wp-content\/uploads\/2024\/05\/IrisLezcano-1024x1024.jpg 1024w, https:\/\/tucomarca.whitekongsoftware.com\/wp-content\/uploads\/2024\/05\/IrisLezcano-300x300.jpg 300w, https:\/\/tucomarca.whitekongsoftware.com\/wp-content\/uploads\/2024\/05\/IrisLezcano-290x290.jpg 290w, https:\/\/tucomarca.whitekongsoftware.com\/wp-content\/uploads\/2024\/05\/IrisLezcano-768x768.jpg 768w, https:\/\/tucomarca.whitekongsoftware.com\/wp-content\/uploads\/2024\/05\/IrisLezcano.jpg 1170w\" sizes=\"auto, (max-width: 1024px) 100vw, 1024px\" \/><\/figure>\n<\/div>\n\n\n<p class=\"wp-block-paragraph\">A m\u00e9s, l&#8217;actriu Ruth Lezcano ser\u00e0 present en la clausura d&#8217;aquesta edici\u00f3 del Festival Viure de Cinema, que es dur\u00e0 a terme el dijous 30 de maig en el Teatre Montecarlo a les 19.30 h. Durant el mateix acte, es presentar\u00e0 l&#8217;Associaci\u00f3 &#8220;Toma a Toma&#8221;, creada a Bunyol per a fer costat al sector audiovisual.<\/p>\n","protected":false},"excerpt":{"rendered":"<div class=\"mh-excerpt\">Aquest dijous, en el Festival Viure de Cinema, es projectar\u00e0 la pel\u00b7l\u00edcula finlandesa &#8220;Fallen Leaves&#8221;, una com\u00e8dia rom\u00e0ntica dirigida pel canviat de nom Aki Kaurism\u00e4ki. La pel\u00b7l\u00edcula ha sigut guardonada amb el Premi Internacional del <a class=\"mh-excerpt-more\" href=\"https:\/\/tucomarca.whitekongsoftware.com\/ca\/bunyol-clausura-el-festival-viure-de-cinema-aquest-dijous-amb-la-pellicula-finlandesa-fallen-leaves\/\" title=\"Bunyol clausura el Festival Viure de Cinema aquest dijous amb la pel\u00b7l\u00edcula finlandesa &#8216;Fallen Leaves&#8217;\">[+] <\/a><\/div>\n","protected":false},"author":12,"featured_media":224760,"comment_status":"open","ping_status":"open","sticky":false,"template":"","format":"standard","meta":{"footnotes":""},"categories":[10911,10894,10912,11007,10896],"tags":[10913,10914,20523],"class_list":["post-224764","post","type-post","status-publish","format-standard","has-post-thumbnail","category-bunol-ca","category-la-comarca-ca","category-la-hoya-ca","category-ocio-y-cultura-ca","category-seccion-ca","tag-bunol-ca","tag-la-hoya-de-bunol-chiva-ca","tag-vivir-de-cine-2024-ca"],"_links":{"self":[{"href":"https:\/\/tucomarca.whitekongsoftware.com\/ca\/wp-json\/wp\/v2\/posts\/224764","targetHints":{"allow":["GET"]}}],"collection":[{"href":"https:\/\/tucomarca.whitekongsoftware.com\/ca\/wp-json\/wp\/v2\/posts"}],"about":[{"href":"https:\/\/tucomarca.whitekongsoftware.com\/ca\/wp-json\/wp\/v2\/types\/post"}],"author":[{"embeddable":true,"href":"https:\/\/tucomarca.whitekongsoftware.com\/ca\/wp-json\/wp\/v2\/users\/12"}],"replies":[{"embeddable":true,"href":"https:\/\/tucomarca.whitekongsoftware.com\/ca\/wp-json\/wp\/v2\/comments?post=224764"}],"version-history":[{"count":0,"href":"https:\/\/tucomarca.whitekongsoftware.com\/ca\/wp-json\/wp\/v2\/posts\/224764\/revisions"}],"wp:featuredmedia":[{"embeddable":true,"href":"https:\/\/tucomarca.whitekongsoftware.com\/ca\/wp-json\/wp\/v2\/media\/224760"}],"wp:attachment":[{"href":"https:\/\/tucomarca.whitekongsoftware.com\/ca\/wp-json\/wp\/v2\/media?parent=224764"}],"wp:term":[{"taxonomy":"category","embeddable":true,"href":"https:\/\/tucomarca.whitekongsoftware.com\/ca\/wp-json\/wp\/v2\/categories?post=224764"},{"taxonomy":"post_tag","embeddable":true,"href":"https:\/\/tucomarca.whitekongsoftware.com\/ca\/wp-json\/wp\/v2\/tags?post=224764"}],"curies":[{"name":"wp","href":"https:\/\/api.w.org\/{rel}","templated":true}]}}