{"id":224716,"date":"2024-05-28T20:00:00","date_gmt":"2024-05-28T18:00:00","guid":{"rendered":"https:\/\/www.tucomarca.com\/wordpress\/segunda\/?p=224716"},"modified":"2024-05-30T10:36:05","modified_gmt":"2024-05-30T08:36:05","slug":"el-rodatge-de-el-captiu-dalejandro-amenabar-converteix-a-bunyol-en-un-gran-plato-a-laire-lliure","status":"publish","type":"post","link":"https:\/\/tucomarca.whitekongsoftware.com\/ca\/el-rodatge-de-el-captiu-dalejandro-amenabar-converteix-a-bunyol-en-un-gran-plato-a-laire-lliure\/","title":{"rendered":"El rodatge de &#8216;El Captiu&#8217;, d&#8217;Alejandro Amen\u00e1bar, converteix a Bunyol en un gran plat\u00f3 a l&#8217;aire lliure"},"content":{"rendered":"\n<p class=\"wp-block-paragraph\">Bunyol s&#8217;ha transformat en un gran plat\u00f3 a l&#8217;aire lliure amb l&#8217;inici del rodatge de &#8216;El Captiu&#8217;, la nova pel\u00b7l\u00edcula del prestigi\u00f3s director Alejandro Amen\u00e1bar que ha arrancat aquest dimarts i que es prolongar\u00e0 per espai de dos dies. La Pla\u00e7a d&#8217;Armes del castell de Bunyol, amb la seua atractiva arquitectura i el seu gran estat de conservaci\u00f3, ha sigut seleccionada com un dels escenaris principals per a aquesta esperada producci\u00f3 cinematogr\u00e0fica que aborda la captivitat de Miguel de Cervantes a Alger durant els anys 1575 a 1580.<\/p>\n\n\n\n<p class=\"wp-block-paragraph\">Fins a la pla\u00e7a d&#8217;Armes del castell s&#8217;han despla\u00e7at tant l&#8217;alcaldessa de Bunyol, Virg\u00ednia Sanz; com el primer tinent d&#8217;alcalde i regidor de Festes, Sergio Galarza; acompanyats de la regidora de Turisme, Luc\u00eda Villar; i de la de Cultura, Tamara D\u00edaz, els qui han tingut l&#8217;oportunitat de conversar amb el guardonat director.<\/p>\n\n\n\n<figure class=\"wp-block-gallery has-nested-images columns-2 is-cropped wp-block-gallery-1 is-layout-flex wp-block-gallery-is-layout-flex\">\n<figure class=\"wp-block-image size-large\"><img loading=\"lazy\" decoding=\"async\" width=\"945\" height=\"709\" data-id=\"224696\" src=\"https:\/\/www.tucomarca.com\/wordpress\/segunda\/wp-content\/uploads\/2024\/05\/AmenabarRodaje4.jpg\" alt=\"\" class=\"wp-image-224696\" srcset=\"https:\/\/tucomarca.whitekongsoftware.com\/wp-content\/uploads\/2024\/05\/AmenabarRodaje4.jpg 945w, https:\/\/tucomarca.whitekongsoftware.com\/wp-content\/uploads\/2024\/05\/AmenabarRodaje4-300x225.jpg 300w, https:\/\/tucomarca.whitekongsoftware.com\/wp-content\/uploads\/2024\/05\/AmenabarRodaje4-768x576.jpg 768w, https:\/\/tucomarca.whitekongsoftware.com\/wp-content\/uploads\/2024\/05\/AmenabarRodaje4-678x509.jpg 678w, https:\/\/tucomarca.whitekongsoftware.com\/wp-content\/uploads\/2024\/05\/AmenabarRodaje4-326x245.jpg 326w, https:\/\/tucomarca.whitekongsoftware.com\/wp-content\/uploads\/2024\/05\/AmenabarRodaje4-80x60.jpg 80w\" sizes=\"auto, (max-width: 945px) 100vw, 945px\" \/><\/figure>\n<\/figure>\n\n\n\n<p class=\"wp-block-paragraph\"><\/p>\n\n\n\n<p class=\"wp-block-paragraph\">El rodatge ha generat una notable expectaci\u00f3 entre els residents i visitants, els qui han tingut l&#8217;oportunitat de presenciar de prop el proc\u00e9s de creaci\u00f3 d&#8217;una pel\u00b7l\u00edcula dirigida per un dels cineastes m\u00e9s aclamats d&#8217;Espanya. La pres\u00e8ncia d&#8217;Amen\u00e1bar i el seu equip a Bunyol no sols real\u00e7a el valor arquitect\u00f2nic del castell, sin\u00f3 que tamb\u00e9 posa a la localitat en el mapa del cinema internacional.<\/p>\n\n\n\n<p class=\"wp-block-paragraph\">A m\u00e9s, algunes ve\u00efnes i ve\u00efns de Bunyol han exercit un paper crucial en el rodatge, at\u00e9s que han participat com a figurants en la filmaci\u00f3, la qual cosa ha fomentat un sentit d&#8217;orgull i entusiasme entre els habitants.<\/p>\n\n\n\n<p class=\"wp-block-paragraph\">Les autoritats locals han col\u00b7laborat estretament amb l&#8217;equip de producci\u00f3 per a garantir que el rodatge es desenvolupe sense contratemps, mentre es mant\u00e9 la normalitat en les activitats di\u00e0ries del municipi.<\/p>\n\n\n\n<p class=\"wp-block-paragraph\">Les ve\u00efnes i ve\u00efns que han vist com la figuraci\u00f3 ha transitat per la zona de rodatge s&#8217;han mostrat entusiasmats: &#8220;Veure com es duu a terme el rodatge, encara que no es puga accedir a set de gravaci\u00f3, \u00e9s una cosa fant\u00e0stica ja que ha generat un ambient incre\u00efble&#8221;.<\/p>\n\n\n\n<p class=\"wp-block-paragraph\">&#8216;El Captiu&#8217; promet ser una obra cinematogr\u00e0fica impactant, amb Alejandro Amen\u00e1bar portant el seu distintiu estil narratiu i visual a cada escena. L&#8217;elecci\u00f3 de Bunyol com locaci\u00f3n principal subratlla el comprom\u00eds del director amb l&#8217;autenticitat i la qualitat, i ressalta les qualitats \u00faniques d&#8217;aquest municipi hist\u00f2ric. Informa, <strong>P. Ferrer<\/strong>.<\/p>\n\n\n\n<figure class=\"wp-block-gallery has-nested-images columns-2 is-cropped wp-block-gallery-2 is-layout-flex wp-block-gallery-is-layout-flex\">\n<figure class=\"wp-block-image size-large\"><img loading=\"lazy\" decoding=\"async\" width=\"945\" height=\"709\" data-id=\"224700\" src=\"https:\/\/www.tucomarca.com\/wordpress\/segunda\/wp-content\/uploads\/2024\/05\/AmenabarRodaje6.jpg\" alt=\"\" class=\"wp-image-224700\" srcset=\"https:\/\/tucomarca.whitekongsoftware.com\/wp-content\/uploads\/2024\/05\/AmenabarRodaje6.jpg 945w, https:\/\/tucomarca.whitekongsoftware.com\/wp-content\/uploads\/2024\/05\/AmenabarRodaje6-300x225.jpg 300w, https:\/\/tucomarca.whitekongsoftware.com\/wp-content\/uploads\/2024\/05\/AmenabarRodaje6-768x576.jpg 768w, https:\/\/tucomarca.whitekongsoftware.com\/wp-content\/uploads\/2024\/05\/AmenabarRodaje6-678x509.jpg 678w, https:\/\/tucomarca.whitekongsoftware.com\/wp-content\/uploads\/2024\/05\/AmenabarRodaje6-326x245.jpg 326w, https:\/\/tucomarca.whitekongsoftware.com\/wp-content\/uploads\/2024\/05\/AmenabarRodaje6-80x60.jpg 80w\" sizes=\"auto, (max-width: 945px) 100vw, 945px\" \/><\/figure>\n\n\n\n<figure class=\"wp-block-image size-large\"><img loading=\"lazy\" decoding=\"async\" width=\"945\" height=\"709\" data-id=\"224710\" src=\"https:\/\/www.tucomarca.com\/wordpress\/segunda\/wp-content\/uploads\/2024\/05\/AmenabarRodaje3.jpg\" alt=\"\" class=\"wp-image-224710\" srcset=\"https:\/\/tucomarca.whitekongsoftware.com\/wp-content\/uploads\/2024\/05\/AmenabarRodaje3.jpg 945w, https:\/\/tucomarca.whitekongsoftware.com\/wp-content\/uploads\/2024\/05\/AmenabarRodaje3-300x225.jpg 300w, https:\/\/tucomarca.whitekongsoftware.com\/wp-content\/uploads\/2024\/05\/AmenabarRodaje3-768x576.jpg 768w, https:\/\/tucomarca.whitekongsoftware.com\/wp-content\/uploads\/2024\/05\/AmenabarRodaje3-678x509.jpg 678w, https:\/\/tucomarca.whitekongsoftware.com\/wp-content\/uploads\/2024\/05\/AmenabarRodaje3-326x245.jpg 326w, https:\/\/tucomarca.whitekongsoftware.com\/wp-content\/uploads\/2024\/05\/AmenabarRodaje3-80x60.jpg 80w\" sizes=\"auto, (max-width: 945px) 100vw, 945px\" \/><\/figure>\n\n\n\n<figure class=\"wp-block-image size-large\"><img loading=\"lazy\" decoding=\"async\" width=\"945\" height=\"709\" data-id=\"224704\" src=\"https:\/\/www.tucomarca.com\/wordpress\/segunda\/wp-content\/uploads\/2024\/05\/AmenabarRodaje8.jpg\" alt=\"\" class=\"wp-image-224704\" srcset=\"https:\/\/tucomarca.whitekongsoftware.com\/wp-content\/uploads\/2024\/05\/AmenabarRodaje8.jpg 945w, https:\/\/tucomarca.whitekongsoftware.com\/wp-content\/uploads\/2024\/05\/AmenabarRodaje8-300x225.jpg 300w, https:\/\/tucomarca.whitekongsoftware.com\/wp-content\/uploads\/2024\/05\/AmenabarRodaje8-768x576.jpg 768w, https:\/\/tucomarca.whitekongsoftware.com\/wp-content\/uploads\/2024\/05\/AmenabarRodaje8-678x509.jpg 678w, https:\/\/tucomarca.whitekongsoftware.com\/wp-content\/uploads\/2024\/05\/AmenabarRodaje8-326x245.jpg 326w, https:\/\/tucomarca.whitekongsoftware.com\/wp-content\/uploads\/2024\/05\/AmenabarRodaje8-80x60.jpg 80w\" sizes=\"auto, (max-width: 945px) 100vw, 945px\" \/><\/figure>\n\n\n\n<figure class=\"wp-block-image size-large\"><img loading=\"lazy\" decoding=\"async\" width=\"945\" height=\"709\" data-id=\"224702\" src=\"https:\/\/www.tucomarca.com\/wordpress\/segunda\/wp-content\/uploads\/2024\/05\/AmenabarRodaje7.jpg\" alt=\"\" class=\"wp-image-224702\" srcset=\"https:\/\/tucomarca.whitekongsoftware.com\/wp-content\/uploads\/2024\/05\/AmenabarRodaje7.jpg 945w, https:\/\/tucomarca.whitekongsoftware.com\/wp-content\/uploads\/2024\/05\/AmenabarRodaje7-300x225.jpg 300w, https:\/\/tucomarca.whitekongsoftware.com\/wp-content\/uploads\/2024\/05\/AmenabarRodaje7-768x576.jpg 768w, https:\/\/tucomarca.whitekongsoftware.com\/wp-content\/uploads\/2024\/05\/AmenabarRodaje7-678x509.jpg 678w, https:\/\/tucomarca.whitekongsoftware.com\/wp-content\/uploads\/2024\/05\/AmenabarRodaje7-326x245.jpg 326w, https:\/\/tucomarca.whitekongsoftware.com\/wp-content\/uploads\/2024\/05\/AmenabarRodaje7-80x60.jpg 80w\" sizes=\"auto, (max-width: 945px) 100vw, 945px\" \/><\/figure>\n<\/figure>\n","protected":false},"excerpt":{"rendered":"<div class=\"mh-excerpt\">Bunyol s&#8217;ha transformat en un gran plat\u00f3 a l&#8217;aire lliure amb l&#8217;inici del rodatge de &#8216;El Captiu&#8217;, la nova pel\u00b7l\u00edcula del prestigi\u00f3s director Alejandro Amen\u00e1bar que ha arrancat aquest dimarts i que es prolongar\u00e0 per <a class=\"mh-excerpt-more\" href=\"https:\/\/tucomarca.whitekongsoftware.com\/ca\/el-rodatge-de-el-captiu-dalejandro-amenabar-converteix-a-bunyol-en-un-gran-plato-a-laire-lliure\/\" title=\"El rodatge de &#8216;El Captiu&#8217;, d&#8217;Alejandro Amen\u00e1bar, converteix a Bunyol en un gran plat\u00f3 a l&#8217;aire lliure\">[+] <\/a><\/div>\n","protected":false},"author":12,"featured_media":224707,"comment_status":"open","ping_status":"open","sticky":false,"template":"","format":"gallery","meta":{"footnotes":""},"categories":[10911,10898,10948,10894,10904,10912,11004,11007,10896],"tags":[20337,10913,20754,20625,10914],"class_list":["post-224716","post","type-post","status-publish","format-gallery","has-post-thumbnail","category-bunol-ca","category-ventana-ca","category-infraestructuras-ca","category-la-comarca-ca","category-sin-categorizar-ca","category-la-hoya-ca","category-la-semana-en-imagenes-ca","category-ocio-y-cultura-ca","category-seccion-ca","tag-alejandro-amenabar-ca","tag-bunol-ca","tag-cervantes-ca","tag-el-cautivo-ca","tag-la-hoya-de-bunol-chiva-ca","post_format-post-format-gallery"],"_links":{"self":[{"href":"https:\/\/tucomarca.whitekongsoftware.com\/ca\/wp-json\/wp\/v2\/posts\/224716","targetHints":{"allow":["GET"]}}],"collection":[{"href":"https:\/\/tucomarca.whitekongsoftware.com\/ca\/wp-json\/wp\/v2\/posts"}],"about":[{"href":"https:\/\/tucomarca.whitekongsoftware.com\/ca\/wp-json\/wp\/v2\/types\/post"}],"author":[{"embeddable":true,"href":"https:\/\/tucomarca.whitekongsoftware.com\/ca\/wp-json\/wp\/v2\/users\/12"}],"replies":[{"embeddable":true,"href":"https:\/\/tucomarca.whitekongsoftware.com\/ca\/wp-json\/wp\/v2\/comments?post=224716"}],"version-history":[{"count":0,"href":"https:\/\/tucomarca.whitekongsoftware.com\/ca\/wp-json\/wp\/v2\/posts\/224716\/revisions"}],"wp:featuredmedia":[{"embeddable":true,"href":"https:\/\/tucomarca.whitekongsoftware.com\/ca\/wp-json\/wp\/v2\/media\/224707"}],"wp:attachment":[{"href":"https:\/\/tucomarca.whitekongsoftware.com\/ca\/wp-json\/wp\/v2\/media?parent=224716"}],"wp:term":[{"taxonomy":"category","embeddable":true,"href":"https:\/\/tucomarca.whitekongsoftware.com\/ca\/wp-json\/wp\/v2\/categories?post=224716"},{"taxonomy":"post_tag","embeddable":true,"href":"https:\/\/tucomarca.whitekongsoftware.com\/ca\/wp-json\/wp\/v2\/tags?post=224716"}],"curies":[{"name":"wp","href":"https:\/\/api.w.org\/{rel}","templated":true}]}}