{"id":224670,"date":"2024-05-28T10:00:00","date_gmt":"2024-05-28T08:00:00","guid":{"rendered":"https:\/\/www.tucomarca.com\/wordpress\/segunda\/?p=224670"},"modified":"2024-05-28T20:02:45","modified_gmt":"2024-05-28T18:02:45","slug":"lalcalde-dutiel-ricardo-gabaldon-trasllada-en-nom-de-tots-els-utielanos-la-felicitacio-i-reconeixement-al-cd-utiel-per-una-temporada-historica-i-inoblidable","status":"publish","type":"post","link":"https:\/\/tucomarca.whitekongsoftware.com\/ca\/lalcalde-dutiel-ricardo-gabaldon-trasllada-en-nom-de-tots-els-utielanos-la-felicitacio-i-reconeixement-al-cd-utiel-per-una-temporada-historica-i-inoblidable\/","title":{"rendered":"L&#8217;alcalde d&#8217;Utiel, Ricardo Gabald\u00f3n,\u00a0 trasllada en nom de tots els utielanos la felicitaci\u00f3 i reconeixement al CD Utiel per una temporada hist\u00f2rica i inoblidable"},"content":{"rendered":"\n<p class=\"wp-block-paragraph\"><strong>Divendres que ve, 31 de maig, a les 20.30 hores,\u00a0 el sal\u00f3 de plens de l&#8217;Ajuntament d&#8217;Utiel acollir\u00e0 l&#8217;acte de recepci\u00f3 oficial al conjunt rojinegro que ha aconseguit la millor classificaci\u00f3 en Tercera des de fa 30 anys.<\/strong><\/p>\n\n\n\n<p class=\"wp-block-paragraph\">L&#8217;Ajuntament d&#8217;Utiel reconeixer\u00e0 p\u00fablicament l&#8217;esfor\u00e7 i m\u00e8rit del Club Esportiu Utiel per tancar una temporada hist\u00f2rica amb l&#8217;acte de recepci\u00f3 oficial al conjunt rojinegro que se celebrar\u00e0 divendres que ve, 31 de maig, a les 20.30 hores, en el sal\u00f3 de plens del consitorio utielano.<\/p>\n\n\n\n<p class=\"wp-block-paragraph\">Diumenge passat el &nbsp;CD Utiel&nbsp;tancava a Sant Vicent del Raspeig una temporada extraordin\u00e0ria en la qual ha obtingut la millor classificaci\u00f3 en Tercera des de fa 30 anys.<\/p>\n\n\n\n<p class=\"wp-block-paragraph\">L&#8217;alcalde d&#8217;Utiel, Ricardo Gabald\u00f3n, ha traslladat la seua felicitaci\u00f3 a tot l&#8217;equip per aquesta gran temporada amb la qual el conjunt rojinegro ha fet hist\u00f2ria i ha tornat a il\u00b7lusionar a tot un poble, amb una afici\u00f3 totalment entregada.&nbsp;<\/p>\n\n\n\n<p class=\"wp-block-paragraph\"><em>\u201cEn nom de tots els utielanos i utielanas us traslladem nostra m\u00e9s sincera enhorabona a jugadors, equip directiu, cos t\u00e8cnic i afici\u00f3. Hem compartit sentiments molt intensos d&#8217;il\u00b7lusi\u00f3 i orgull. El vostre esfor\u00e7 ha valgut la pena. Amb companys de viatge aix\u00ed , arribarem molt lluny\u201d<\/em> destacava l&#8217;alcalde d&#8217;Utiel, Ricardo Gabald\u00f3n.<\/p>\n","protected":false},"excerpt":{"rendered":"<div class=\"mh-excerpt\">Divendres que ve, 31 de maig, a les 20.30 hores,\u00a0 el sal\u00f3 de plens de l&#8217;Ajuntament d&#8217;Utiel acollir\u00e0 l&#8217;acte de recepci\u00f3 oficial al conjunt rojinegro que ha aconseguit la millor classificaci\u00f3 en Tercera des de <a class=\"mh-excerpt-more\" href=\"https:\/\/tucomarca.whitekongsoftware.com\/ca\/lalcalde-dutiel-ricardo-gabaldon-trasllada-en-nom-de-tots-els-utielanos-la-felicitacio-i-reconeixement-al-cd-utiel-per-una-temporada-historica-i-inoblidable\/\" title=\"L&#8217;alcalde d&#8217;Utiel, Ricardo Gabald\u00f3n,\u00a0 trasllada en nom de tots els utielanos la felicitaci\u00f3 i reconeixement al CD Utiel per una temporada hist\u00f2rica i inoblidable\">[+] <\/a><\/div>\n","protected":false},"author":13,"featured_media":224668,"comment_status":"open","ping_status":"open","sticky":false,"template":"","format":"standard","meta":{"footnotes":""},"categories":[11015,11003,10909,10896,11059],"tags":[14970,11075,10910,11174],"class_list":["post-224670","post","type-post","status-publish","format-standard","has-post-thumbnail","category-canal-futbol","category-sports","category-requena-utiel-ca","category-seccion-ca","category-utiel-ca","tag-cd-utiel-ca","tag-futbol-ca","tag-requena-utiel-ca","tag-utiel-ca"],"_links":{"self":[{"href":"https:\/\/tucomarca.whitekongsoftware.com\/ca\/wp-json\/wp\/v2\/posts\/224670","targetHints":{"allow":["GET"]}}],"collection":[{"href":"https:\/\/tucomarca.whitekongsoftware.com\/ca\/wp-json\/wp\/v2\/posts"}],"about":[{"href":"https:\/\/tucomarca.whitekongsoftware.com\/ca\/wp-json\/wp\/v2\/types\/post"}],"author":[{"embeddable":true,"href":"https:\/\/tucomarca.whitekongsoftware.com\/ca\/wp-json\/wp\/v2\/users\/13"}],"replies":[{"embeddable":true,"href":"https:\/\/tucomarca.whitekongsoftware.com\/ca\/wp-json\/wp\/v2\/comments?post=224670"}],"version-history":[{"count":0,"href":"https:\/\/tucomarca.whitekongsoftware.com\/ca\/wp-json\/wp\/v2\/posts\/224670\/revisions"}],"wp:featuredmedia":[{"embeddable":true,"href":"https:\/\/tucomarca.whitekongsoftware.com\/ca\/wp-json\/wp\/v2\/media\/224668"}],"wp:attachment":[{"href":"https:\/\/tucomarca.whitekongsoftware.com\/ca\/wp-json\/wp\/v2\/media?parent=224670"}],"wp:term":[{"taxonomy":"category","embeddable":true,"href":"https:\/\/tucomarca.whitekongsoftware.com\/ca\/wp-json\/wp\/v2\/categories?post=224670"},{"taxonomy":"post_tag","embeddable":true,"href":"https:\/\/tucomarca.whitekongsoftware.com\/ca\/wp-json\/wp\/v2\/tags?post=224670"}],"curies":[{"name":"wp","href":"https:\/\/api.w.org\/{rel}","templated":true}]}}