{"id":224325,"date":"2024-05-25T11:00:00","date_gmt":"2024-05-25T09:00:00","guid":{"rendered":"https:\/\/www.tucomarca.com\/wordpress\/segunda\/?p=224325"},"modified":"2024-05-25T21:48:27","modified_gmt":"2024-05-25T19:48:27","slug":"lorientacio-professional-en-lensenyament-secundari-una-de-les-claus-en-la-sostenibilitat-social-des-de-la-denominacio-dorigen-utiel-requena","status":"publish","type":"post","link":"https:\/\/tucomarca.whitekongsoftware.com\/ca\/lorientacio-professional-en-lensenyament-secundari-una-de-les-claus-en-la-sostenibilitat-social-des-de-la-denominacio-dorigen-utiel-requena\/","title":{"rendered":"L&#8217;orientaci\u00f3 professional en l&#8217;ensenyament secundari, una de les claus en la sostenibilitat social des de la Denominaci\u00f3 d&#8217;Origen Utiel-Requena"},"content":{"rendered":"\n<p class=\"wp-block-paragraph\">Una dotzena de diferents perfils professionals establits a la comarca es van donar a con\u00e9ixer als m\u00e9s de 200 alumnes de l&#8217;IES N\u00ba1 de Requena que van assistir al seu I F\u00f2rum de professionals organitzat en col\u00b7laboraci\u00f3 amb la DO Utiel-Requena. L&#8217;IES va voler que participaren antics alumnes i pares de l&#8217;alumnat del centre que actualment lideren negocis vitivin\u00edcoles en la DO Utiel-Requena.<br>En la jornada, els convidats, principalment professionals de cellers, van comptar la seua experi\u00e8ncia professional, la seua formaci\u00f3, la seua vocaci\u00f3, els seus actuals projectes i tasques en aquest sector aix\u00ed com el motiu que els va portar a establir els seus negocis a la comarca.<br>Moderats per Carmen L. Pres\u00f3 (Secret\u00e0ria del Consell Regulador) els dotze ponents participants van ser:<br>Silvia Pedr\u00f3n i Ben Dussart (celler Dussart-Pedr\u00f3n)<br>H\u00e9ctor Monteagudo (celler Vinea Clausa)<br>Joaqu\u00edn Fern\u00e1ndez (empresa agr\u00e0ria La Llauradora)<br>Javier Pardo, Mapi Domingo i Manolo Olmo (celler Sierra Nord)<br>Pablo Ossorio (cellers Hisp\u00e0+Su\u00efssos)<br>Lorena Peris (celler Lupanda)<br>Miriam N\u00fa\u00f1ez (celler Pagament de Tharsys)<br>M\u00aa \u00c1ngeles Novella (Institut Tecnol\u00f2gic de Viticultura i Enologia de Requena)<br>Lorena Monteagudo (Consell Regulador DO Utiel-Requena).<\/p>\n\n\n\n<p class=\"wp-block-paragraph\">Des de la seua traject\u00f2ria personal i professional cadascun d&#8217;ells van anar transmetent missatges de gran valor per a aquests xics i xiques que es troben explorant la vocaci\u00f3 que podria apassionar-los en el seu futur educatiu i laboral.<br>El sector vitivin\u00edcola a Utiel-Requena \u00e9s el motor econ\u00f2mic de la zona. Per aix\u00f2, \u00e9s important que l&#8217;alumnat aprecie aquest sector, i altres vinculats a ell, com una oportunitat per al seu desenvolupament professional en el seu territori.<br>La DO Utiel-Requena impulsa des de 2016 un Projecte Educatiu d&#8217;Integraci\u00f3 de la Cultura Vitivin\u00edcola en els cinc centres de secund\u00e0ria de la comarca.<br>L&#8217;orientaci\u00f3 professional en l&#8217;Ensenyament Secundari, una de les claus en la sostenibilitat social des de la DO Utiel-Requena. Informa, <strong>Luis Ib\u00e1\u00f1ez.<\/strong><\/p>\n","protected":false},"excerpt":{"rendered":"<div class=\"mh-excerpt\">Una dotzena de diferents perfils professionals establits a la comarca es van donar a con\u00e9ixer als m\u00e9s de 200 alumnes de l&#8217;IES N\u00ba1 de Requena que van assistir al seu I F\u00f2rum de professionals organitzat <a class=\"mh-excerpt-more\" href=\"https:\/\/tucomarca.whitekongsoftware.com\/ca\/lorientacio-professional-en-lensenyament-secundari-una-de-les-claus-en-la-sostenibilitat-social-des-de-la-denominacio-dorigen-utiel-requena\/\" title=\"L&#8217;orientaci\u00f3 professional en l&#8217;ensenyament secundari, una de les claus en la sostenibilitat social des de la Denominaci\u00f3 d&#8217;Origen Utiel-Requena\">[+] <\/a><\/div>\n","protected":false},"author":12,"featured_media":224324,"comment_status":"open","ping_status":"open","sticky":false,"template":"","format":"standard","meta":{"footnotes":""},"categories":[11006,10898,10948,10894,11007,10908,10909,10896,11059],"tags":[12747,11099,10910,11174],"class_list":["post-224325","post","type-post","status-publish","format-standard","has-post-thumbnail","category-canal-vinos","category-ventana-ca","category-infraestructuras-ca","category-la-comarca-ca","category-ocio-y-cultura-ca","category-requena-ca","category-requena-utiel-ca","category-seccion-ca","category-utiel-ca","tag-do-utiel-requena-ca","tag-requena-ca","tag-requena-utiel-ca","tag-utiel-ca"],"_links":{"self":[{"href":"https:\/\/tucomarca.whitekongsoftware.com\/ca\/wp-json\/wp\/v2\/posts\/224325","targetHints":{"allow":["GET"]}}],"collection":[{"href":"https:\/\/tucomarca.whitekongsoftware.com\/ca\/wp-json\/wp\/v2\/posts"}],"about":[{"href":"https:\/\/tucomarca.whitekongsoftware.com\/ca\/wp-json\/wp\/v2\/types\/post"}],"author":[{"embeddable":true,"href":"https:\/\/tucomarca.whitekongsoftware.com\/ca\/wp-json\/wp\/v2\/users\/12"}],"replies":[{"embeddable":true,"href":"https:\/\/tucomarca.whitekongsoftware.com\/ca\/wp-json\/wp\/v2\/comments?post=224325"}],"version-history":[{"count":0,"href":"https:\/\/tucomarca.whitekongsoftware.com\/ca\/wp-json\/wp\/v2\/posts\/224325\/revisions"}],"wp:featuredmedia":[{"embeddable":true,"href":"https:\/\/tucomarca.whitekongsoftware.com\/ca\/wp-json\/wp\/v2\/media\/224324"}],"wp:attachment":[{"href":"https:\/\/tucomarca.whitekongsoftware.com\/ca\/wp-json\/wp\/v2\/media?parent=224325"}],"wp:term":[{"taxonomy":"category","embeddable":true,"href":"https:\/\/tucomarca.whitekongsoftware.com\/ca\/wp-json\/wp\/v2\/categories?post=224325"},{"taxonomy":"post_tag","embeddable":true,"href":"https:\/\/tucomarca.whitekongsoftware.com\/ca\/wp-json\/wp\/v2\/tags?post=224325"}],"curies":[{"name":"wp","href":"https:\/\/api.w.org\/{rel}","templated":true}]}}