{"id":224258,"date":"2024-05-25T10:00:00","date_gmt":"2024-05-25T08:00:00","guid":{"rendered":"https:\/\/www.tucomarca.com\/wordpress\/segunda\/?p=224258"},"modified":"2024-05-25T21:53:42","modified_gmt":"2024-05-25T19:53:42","slug":"lassemblea-general-de-ava-asaja-reclama-mes-mesures-perque-les-aprovades-fins-ara-no-son-el-que-necessitem","status":"publish","type":"post","link":"https:\/\/tucomarca.whitekongsoftware.com\/ca\/lassemblea-general-de-ava-asaja-reclama-mes-mesures-perque-les-aprovades-fins-ara-no-son-el-que-necessitem\/","title":{"rendered":"L&#8217;assemblea general de AVA-Asaja reclama \u201cm\u00e9s mesures perqu\u00e8 les aprovades fins ara no s\u00f3n el que necessitem\u201d"},"content":{"rendered":"\n<p class=\"wp-block-paragraph\">\u201cEl dia m\u00e9s important de AVA-Asaja\u201d. Aix\u00ed va definir el seu president Crist\u00f3bal Aguado la jornada de celebraci\u00f3 de l&#8217;assemblea general, que va omplir la sala d&#8217;actes amb l&#8217;assist\u00e8ncia de compromissaris de totes les comarques. El principal \u00f2rgan de govern de l&#8217;entitat va confirmar els pressupostos, la mem\u00f2ria d&#8217;activitats, les decisions preses per la junta directiva i l&#8217;informe del president.<\/p>\n\n\n\n<p class=\"wp-block-paragraph\">Aguado va subratllar que \u201ctot el sector agrari europeu est\u00e0 mogut i els pol\u00edtics han tret les seues primeres decisions, per\u00f2 demanem m\u00e9s mesurades perqu\u00e8 les aprovades fins ara no s\u00f3n ni des de lluny el que necessitem\u201d.<\/p>\n\n\n\n<p class=\"wp-block-paragraph\">En refer\u00e8ncia a la Uni\u00f3 Europea, que el 9 de juny convoca unes eleccions \u201cdecisives\u201d per al sector, el dirigent agrari reclama un estudi objectiu d&#8217;impacte dels acords comercials per a revisar-los d&#8217;acord amb l&#8217;actual situaci\u00f3 de mercat, una duana europea i no de cada pa\u00eds per a evitar l&#8217;entrada de plagues i malalties, no suprimir cap mat\u00e8ria activa fins que no hi haja una alternativa efica\u00e7, una llei de la cadena aliment\u00e0ria europea i m\u00e9s flexibilitzaci\u00f3, entre altres mesures.<\/p>\n\n\n\n<p class=\"wp-block-paragraph\">Asaja no ha signat l&#8217;acord amb el ministre d&#8217;agricultura Luis Planas, a difer\u00e8ncia d&#8217;altres organitzacions agr\u00e0ries, perqu\u00e8 exigeix m\u00e9s avan\u00e7os en q\u00fcestions clau com la llei de la cadena aliment\u00e0ria, la pol\u00edtica hidr\u00e0ulica amb inversions en infraestructures, mesures de suport al relleu generacional o un major pressupost a les assegurances agr\u00e0ries. A nivell auton\u00f2mic, Aguado va afegir la necessitat d&#8217;impulsar un pla per a concentrar les estructures, buscar gestors i recuperar les terres abandonades. Informa,<strong> Luis Ib\u00e1\u00f1ez.<\/strong><\/p>\n","protected":false},"excerpt":{"rendered":"<div class=\"mh-excerpt\">\u201cEl dia m\u00e9s important de AVA-Asaja\u201d. Aix\u00ed va definir el seu president Crist\u00f3bal Aguado la jornada de celebraci\u00f3 de l&#8217;assemblea general, que va omplir la sala d&#8217;actes amb l&#8217;assist\u00e8ncia de compromissaris de totes les comarques. <a class=\"mh-excerpt-more\" href=\"https:\/\/tucomarca.whitekongsoftware.com\/ca\/lassemblea-general-de-ava-asaja-reclama-mes-mesures-perque-les-aprovades-fins-ara-no-son-el-que-necessitem\/\" title=\"L&#8217;assemblea general de AVA-Asaja reclama \u201cm\u00e9s mesures perqu\u00e8 les aprovades fins ara no s\u00f3n el que necessitem\u201d\">[+] <\/a><\/div>\n","protected":false},"author":12,"featured_media":224256,"comment_status":"open","ping_status":"open","sticky":false,"template":"","format":"standard","meta":{"footnotes":""},"categories":[10905,10898,10948,10894,10903,10947,10908,10909,10896],"tags":[11924,11099,10910],"class_list":["post-224258","post","type-post","status-publish","format-standard","has-post-thumbnail","category-agricultura-la-comarca-ca","category-ventana-ca","category-infraestructuras-ca","category-la-comarca-ca","category-medio-ambiente-la-comarca-ca","category-politica","category-requena-ca","category-requena-utiel-ca","category-seccion-ca","tag-ava-asaja-ca","tag-requena-ca","tag-requena-utiel-ca"],"_links":{"self":[{"href":"https:\/\/tucomarca.whitekongsoftware.com\/ca\/wp-json\/wp\/v2\/posts\/224258","targetHints":{"allow":["GET"]}}],"collection":[{"href":"https:\/\/tucomarca.whitekongsoftware.com\/ca\/wp-json\/wp\/v2\/posts"}],"about":[{"href":"https:\/\/tucomarca.whitekongsoftware.com\/ca\/wp-json\/wp\/v2\/types\/post"}],"author":[{"embeddable":true,"href":"https:\/\/tucomarca.whitekongsoftware.com\/ca\/wp-json\/wp\/v2\/users\/12"}],"replies":[{"embeddable":true,"href":"https:\/\/tucomarca.whitekongsoftware.com\/ca\/wp-json\/wp\/v2\/comments?post=224258"}],"version-history":[{"count":0,"href":"https:\/\/tucomarca.whitekongsoftware.com\/ca\/wp-json\/wp\/v2\/posts\/224258\/revisions"}],"wp:featuredmedia":[{"embeddable":true,"href":"https:\/\/tucomarca.whitekongsoftware.com\/ca\/wp-json\/wp\/v2\/media\/224256"}],"wp:attachment":[{"href":"https:\/\/tucomarca.whitekongsoftware.com\/ca\/wp-json\/wp\/v2\/media?parent=224258"}],"wp:term":[{"taxonomy":"category","embeddable":true,"href":"https:\/\/tucomarca.whitekongsoftware.com\/ca\/wp-json\/wp\/v2\/categories?post=224258"},{"taxonomy":"post_tag","embeddable":true,"href":"https:\/\/tucomarca.whitekongsoftware.com\/ca\/wp-json\/wp\/v2\/tags?post=224258"}],"curies":[{"name":"wp","href":"https:\/\/api.w.org\/{rel}","templated":true}]}}