{"id":224230,"date":"2024-05-24T12:00:00","date_gmt":"2024-05-24T10:00:00","guid":{"rendered":"https:\/\/www.tucomarca.com\/wordpress\/segunda\/?p=224230"},"modified":"2024-05-24T19:15:18","modified_gmt":"2024-05-24T17:15:18","slug":"el-jutjat-dinstruccio-numero-2-de-requena-arxiva-el-cas-de-prevaricacio-administrativa-contra-rafael-fora-ibanez-i-juan-carlos-fayos-palop","status":"publish","type":"post","link":"https:\/\/tucomarca.whitekongsoftware.com\/ca\/el-jutjat-dinstruccio-numero-2-de-requena-arxiva-el-cas-de-prevaricacio-administrativa-contra-rafael-fora-ibanez-i-juan-carlos-fayos-palop\/","title":{"rendered":"El Jutjat d&#8217;Instrucci\u00f3 n\u00famero 2 de Requena Arxiva el cas de prevaricaci\u00f3 administrativa contra Rafael Fora i Juan Carlos Fayos"},"content":{"rendered":"\n<p class=\"wp-block-paragraph\">El Jutjat d&#8217;Instrucci\u00f3 N\u00famero 2 de Requena ha dictaminat el sobrese\u00efment provisional i arxivament de les dilig\u00e8ncies pr\u00e8vies 485\/2022, relatives a un presumpte delicte de prevaricaci\u00f3 administrativa denunciat pel Ministeri Fiscal i diversos regidors del Partit Popular i PUG de Godelleta contra el llavors alcalde de la localitat, el socialista Rafael Fora Ib\u00e1\u00f1ez, i contra l&#8217;ex edil de Ciutadans, Juan Carlos Fayos Palop.<\/p>\n\n\n\n<p class=\"wp-block-paragraph\">Una den\u00fancia presentada pel PP i la Plataforma d&#8217;Urbanitzacions de Godelleta (PUG) despr\u00e9s de la moci\u00f3 de censura impulsada pel PSPV-PSOE al costat d&#8217;EU-Comprom\u00eds i l&#8217;ex edil de Ciutadans, que va arrabassar el govern de la localitat i l&#8217;alcaldia a Partit Popular i PUG.&nbsp;<\/p>\n\n\n\n<p class=\"wp-block-paragraph\">Concretament, la den\u00fancia de PP i PUG, que va ser presentada el 16 de maig de 2022, acusava els investigats de prendre decisions administratives contr\u00e0ries a dret, beneficiant suposadament al regidor Juan Carlos Fayos Palop despr\u00e9s de la seua expulsi\u00f3 del partit pol\u00edtic Ciutadans. Entre les acusacions, s&#8217;inclo\u00efen nomenaments per a llocs de tinent d&#8217;alcalde i regidor en diverses \u00e0rees de l&#8217;Ajuntament de Godelleta.<\/p>\n\n\n\n<p class=\"wp-block-paragraph\">Despr\u00e9s de la pr\u00e0ctica de les dilig\u00e8ncies d&#8217;instrucci\u00f3 necess\u00e0ries, el jutjat ha concl\u00f2s que els fets investigats no constitueixen una infracci\u00f3 penal. La resoluci\u00f3 destaca que les accions dels investigats &#8220;no resulten en una contradicci\u00f3 palesa i incontrovertible amb la normativa vigent&#8221; i que &#8220;no s&#8217;ha acreditat cap millora econ\u00f2mica derivada dels nomenaments&#8221;.<\/p>\n\n\n\n<p class=\"wp-block-paragraph\">En el seu acte, la jutgessa assegura que, segons la jurisprud\u00e8ncia, els actes pol\u00edtics com els nomenaments en q\u00fcesti\u00f3 no es consideren dins del delicte de prevaricaci\u00f3 administrativa. Aix\u00ed mateix, l&#8217;informe de l&#8217;Ajuntament de Godelleta i la declaraci\u00f3 testifical pertinent van recolzar que les percepcions econ\u00f2miques de Fayos Palop no van millorar amb els c\u00e0rrecs assignats.<\/p>\n\n\n\n<p class=\"wp-block-paragraph\">Les parts afectades tenien la possibilitat d&#8217;interposar recurs de reforma en el termini de tres dies des de la notificaci\u00f3 de la resoluci\u00f3, o b\u00e9 recurs d&#8217;apel\u00b7laci\u00f3 en el termini de cinc dies, encara que no s&#8217;han presentat.<\/p>\n","protected":false},"excerpt":{"rendered":"<div class=\"mh-excerpt\">El Jutjat d&#8217;Instrucci\u00f3 N\u00famero 2 de Requena ha dictaminat el sobrese\u00efment provisional i arxivament de les dilig\u00e8ncies pr\u00e8vies 485\/2022, relatives a un presumpte delicte de prevaricaci\u00f3 administrativa denunciat pel Ministeri Fiscal i diversos regidors del <a class=\"mh-excerpt-more\" href=\"https:\/\/tucomarca.whitekongsoftware.com\/ca\/el-jutjat-dinstruccio-numero-2-de-requena-arxiva-el-cas-de-prevaricacio-administrativa-contra-rafael-fora-ibanez-i-juan-carlos-fayos-palop\/\" title=\"El Jutjat d&#8217;Instrucci\u00f3 n\u00famero 2 de Requena Arxiva el cas de prevaricaci\u00f3 administrativa contra Rafael Fora i Juan Carlos Fayos\">[+] <\/a><\/div>\n","protected":false},"author":1,"featured_media":135448,"comment_status":"open","ping_status":"open","sticky":false,"template":"","format":"standard","meta":{"footnotes":""},"categories":[10977,10948,10894,10904,10912,10947,10896],"tags":[11087,10914],"class_list":["post-224230","post","type-post","status-publish","format-standard","has-post-thumbnail","category-godelleta-ca","category-infraestructuras-ca","category-la-comarca-ca","category-sin-categorizar-ca","category-la-hoya-ca","category-politica","category-seccion-ca","tag-godelleta-ca","tag-la-hoya-de-bunol-chiva-ca"],"_links":{"self":[{"href":"https:\/\/tucomarca.whitekongsoftware.com\/ca\/wp-json\/wp\/v2\/posts\/224230","targetHints":{"allow":["GET"]}}],"collection":[{"href":"https:\/\/tucomarca.whitekongsoftware.com\/ca\/wp-json\/wp\/v2\/posts"}],"about":[{"href":"https:\/\/tucomarca.whitekongsoftware.com\/ca\/wp-json\/wp\/v2\/types\/post"}],"author":[{"embeddable":true,"href":"https:\/\/tucomarca.whitekongsoftware.com\/ca\/wp-json\/wp\/v2\/users\/1"}],"replies":[{"embeddable":true,"href":"https:\/\/tucomarca.whitekongsoftware.com\/ca\/wp-json\/wp\/v2\/comments?post=224230"}],"version-history":[{"count":0,"href":"https:\/\/tucomarca.whitekongsoftware.com\/ca\/wp-json\/wp\/v2\/posts\/224230\/revisions"}],"wp:featuredmedia":[{"embeddable":true,"href":"https:\/\/tucomarca.whitekongsoftware.com\/ca\/wp-json\/wp\/v2\/media\/135448"}],"wp:attachment":[{"href":"https:\/\/tucomarca.whitekongsoftware.com\/ca\/wp-json\/wp\/v2\/media?parent=224230"}],"wp:term":[{"taxonomy":"category","embeddable":true,"href":"https:\/\/tucomarca.whitekongsoftware.com\/ca\/wp-json\/wp\/v2\/categories?post=224230"},{"taxonomy":"post_tag","embeddable":true,"href":"https:\/\/tucomarca.whitekongsoftware.com\/ca\/wp-json\/wp\/v2\/tags?post=224230"}],"curies":[{"name":"wp","href":"https:\/\/api.w.org\/{rel}","templated":true}]}}