{"id":224211,"date":"2024-05-24T11:00:00","date_gmt":"2024-05-24T09:00:00","guid":{"rendered":"https:\/\/www.tucomarca.com\/wordpress\/segunda\/?p=224211"},"modified":"2024-05-24T19:36:37","modified_gmt":"2024-05-24T17:36:37","slug":"pp-de-bunyol-les-entrades-als-camions-de-la-tomatina-son-una-iniciativa-per-a-millorar-lexperiencia-i-sostenibilitat-economica-de-lesdeveniment","status":"publish","type":"post","link":"https:\/\/tucomarca.whitekongsoftware.com\/ca\/pp-de-bunyol-les-entrades-als-camions-de-la-tomatina-son-una-iniciativa-per-a-millorar-lexperiencia-i-sostenibilitat-economica-de-lesdeveniment\/","title":{"rendered":"PP de Bunyol: &#8220;Les entrades als camions de La Tomatina s\u00f3n una iniciativa per a millorar l&#8217;experi\u00e8ncia i sostenibilitat econ\u00f2mica de l&#8217;esdeveniment&#8221;"},"content":{"rendered":"<div class=\"wp-block-image\">\n<figure class=\"alignleft size-full\"><img loading=\"lazy\" decoding=\"async\" width=\"225\" height=\"208\" src=\"http:\/\/www.tucomarca.com\/wordpress\/segunda\/wp-content\/uploads\/2024\/05\/logoPPBunol.jpg\" alt=\"\" class=\"wp-image-224208\"\/><\/figure>\n<\/div>\n\n\n<p class=\"wp-block-paragraph\">\u201cEnguany La Tomatina 2024 comptar\u00e0 amb la implementaci\u00f3 de 30 noves entrades per als camions de La Tomatina, disponibles a un preu de 500 euros cadascuna. Aquesta iniciativa t\u00e9 com a objectiu millorar l&#8217;experi\u00e8ncia dels participants, atraure a un p\u00fablic m\u00e9s divers i entusiasta i costejar part de les despeses de la festa. La inclusi\u00f3 d&#8217;aquestes noves entrades permetr\u00e0 als assistents gaudir d&#8217;una perspectiva \u00fanica i privilegiada de l&#8217;esdeveniment, accedint als camions des d&#8217;on es llancen les tomaques, la qual cosa els brindar\u00e0 una experi\u00e8ncia inigualable i memorable. Amb aquesta nova oferta, La Tomatina continua innovant i millorant per a continuar sent una de les festes populars m\u00e9s esperades i celebrades a tot el m\u00f3n&#8221;, tal como han hecho constar desde el PP bu\u00f1olense, actualmente al frente del gobierno municipal junto a X Bu\u00f1ol.<\/p>\n\n\n\n<p class=\"wp-block-paragraph\">&#8220;El llan\u00e7ament d&#8217;aquestes entrades no sols refor\u00e7a el comprom\u00eds del govern de Bunyol amb la qualitat i la satisfacci\u00f3 dels assistents, sin\u00f3 que tamb\u00e9 busca abordar un desafiament financer important. Volem que cada any La Tomatina siga una experi\u00e8ncia \u00fanica i especial per a tots els que ens visiten i aquestes entrades per als camions s\u00f3n un pas m\u00e9s en la nostra missi\u00f3 d&#8217;oferir el millor als nostres visitants i, al mateix temps, ajudar al fet que l&#8217;esdeveniment siga econ\u00f2micament sostenible i no represente una c\u00e0rrega per als ve\u00efns de Bunyol&#8221;, han afegit.<\/p>\n\n\n\n<p class=\"wp-block-paragraph\">&#8220;En els \u00faltims anys, La Tomatina ha enfrontat dificultats financeres, operant amb un d\u00e8ficit que tenim com a objectiu eliminar. Amb aquesta nova iniciativa d&#8217;entrades per als camions s&#8217;espera generar ingressos addicionals que permeten cobrir els costos de l&#8217;esdeveniment, reduint aix\u00ed la depend\u00e8ncia de fons municipals i, en \u00faltima inst\u00e0ncia, minimitzant l&#8217;impacte econ\u00f2mic en els residents de Bunyol&#8221;.<br>&#8220;\u00c9s important ressaltar que la incorporaci\u00f3 d&#8217;aquestes noves entrades no disminuir\u00e0 el nombre de places disponibles per als bu\u00f1oleros en els camions. Al contrari, el nombre total de places s&#8217;ampliar\u00e0, assegurant que tots els residents de Bunyol puguen gaudir de La Tomatina com cada any. Aquesta mesura est\u00e0 dissenyada per a millorar l&#8217;experi\u00e8ncia de l&#8217;esdeveniment sense perjudicar l&#8217;acc\u00e9s dels ve\u00efns de la localitat&#8221;.<\/p>\n\n\n\n<p class=\"wp-block-paragraph\">&#8220;Lamentablement, no tots han rebut aquesta not\u00edcia amb el mateix entusiasme. L&#8217;oposici\u00f3 ha manifestat el seu desacord amb la iniciativa, argumentant que els preus de les entrades s\u00f3n excessius i excloents. No obstant aix\u00f2, aquestes cr\u00edtiques semblen ignorar el vertader valor que aquesta proposta aporta al nostre municipi i a la festa en si, viabilitat econ\u00f2mica i millor oferta. \u00c9s important recordar que La Tomatina \u00e9s un esdeveniment que ha posat a Bunyol en el mapa internacional, atraient a milers de turistes cada any i contribuint significativament a l&#8217;economia local. Les entrades no sols milloren l&#8217;experi\u00e8ncia de la festa, sin\u00f3 que tamb\u00e9 generen ingressos addicionals que es reinverteixen en l&#8217;organitzaci\u00f3 i millora cont\u00ednua de l&#8217;esdeveniment, beneficiant a tota la comunitat.<br>En lloc de centrar els seus esfor\u00e7os a desacreditar una iniciativa que busca millorar i evolucionar la nostra festa m\u00e9s internacional, l&#8217;oposici\u00f3 hauria d&#8217;unir-se en suport a les millores i avan\u00e7os que continuen posant a Bunyol en el centre de l&#8217;atenci\u00f3 mundial. La Tomatina \u00e9s una festa que uneix a persones de totes les edats i nacionalitats, i amb aquestes noves entrades estem segurs que continuar\u00e0 creixent en popularitat i \u00e8xit\u201d, han finalitzat.<\/p>\n","protected":false},"excerpt":{"rendered":"<div class=\"mh-excerpt\">\u201cEnguany La Tomatina 2024 comptar\u00e0 amb la implementaci\u00f3 de 30 noves entrades per als camions de La Tomatina, disponibles a un preu de 500 euros cadascuna. Aquesta iniciativa t\u00e9 com a objectiu millorar l&#8217;experi\u00e8ncia dels <a class=\"mh-excerpt-more\" href=\"https:\/\/tucomarca.whitekongsoftware.com\/ca\/pp-de-bunyol-les-entrades-als-camions-de-la-tomatina-son-una-iniciativa-per-a-millorar-lexperiencia-i-sostenibilitat-economica-de-lesdeveniment\/\" title=\"PP de Bunyol: &#8220;Les entrades als camions de La Tomatina s\u00f3n una iniciativa per a millorar l&#8217;experi\u00e8ncia i sostenibilitat econ\u00f2mica de l&#8217;esdeveniment&#8221;\">[+] <\/a><\/div>\n","protected":false},"author":12,"featured_media":224209,"comment_status":"open","ping_status":"open","sticky":false,"template":"","format":"standard","meta":{"footnotes":""},"categories":[10911,10948,10894,10912,10947,10896],"tags":[10913,10914,11686],"class_list":["post-224211","post","type-post","status-publish","format-standard","has-post-thumbnail","category-bunol-ca","category-infraestructuras-ca","category-la-comarca-ca","category-la-hoya-ca","category-politica","category-seccion-ca","tag-bunol-ca","tag-la-hoya-de-bunol-chiva-ca","tag-pp-bunol-ca"],"_links":{"self":[{"href":"https:\/\/tucomarca.whitekongsoftware.com\/ca\/wp-json\/wp\/v2\/posts\/224211","targetHints":{"allow":["GET"]}}],"collection":[{"href":"https:\/\/tucomarca.whitekongsoftware.com\/ca\/wp-json\/wp\/v2\/posts"}],"about":[{"href":"https:\/\/tucomarca.whitekongsoftware.com\/ca\/wp-json\/wp\/v2\/types\/post"}],"author":[{"embeddable":true,"href":"https:\/\/tucomarca.whitekongsoftware.com\/ca\/wp-json\/wp\/v2\/users\/12"}],"replies":[{"embeddable":true,"href":"https:\/\/tucomarca.whitekongsoftware.com\/ca\/wp-json\/wp\/v2\/comments?post=224211"}],"version-history":[{"count":0,"href":"https:\/\/tucomarca.whitekongsoftware.com\/ca\/wp-json\/wp\/v2\/posts\/224211\/revisions"}],"wp:featuredmedia":[{"embeddable":true,"href":"https:\/\/tucomarca.whitekongsoftware.com\/ca\/wp-json\/wp\/v2\/media\/224209"}],"wp:attachment":[{"href":"https:\/\/tucomarca.whitekongsoftware.com\/ca\/wp-json\/wp\/v2\/media?parent=224211"}],"wp:term":[{"taxonomy":"category","embeddable":true,"href":"https:\/\/tucomarca.whitekongsoftware.com\/ca\/wp-json\/wp\/v2\/categories?post=224211"},{"taxonomy":"post_tag","embeddable":true,"href":"https:\/\/tucomarca.whitekongsoftware.com\/ca\/wp-json\/wp\/v2\/tags?post=224211"}],"curies":[{"name":"wp","href":"https:\/\/api.w.org\/{rel}","templated":true}]}}