{"id":224153,"date":"2024-06-02T11:00:00","date_gmt":"2024-06-02T09:00:00","guid":{"rendered":"https:\/\/www.tucomarca.com\/wordpress\/segunda\/?p=224153"},"modified":"2024-06-02T11:08:22","modified_gmt":"2024-06-02T09:08:22","slug":"bunyol-celebrara-la-seua-xvii-fira-de-comerc-en-el-planell-del-7-al-9-de-juny","status":"publish","type":"post","link":"https:\/\/tucomarca.whitekongsoftware.com\/ca\/bunyol-celebrara-la-seua-xvii-fira-de-comerc-en-el-planell-del-7-al-9-de-juny\/","title":{"rendered":"Bunyol celebrar\u00e0 la seua XVII Fira de Comer\u00e7 en El Planell del 7 al 9 de juny"},"content":{"rendered":"\n<p class=\"wp-block-paragraph\">Els pr\u00f2xims dies 7, 8 i 9 de juny, el municipi de Bunyol es vestir\u00e0 de festa per a celebrar la XVII Fira de Comer\u00e7 en l&#8217;Avinguda d&#8217;acc\u00e9s al Planell. Organitzada per l&#8217;Ajuntament de Bunyol en col\u00b7laboraci\u00f3 amb l&#8217;Associaci\u00f3 de Comerciants i Empresaris (ACyEB), aquesta fira s&#8217;ha consolidat com un esdeveniment destacat en el calendari de la localitat per a promoure el comer\u00e7 i l&#8217;economia local.<\/p>\n\n\n<div class=\"wp-block-image\">\n<figure class=\"alignleft size-large is-resized\"><img loading=\"lazy\" decoding=\"async\" width=\"728\" height=\"1024\" src=\"http:\/\/www.tucomarca.com\/wordpress\/segunda\/wp-content\/uploads\/2024\/05\/BunolFeriaComercio24-728x1024.jpg\" alt=\"\" class=\"wp-image-224066\" style=\"width:316px;height:auto\" srcset=\"https:\/\/tucomarca.whitekongsoftware.com\/wp-content\/uploads\/2024\/05\/BunolFeriaComercio24-728x1024.jpg 728w, https:\/\/tucomarca.whitekongsoftware.com\/wp-content\/uploads\/2024\/05\/BunolFeriaComercio24-213x300.jpg 213w, https:\/\/tucomarca.whitekongsoftware.com\/wp-content\/uploads\/2024\/05\/BunolFeriaComercio24-768x1080.jpg 768w, https:\/\/tucomarca.whitekongsoftware.com\/wp-content\/uploads\/2024\/05\/BunolFeriaComercio24-1092x1536.jpg 1092w, https:\/\/tucomarca.whitekongsoftware.com\/wp-content\/uploads\/2024\/05\/BunolFeriaComercio24.jpg 1456w\" sizes=\"auto, (max-width: 728px) 100vw, 728px\" \/><\/figure>\n<\/div>\n\n\n<p class=\"wp-block-paragraph\">Durant tres dies, els visitants tindran l&#8217;oportunitat de gaudir d&#8217;una \u00e0mplia varietat de productes i serveis oferits pels comerciants locals. Des de moda i accessoris fins a gastronomia i articles per a la llar, la fira promet una experi\u00e8ncia de compres \u00fanica en un ambient festiu i acollidor.<\/p>\n\n\n\n<p class=\"wp-block-paragraph\">&#8220;Aquesta fira \u00e9s una excel\u00b7lent oportunitat per a fer costat als nostres comerciants i empresaris locals, que s\u00f3n una part fonamental de l&#8217;economia de Bunyol&#8221;, ha afirmat Mario Al\u00eds, regidor de Comer\u00e7 de l&#8217;Ajuntament de Bunyol. &#8220;Convidem a tots a participar i gaudir de les activitats i ofertes que s&#8217;han preparat amb molt d&#8217;entusiasme&#8221;, ha afegit.<\/p>\n\n\n<div class=\"wp-block-image\">\n<figure class=\"alignright size-large is-resized\"><img loading=\"lazy\" decoding=\"async\" width=\"728\" height=\"1024\" src=\"http:\/\/www.tucomarca.com\/wordpress\/segunda\/wp-content\/uploads\/2024\/05\/BunolFeriaComercio2-728x1024.jpg\" alt=\"\" class=\"wp-image-224072\" style=\"width:335px;height:auto\" srcset=\"https:\/\/tucomarca.whitekongsoftware.com\/wp-content\/uploads\/2024\/05\/BunolFeriaComercio2-728x1024.jpg 728w, https:\/\/tucomarca.whitekongsoftware.com\/wp-content\/uploads\/2024\/05\/BunolFeriaComercio2-213x300.jpg 213w, https:\/\/tucomarca.whitekongsoftware.com\/wp-content\/uploads\/2024\/05\/BunolFeriaComercio2-768x1081.jpg 768w, https:\/\/tucomarca.whitekongsoftware.com\/wp-content\/uploads\/2024\/05\/BunolFeriaComercio2.jpg 886w\" sizes=\"auto, (max-width: 728px) 100vw, 728px\" \/><\/figure>\n<\/div>\n\n\n<p class=\"wp-block-paragraph\">L&#8217;esdeveniment comptar\u00e0 amb diverses desenes expositors que mostraran els seus productes i serveis, oferint promocions per als assistents. A m\u00e9s, la fira inclour\u00e0 una s\u00e8rie d&#8217;activitats paral\u00b7leles per a totes les edats, com a tallers, exhibicions, gastronomia local, actuacions musicals i activitats infantils.<\/p>\n\n\n\n<p class=\"wp-block-paragraph\">La inauguraci\u00f3 de la XVII Fira de Comer\u00e7 tindr\u00e0 lloc el divendres, 7 de juny, a les 19,00 hores, amb la pres\u00e8ncia de l&#8217;alcaldessa, Virginia Sanz, el regidor de Comer\u00e7, Mario Al\u00eds, i altres membres de la corporaci\u00f3 municipal, aix\u00ed com el president d&#8217;Uni\u00f3 Gremial, Mauro Lorenzo, el president de la ACyEB, Pedro Rubio, i la Reina de la Fira i Festes, Celeste Agustina.<\/p>\n\n\n\n<p class=\"wp-block-paragraph\">El Planell ha sigut triat una vegada m\u00e9s com l&#8217;escenari ideal per a aquest esdeveniment. La seua ubicaci\u00f3 accessible i les seues \u00e0mplies instal\u00b7lacions garanteixen una experi\u00e8ncia c\u00f2moda i agradable per a tots els visitants.<\/p>\n\n\n\n<p class=\"wp-block-paragraph\">Per a m\u00e9s informaci\u00f3 sobre la XVII Fira de Comer\u00e7 de Bunyol, poden visitar la p\u00e0gina web de l&#8217;Ajuntament de Bunyol o seguir les xarxes socials de la ACyEB, on es publicaran detalls sobre els expositors i el programa d&#8217;activitats.<\/p>\n\n\n\n<figure class=\"wp-block-image size-large\"><img loading=\"lazy\" decoding=\"async\" width=\"1024\" height=\"726\" src=\"http:\/\/www.tucomarca.com\/wordpress\/segunda\/wp-content\/uploads\/2024\/05\/IMG-20240522-WA0020-1024x726.jpg\" alt=\"\" class=\"wp-image-224077\" srcset=\"https:\/\/tucomarca.whitekongsoftware.com\/wp-content\/uploads\/2024\/05\/IMG-20240522-WA0020-1024x726.jpg 1024w, https:\/\/tucomarca.whitekongsoftware.com\/wp-content\/uploads\/2024\/05\/IMG-20240522-WA0020-300x213.jpg 300w, https:\/\/tucomarca.whitekongsoftware.com\/wp-content\/uploads\/2024\/05\/IMG-20240522-WA0020-768x545.jpg 768w, https:\/\/tucomarca.whitekongsoftware.com\/wp-content\/uploads\/2024\/05\/IMG-20240522-WA0020-1536x1090.jpg 1536w, https:\/\/tucomarca.whitekongsoftware.com\/wp-content\/uploads\/2024\/05\/IMG-20240522-WA0020.jpg 1600w\" sizes=\"auto, (max-width: 1024px) 100vw, 1024px\" \/><\/figure>\n","protected":false},"excerpt":{"rendered":"<div class=\"mh-excerpt\">Els pr\u00f2xims dies 7, 8 i 9 de juny, el municipi de Bunyol es vestir\u00e0 de festa per a celebrar la XVII Fira de Comer\u00e7 en l&#8217;Avinguda d&#8217;acc\u00e9s al Planell. Organitzada per l&#8217;Ajuntament de Bunyol <a class=\"mh-excerpt-more\" href=\"https:\/\/tucomarca.whitekongsoftware.com\/ca\/bunyol-celebrara-la-seua-xvii-fira-de-comerc-en-el-planell-del-7-al-9-de-juny\/\" title=\"Bunyol celebrar\u00e0 la seua XVII Fira de Comer\u00e7 en El Planell del 7 al 9 de juny\">[+] <\/a><\/div>\n","protected":false},"author":12,"featured_media":224067,"comment_status":"open","ping_status":"open","sticky":false,"template":"","format":"standard","meta":{"footnotes":""},"categories":[11019,10911,10948,10894,10912,11007,10947,10896],"tags":[10913,10914,20743],"class_list":["post-224153","post","type-post","status-publish","format-standard","has-post-thumbnail","category-agenda-ca","category-bunol-ca","category-infraestructuras-ca","category-la-comarca-ca","category-la-hoya-ca","category-ocio-y-cultura-ca","category-politica","category-seccion-ca","tag-bunol-ca","tag-la-hoya-de-bunol-chiva-ca","tag-xvii-feria-de-comercio-de-bunol-ca"],"_links":{"self":[{"href":"https:\/\/tucomarca.whitekongsoftware.com\/ca\/wp-json\/wp\/v2\/posts\/224153","targetHints":{"allow":["GET"]}}],"collection":[{"href":"https:\/\/tucomarca.whitekongsoftware.com\/ca\/wp-json\/wp\/v2\/posts"}],"about":[{"href":"https:\/\/tucomarca.whitekongsoftware.com\/ca\/wp-json\/wp\/v2\/types\/post"}],"author":[{"embeddable":true,"href":"https:\/\/tucomarca.whitekongsoftware.com\/ca\/wp-json\/wp\/v2\/users\/12"}],"replies":[{"embeddable":true,"href":"https:\/\/tucomarca.whitekongsoftware.com\/ca\/wp-json\/wp\/v2\/comments?post=224153"}],"version-history":[{"count":0,"href":"https:\/\/tucomarca.whitekongsoftware.com\/ca\/wp-json\/wp\/v2\/posts\/224153\/revisions"}],"wp:featuredmedia":[{"embeddable":true,"href":"https:\/\/tucomarca.whitekongsoftware.com\/ca\/wp-json\/wp\/v2\/media\/224067"}],"wp:attachment":[{"href":"https:\/\/tucomarca.whitekongsoftware.com\/ca\/wp-json\/wp\/v2\/media?parent=224153"}],"wp:term":[{"taxonomy":"category","embeddable":true,"href":"https:\/\/tucomarca.whitekongsoftware.com\/ca\/wp-json\/wp\/v2\/categories?post=224153"},{"taxonomy":"post_tag","embeddable":true,"href":"https:\/\/tucomarca.whitekongsoftware.com\/ca\/wp-json\/wp\/v2\/tags?post=224153"}],"curies":[{"name":"wp","href":"https:\/\/api.w.org\/{rel}","templated":true}]}}