{"id":224149,"date":"2024-05-23T10:10:00","date_gmt":"2024-05-23T08:10:00","guid":{"rendered":"https:\/\/www.tucomarca.com\/wordpress\/segunda\/?p=224149"},"modified":"2024-05-23T20:44:09","modified_gmt":"2024-05-23T18:44:09","slug":"la-diputacio-de-valencia-exporta-a-brusselles-la-seua-estrategia-de-promocio-de-territoris-rurals","status":"publish","type":"post","link":"https:\/\/tucomarca.whitekongsoftware.com\/ca\/la-diputacio-de-valencia-exporta-a-brusselles-la-seua-estrategia-de-promocio-de-territoris-rurals\/","title":{"rendered":"La Diputaci\u00f3 de Val\u00e8ncia exporta a Brussel\u00b7les la seua estrat\u00e8gia de promoci\u00f3 de territoris rurals"},"content":{"rendered":"\n<h3 class=\"wp-block-heading\">Una delegaci\u00f3 de l&#8217;\u00e0rea de Desenvolupament Rural de la instituci\u00f3 provincial participa en una jornada t\u00e8cnica sobre el Pacte Rural Europeu junt a un centenar de representants d&#8217;administracions regionals i locals<\/h3>\n\n\n\n<p class=\"wp-block-paragraph\">L&#8217;\u00e0rea de Desenvolupament Rural de la Diputaci\u00f3 de Val\u00e8ncia ha participat en la jornada t\u00e8cnica \u2018Acostant el pacte rural a la ciutadania\u2019, que organitza la Comissi\u00f3 Europea \u201cper a definir i prioritzar actuacions en mat\u00e8ria de promoci\u00f3 socioecon\u00f2mica dels territoris rurals\u201d.<\/p>\n\n\n\n<p class=\"wp-block-paragraph\">La jornada, desenvolupada baix el format de \u201cPolicy Lab\u201d ha reunit un centenar de representants d&#8217;administracions regionals i locals, grups d&#8217;acci\u00f3 local i altres agents implicats en la millora dels territoris rurals de 26 estats membres, seleccionats a partir de les m\u00e9s de 250 peticions de participaci\u00f3 registrades.<\/p>\n\n\n\n<p class=\"wp-block-paragraph\">La Diputaci\u00f3 de Val\u00e8ncia ha sigut l&#8217;\u00fanica entitat de la Comunitat Valenciana seleccionada per a participar en esta jornada, refor\u00e7ant d&#8217;esta manera el seu paper de catalitzador de les accions de promoci\u00f3 socioecon\u00f2mica del m\u00f3n rural valenci\u00e0 a trav\u00e9s del suport als ajuntaments dels municipis m\u00e9s xicotets, i a la col\u00b7laboraci\u00f3 activa amb actors p\u00fablics i privats del territori.<\/p>\n\n\n\n<p class=\"wp-block-paragraph\">El diputat de Desenvolupament Rural, Avelino Mascarell, afirma que \u201cla participaci\u00f3 en estes confer\u00e8ncies internacionals \u00e9s una inversi\u00f3 de present i de futur\u201d i continua: \u201cgr\u00e0cies a la pres\u00e8ncia en el f\u00f2rum del nostre cap de secci\u00f3 de desenvolupament rural, Fidel Garc\u00eda, no sols continuem important i exportant millors pr\u00e0ctiques, sin\u00f3 que comencem a construir els lla\u00e7os amb operadors de tota Europa, creant sin\u00e8rgies per a comptar amb una bona estrat\u00e8gia quan se extingisquen els fons europeus i h\u00e0gem de revitalitzar l&#8217;entorn rural \u00fanicament amb mitjans propis dels territoris\u201d.<\/p>\n\n\n\n<figure class=\"wp-block-image size-full\"><img loading=\"lazy\" decoding=\"async\" width=\"886\" height=\"665\" src=\"http:\/\/www.tucomarca.com\/wordpress\/segunda\/wp-content\/uploads\/2024\/05\/VTurismeBruselas1.jpg\" alt=\"\" class=\"wp-image-224142\" srcset=\"https:\/\/tucomarca.whitekongsoftware.com\/wp-content\/uploads\/2024\/05\/VTurismeBruselas1.jpg 886w, https:\/\/tucomarca.whitekongsoftware.com\/wp-content\/uploads\/2024\/05\/VTurismeBruselas1-300x225.jpg 300w, https:\/\/tucomarca.whitekongsoftware.com\/wp-content\/uploads\/2024\/05\/VTurismeBruselas1-768x576.jpg 768w, https:\/\/tucomarca.whitekongsoftware.com\/wp-content\/uploads\/2024\/05\/VTurismeBruselas1-678x509.jpg 678w, https:\/\/tucomarca.whitekongsoftware.com\/wp-content\/uploads\/2024\/05\/VTurismeBruselas1-326x245.jpg 326w, https:\/\/tucomarca.whitekongsoftware.com\/wp-content\/uploads\/2024\/05\/VTurismeBruselas1-80x60.jpg 80w\" sizes=\"auto, (max-width: 886px) 100vw, 886px\" \/><\/figure>\n\n\n\n<p class=\"wp-block-paragraph\"><strong>Visi\u00f3 estrat\u00e8gica<\/strong><\/p>\n\n\n\n<p class=\"wp-block-paragraph\">L&#8217;aprovaci\u00f3 del Pacte Rural Europeu per part de la Comissi\u00f3 Europea, aix\u00ed com el document estrat\u00e8gic de visi\u00f3 rural a llarg termini, ha suposat la creaci\u00f3 d&#8217;un espai formal que servix de marc per a potenciar la cooperaci\u00f3 entre administracions, societat civil, empreses, entitats del m\u00f3n acad\u00e8mic i ciutadans per a actuar de manera coordinada i aconseguir objectius comuns.<\/p>\n\n\n\n<p class=\"wp-block-paragraph\">L&#8217;objectiu d&#8217;esta iniciativa \u00e9s amplificar la veu rural, integrant-la en l\u2019agenda pol\u00edtica gr\u00e0cies a una estructura de xarxa col\u00b7laborativa basada en els compromisos reeixits per les entitats participants de cara a la millora del m\u00f3n rural.<\/p>\n\n\n\n<p class=\"wp-block-paragraph\">Aix\u00ed, durant la sessi\u00f3 s&#8217;han donat a con\u00e9ixer les l\u00ednies mestres de les pol\u00edtiques europees en mat\u00e8ria d&#8217;impuls rural, entre les quals destaquen 24 accions tem\u00e0tiques sobre q\u00fcestions com els pobles intel\u00b7ligents (Smart Villages), el treball en xarxa dels Grups d&#8217;Acci\u00f3 Local LEADER, l&#8217;agricultura sostenible, els programes Erasmus Rurals, la millora de la mobilitat rural, digitalitzaci\u00f3 i connectivitat, l&#8217;energia i el medi ambient, la resili\u00e8ncia de la dona rural, l&#8217;emprenedoria i cooperativisme, comunitats de docents del m\u00f3n rural, el foment de les indicacions geogr\u00e0fiques protegides o el treball en xarxa dels municipis forestals, aix\u00ed com una compilaci\u00f3 de bones pr\u00e0ctiques de Grups d&#8217;Acci\u00f3 Local com els del Priorat, la Vall del Loira o Montes Apeninos.<\/p>\n\n\n\n<p class=\"wp-block-paragraph\">El personal t\u00e8cnic participants ha pogut tamb\u00e9 identificar els principals reptes a afrontar per a la implantaci\u00f3 de pol\u00edtiques efectives de suport al m\u00f3n rural, remarcant la necessitat de coordinaci\u00f3 entre tots els agents implicats, potenciant el treball en xarxa, i la conveni\u00e8ncia de refor\u00e7ar el paper dels Grups d&#8217;Acci\u00f3 Local, dotant-los de majors mitjans que els permeten implicar-se encara m\u00e9s en la millora dels seus territoris, m\u00e9s enll\u00e0 de la gesti\u00f3 dels fons europeus LEADER per a empreses i ajuntaments.<\/p>\n\n\n\n<p class=\"wp-block-paragraph\">Les actuacions de la Diputaci\u00f3 de Val\u00e8ncia en mat\u00e8ria de desenvolupament rural, integrades en l&#8217;\u00e0rea de Medi Ambient encap\u00e7alada pel diputat Avelino Mascarell, estan plenament aliniades amb les tem\u00e0tiques destacades per la Comissi\u00f3 Europea.<\/p>\n\n\n\n<p class=\"wp-block-paragraph\">En este sentit, a m\u00e9s de la gesti\u00f3 del Fons de Cooperaci\u00f3 Municipal contra la despoblaci\u00f3, a trav\u00e9s del qual Diputaci\u00f3 i Generalitat milloren el finan\u00e7ament dels 62 municipis valencians, el diputat ha destacat \u201cla col\u00b7laboraci\u00f3 amb els cinc Grups d&#8217;Acci\u00f3 Local de la prov\u00edncia de Val\u00e8ncia per al treball en xarxa i la promoci\u00f3 de productes agroalimentaris locals, les ajudes a les escoles rurals i a la millora de la mobilitat, l&#8217;impuls de l&#8217;emprenedoria als pobles m\u00e9s xicotets, entre altres assumptes, en col\u00b7laboraci\u00f3 amb altres entitats i departaments de la Diputaci\u00f3 centrats en el foment de la bioeconomia forestal, l&#8217;economia lligada a l&#8217;activitat cineg\u00e8tica, o el turisme en municipis en risc de despoblaci\u00f3\u201d.<\/p>\n","protected":false},"excerpt":{"rendered":"<div class=\"mh-excerpt\">Una delegaci\u00f3 de l&#8217;\u00e0rea de Desenvolupament Rural de la instituci\u00f3 provincial participa en una jornada t\u00e8cnica sobre el Pacte Rural Europeu junt a un centenar de representants d&#8217;administracions regionals i locals L&#8217;\u00e0rea de Desenvolupament Rural <a class=\"mh-excerpt-more\" href=\"https:\/\/tucomarca.whitekongsoftware.com\/ca\/la-diputacio-de-valencia-exporta-a-brusselles-la-seua-estrategia-de-promocio-de-territoris-rurals\/\" title=\"La Diputaci\u00f3 de Val\u00e8ncia exporta a Brussel\u00b7les la seua estrat\u00e8gia de promoci\u00f3 de territoris rurals\">[+] <\/a><\/div>\n","protected":false},"author":12,"featured_media":224148,"comment_status":"open","ping_status":"open","sticky":false,"template":"","format":"standard","meta":{"footnotes":""},"categories":[10894,10904,10947,10896],"tags":[11246,19402,11404],"class_list":["post-224149","post","type-post","status-publish","format-standard","has-post-thumbnail","category-la-comarca-ca","category-sin-categorizar-ca","category-politica","category-seccion-ca","tag-diputacio-de-valencia-ca","tag-territorios-rurales-ca","tag-valencia-turisme-ca"],"_links":{"self":[{"href":"https:\/\/tucomarca.whitekongsoftware.com\/ca\/wp-json\/wp\/v2\/posts\/224149","targetHints":{"allow":["GET"]}}],"collection":[{"href":"https:\/\/tucomarca.whitekongsoftware.com\/ca\/wp-json\/wp\/v2\/posts"}],"about":[{"href":"https:\/\/tucomarca.whitekongsoftware.com\/ca\/wp-json\/wp\/v2\/types\/post"}],"author":[{"embeddable":true,"href":"https:\/\/tucomarca.whitekongsoftware.com\/ca\/wp-json\/wp\/v2\/users\/12"}],"replies":[{"embeddable":true,"href":"https:\/\/tucomarca.whitekongsoftware.com\/ca\/wp-json\/wp\/v2\/comments?post=224149"}],"version-history":[{"count":0,"href":"https:\/\/tucomarca.whitekongsoftware.com\/ca\/wp-json\/wp\/v2\/posts\/224149\/revisions"}],"wp:featuredmedia":[{"embeddable":true,"href":"https:\/\/tucomarca.whitekongsoftware.com\/ca\/wp-json\/wp\/v2\/media\/224148"}],"wp:attachment":[{"href":"https:\/\/tucomarca.whitekongsoftware.com\/ca\/wp-json\/wp\/v2\/media?parent=224149"}],"wp:term":[{"taxonomy":"category","embeddable":true,"href":"https:\/\/tucomarca.whitekongsoftware.com\/ca\/wp-json\/wp\/v2\/categories?post=224149"},{"taxonomy":"post_tag","embeddable":true,"href":"https:\/\/tucomarca.whitekongsoftware.com\/ca\/wp-json\/wp\/v2\/tags?post=224149"}],"curies":[{"name":"wp","href":"https:\/\/api.w.org\/{rel}","templated":true}]}}