{"id":223860,"date":"2024-05-21T12:58:00","date_gmt":"2024-05-21T10:58:00","guid":{"rendered":"https:\/\/www.tucomarca.com\/wordpress\/segunda\/?p=223860"},"modified":"2024-05-21T19:18:35","modified_gmt":"2024-05-21T17:18:35","slug":"fotogaleria-godelleta-acull-la-iv-fira-del-bou-de-corda-de-la-comunitat-valenciana","status":"publish","type":"post","link":"https:\/\/tucomarca.whitekongsoftware.com\/ca\/fotogaleria-godelleta-acull-la-iv-fira-del-bou-de-corda-de-la-comunitat-valenciana\/","title":{"rendered":"Fotogaler\u00eda: Godelleta acull la IV Fira del Bou de Corda de la Comunitat Valenciana"},"content":{"rendered":"\n<h3 class=\"wp-block-heading\">Vicente Huet, director del gabinet de presid\u00e8ncia de la Diputaci\u00f3 de Val\u00e8ncia, va ser present el dia de la inauguraci\u00f3.<\/h3>\n\n\n\n<p class=\"wp-block-paragraph\">La IV Fira del Bou de Corda de la Comunitat Valenciana s&#8217;ha celebrat enguany a Godelleta, on el ve\u00efnat i persones visitants han pogut gaudir de diverses activitats relacionades amb aquesta tradici\u00f3 tan arrelada en la localitat. El divendres, el dia de la presentaci\u00f3, van acudir al municipi Vicente Huet, director del gabinet de presid\u00e8ncia de la Diputaci\u00f3 de Val\u00e8ncia, Arturo Alepuz Arru\u00e9, director general d&#8217;Interior de la Conselleria de Just\u00edcia i Interior, Vicente Mont\u00f3, alcalde de Macaste, Amparo Fort, alcaldessa de Xiva, Miguel Esteban, alcalde d&#8217;I\u00e0tova, Paco Villalba, coordinador comarcal de la Foia-Bunyol, Jes\u00fas Hig\u00f3n, alcalde d&#8217;Alboraig, Elio Cabanes, alcalde de Font de la Figuera, Sergio Vilar, alcalde de Montserrat i Ismael Jos\u00e9 Corell, alcalde de Tor\u00eds.<\/p>\n\n\n\n<p class=\"wp-block-paragraph\">El dissabte es van desenvolupar les tres exhibicions de bou de corda, amb la participaci\u00f3 de Godelleta, I\u00e0tova i Xiva, \u201cunes emocionants demostracions on el nostre poble va fer part del recorregut i parades habituals\u201d, destaca Amparo Pardo, l&#8217;alcaldessa de Godelleta. Dia en qu\u00e8 van rebre en el municipi a Javier Montero, secretari auton\u00f2mic de Seguretat i Emerg\u00e8ncies de la Conselleria de Just\u00edcia i Interior, qui va poder con\u00e9ixer la cultura taurina del municipi i els seus llocs habituals en el recorregut del bou. Despr\u00e9s, es va organitzar un esmorzar popular en l&#8217;avinguda Vicente Lassala, on es va poder degustar guisat de bou o samfaina d&#8217;embotit. Posteriorment es va gaudir d&#8217;un remember dels anys 90.<\/p>\n\n\n\n<p class=\"wp-block-paragraph\">El diumenge, \u00faltim dia de la fira, es van celebrar quatre exposicions de bou de corda, amb la participaci\u00f3 de Moixent, Aielo de Malferit, Picassent i Godelleta, aix\u00ed com de persones aficionades que van mostrar les seues habilitats en aquesta pr\u00e0ctica. Despr\u00e9s de les exhibicions, es va finalitzar la quarta edici\u00f3 de la fira amb carretones per al p\u00fablic infantil, que van gaudir d&#8217;una jornada l\u00fadica i divertida. D&#8217;aquesta manera, Amparo Pardo recalca: \u201c\u00c9s essencial incloure a tots els p\u00fablics i totes les edats en cada esdeveniment que tinga lloc en el municipi\u201d.<\/p>\n\n\n\n<p class=\"wp-block-paragraph\">En definitiva, la IV Fira del Bou de Corda de la Comunitat Valenciana a Godelleta ha sigut un esdeveniment molt complet i emocionant, en el qual s&#8217;ha retut homenatge a aquesta tradici\u00f3 tan arrelada en la localitat i s&#8217;ha gaudit de moments de diversi\u00f3 i conviv\u00e8ncia. Sens dubte, aquest esdeveniment es consolida com una cita imprescindible per a amants d&#8217;aquesta pr\u00e0ctica tradicional a la Comunitat Valenciana. \u201cUn cap de setmana que una vegada m\u00e9s ha unit a la ciutadania i ha preservat les tradicions del nostre poble\u201d, conclou l&#8217;alcaldessa.<\/p>\n\n\n\n<figure class=\"wp-block-gallery has-nested-images columns-2 is-cropped wp-block-gallery-1 is-layout-flex wp-block-gallery-is-layout-flex\">\n<figure class=\"wp-block-image size-large\"><img loading=\"lazy\" decoding=\"async\" width=\"886\" height=\"560\" data-id=\"223841\" src=\"https:\/\/www.tucomarca.com\/wordpress\/segunda\/wp-content\/uploads\/2024\/05\/GodelletaFeriaToro03.jpg\" alt=\"\" class=\"wp-image-223841\" srcset=\"https:\/\/tucomarca.whitekongsoftware.com\/wp-content\/uploads\/2024\/05\/GodelletaFeriaToro03.jpg 886w, https:\/\/tucomarca.whitekongsoftware.com\/wp-content\/uploads\/2024\/05\/GodelletaFeriaToro03-300x190.jpg 300w, https:\/\/tucomarca.whitekongsoftware.com\/wp-content\/uploads\/2024\/05\/GodelletaFeriaToro03-768x485.jpg 768w\" sizes=\"auto, (max-width: 886px) 100vw, 886px\" \/><\/figure>\n\n\n\n<figure class=\"wp-block-image size-large\"><img loading=\"lazy\" decoding=\"async\" width=\"886\" height=\"560\" data-id=\"223843\" src=\"https:\/\/www.tucomarca.com\/wordpress\/segunda\/wp-content\/uploads\/2024\/05\/GodelletaFeriaToro04.jpg\" alt=\"\" class=\"wp-image-223843\" srcset=\"https:\/\/tucomarca.whitekongsoftware.com\/wp-content\/uploads\/2024\/05\/GodelletaFeriaToro04.jpg 886w, https:\/\/tucomarca.whitekongsoftware.com\/wp-content\/uploads\/2024\/05\/GodelletaFeriaToro04-300x190.jpg 300w, https:\/\/tucomarca.whitekongsoftware.com\/wp-content\/uploads\/2024\/05\/GodelletaFeriaToro04-768x485.jpg 768w\" sizes=\"auto, (max-width: 886px) 100vw, 886px\" \/><\/figure>\n\n\n\n<figure class=\"wp-block-image size-large\"><img loading=\"lazy\" decoding=\"async\" width=\"886\" height=\"569\" data-id=\"223845\" src=\"https:\/\/www.tucomarca.com\/wordpress\/segunda\/wp-content\/uploads\/2024\/05\/GodelletaFeriaToro05.jpg\" alt=\"\" class=\"wp-image-223845\" srcset=\"https:\/\/tucomarca.whitekongsoftware.com\/wp-content\/uploads\/2024\/05\/GodelletaFeriaToro05.jpg 886w, https:\/\/tucomarca.whitekongsoftware.com\/wp-content\/uploads\/2024\/05\/GodelletaFeriaToro05-300x193.jpg 300w, https:\/\/tucomarca.whitekongsoftware.com\/wp-content\/uploads\/2024\/05\/GodelletaFeriaToro05-768x493.jpg 768w\" sizes=\"auto, (max-width: 886px) 100vw, 886px\" \/><\/figure>\n\n\n\n<figure class=\"wp-block-image size-large\"><img loading=\"lazy\" decoding=\"async\" width=\"886\" height=\"544\" data-id=\"223847\" src=\"https:\/\/www.tucomarca.com\/wordpress\/segunda\/wp-content\/uploads\/2024\/05\/GodelletaFeriaToro06.jpg\" alt=\"\" class=\"wp-image-223847\" srcset=\"https:\/\/tucomarca.whitekongsoftware.com\/wp-content\/uploads\/2024\/05\/GodelletaFeriaToro06.jpg 886w, https:\/\/tucomarca.whitekongsoftware.com\/wp-content\/uploads\/2024\/05\/GodelletaFeriaToro06-300x184.jpg 300w, https:\/\/tucomarca.whitekongsoftware.com\/wp-content\/uploads\/2024\/05\/GodelletaFeriaToro06-768x472.jpg 768w\" sizes=\"auto, (max-width: 886px) 100vw, 886px\" \/><\/figure>\n\n\n\n<figure class=\"wp-block-image size-large\"><img loading=\"lazy\" decoding=\"async\" width=\"886\" height=\"615\" data-id=\"223849\" src=\"https:\/\/www.tucomarca.com\/wordpress\/segunda\/wp-content\/uploads\/2024\/05\/GodelletaFeriaToro07.jpg\" alt=\"\" class=\"wp-image-223849\" srcset=\"https:\/\/tucomarca.whitekongsoftware.com\/wp-content\/uploads\/2024\/05\/GodelletaFeriaToro07.jpg 886w, https:\/\/tucomarca.whitekongsoftware.com\/wp-content\/uploads\/2024\/05\/GodelletaFeriaToro07-300x208.jpg 300w, https:\/\/tucomarca.whitekongsoftware.com\/wp-content\/uploads\/2024\/05\/GodelletaFeriaToro07-768x533.jpg 768w\" sizes=\"auto, (max-width: 886px) 100vw, 886px\" \/><\/figure>\n\n\n\n<figure class=\"wp-block-image size-large\"><img loading=\"lazy\" decoding=\"async\" width=\"886\" height=\"570\" data-id=\"223853\" src=\"https:\/\/www.tucomarca.com\/wordpress\/segunda\/wp-content\/uploads\/2024\/05\/GodelletaFeriaToro09.jpg\" alt=\"\" class=\"wp-image-223853\" srcset=\"https:\/\/tucomarca.whitekongsoftware.com\/wp-content\/uploads\/2024\/05\/GodelletaFeriaToro09.jpg 886w, https:\/\/tucomarca.whitekongsoftware.com\/wp-content\/uploads\/2024\/05\/GodelletaFeriaToro09-300x193.jpg 300w, https:\/\/tucomarca.whitekongsoftware.com\/wp-content\/uploads\/2024\/05\/GodelletaFeriaToro09-768x494.jpg 768w\" sizes=\"auto, (max-width: 886px) 100vw, 886px\" \/><\/figure>\n\n\n\n<figure class=\"wp-block-image size-large\"><img loading=\"lazy\" decoding=\"async\" width=\"886\" height=\"499\" data-id=\"223855\" src=\"https:\/\/www.tucomarca.com\/wordpress\/segunda\/wp-content\/uploads\/2024\/05\/GodelletaFeriaToro10.jpg\" alt=\"\" class=\"wp-image-223855\" srcset=\"https:\/\/tucomarca.whitekongsoftware.com\/wp-content\/uploads\/2024\/05\/GodelletaFeriaToro10.jpg 886w, https:\/\/tucomarca.whitekongsoftware.com\/wp-content\/uploads\/2024\/05\/GodelletaFeriaToro10-300x169.jpg 300w, https:\/\/tucomarca.whitekongsoftware.com\/wp-content\/uploads\/2024\/05\/GodelletaFeriaToro10-768x433.jpg 768w, https:\/\/tucomarca.whitekongsoftware.com\/wp-content\/uploads\/2024\/05\/GodelletaFeriaToro10-678x381.jpg 678w\" sizes=\"auto, (max-width: 886px) 100vw, 886px\" \/><\/figure>\n\n\n\n<figure class=\"wp-block-image size-large\"><img loading=\"lazy\" decoding=\"async\" width=\"886\" height=\"580\" data-id=\"223839\" src=\"https:\/\/www.tucomarca.com\/wordpress\/segunda\/wp-content\/uploads\/2024\/05\/GodelletaFeriaToro02.jpg\" alt=\"\" class=\"wp-image-223839\" srcset=\"https:\/\/tucomarca.whitekongsoftware.com\/wp-content\/uploads\/2024\/05\/GodelletaFeriaToro02.jpg 886w, https:\/\/tucomarca.whitekongsoftware.com\/wp-content\/uploads\/2024\/05\/GodelletaFeriaToro02-300x196.jpg 300w, https:\/\/tucomarca.whitekongsoftware.com\/wp-content\/uploads\/2024\/05\/GodelletaFeriaToro02-768x503.jpg 768w\" sizes=\"auto, (max-width: 886px) 100vw, 886px\" \/><\/figure>\n\n\n\n<figure class=\"wp-block-image size-large\"><img loading=\"lazy\" decoding=\"async\" width=\"886\" height=\"603\" data-id=\"223851\" src=\"https:\/\/www.tucomarca.com\/wordpress\/segunda\/wp-content\/uploads\/2024\/05\/GodelletaFeriaToro08.jpg\" alt=\"\" class=\"wp-image-223851\" srcset=\"https:\/\/tucomarca.whitekongsoftware.com\/wp-content\/uploads\/2024\/05\/GodelletaFeriaToro08.jpg 886w, https:\/\/tucomarca.whitekongsoftware.com\/wp-content\/uploads\/2024\/05\/GodelletaFeriaToro08-300x204.jpg 300w, https:\/\/tucomarca.whitekongsoftware.com\/wp-content\/uploads\/2024\/05\/GodelletaFeriaToro08-768x523.jpg 768w\" sizes=\"auto, (max-width: 886px) 100vw, 886px\" \/><\/figure>\n<\/figure>\n","protected":false},"excerpt":{"rendered":"<div class=\"mh-excerpt\">Vicente Huet, director del gabinet de presid\u00e8ncia de la Diputaci\u00f3 de Val\u00e8ncia, va ser present el dia de la inauguraci\u00f3. La IV Fira del Bou de Corda de la Comunitat Valenciana s&#8217;ha celebrat enguany a <a class=\"mh-excerpt-more\" href=\"https:\/\/tucomarca.whitekongsoftware.com\/ca\/fotogaleria-godelleta-acull-la-iv-fira-del-bou-de-corda-de-la-comunitat-valenciana\/\" title=\"Fotogaler\u00eda: Godelleta acull la IV Fira del Bou de Corda de la Comunitat Valenciana\">[+] <\/a><\/div>\n","protected":false},"author":12,"featured_media":223838,"comment_status":"open","ping_status":"open","sticky":false,"template":"","format":"gallery","meta":{"footnotes":""},"categories":[10898,10977,10894,10912,11004,11007,11008,10896],"tags":[11087,20567,10914],"class_list":["post-223860","post","type-post","status-publish","format-gallery","has-post-thumbnail","category-ventana-ca","category-godelleta-ca","category-la-comarca-ca","category-la-hoya-ca","category-la-semana-en-imagenes-ca","category-ocio-y-cultura-ca","category-pueblos-en-fiestas-ca","category-seccion-ca","tag-godelleta-ca","tag-iv-feria-del-toro-de-cuerda-ca","tag-la-hoya-de-bunol-chiva-ca","post_format-post-format-gallery"],"_links":{"self":[{"href":"https:\/\/tucomarca.whitekongsoftware.com\/ca\/wp-json\/wp\/v2\/posts\/223860","targetHints":{"allow":["GET"]}}],"collection":[{"href":"https:\/\/tucomarca.whitekongsoftware.com\/ca\/wp-json\/wp\/v2\/posts"}],"about":[{"href":"https:\/\/tucomarca.whitekongsoftware.com\/ca\/wp-json\/wp\/v2\/types\/post"}],"author":[{"embeddable":true,"href":"https:\/\/tucomarca.whitekongsoftware.com\/ca\/wp-json\/wp\/v2\/users\/12"}],"replies":[{"embeddable":true,"href":"https:\/\/tucomarca.whitekongsoftware.com\/ca\/wp-json\/wp\/v2\/comments?post=223860"}],"version-history":[{"count":0,"href":"https:\/\/tucomarca.whitekongsoftware.com\/ca\/wp-json\/wp\/v2\/posts\/223860\/revisions"}],"wp:featuredmedia":[{"embeddable":true,"href":"https:\/\/tucomarca.whitekongsoftware.com\/ca\/wp-json\/wp\/v2\/media\/223838"}],"wp:attachment":[{"href":"https:\/\/tucomarca.whitekongsoftware.com\/ca\/wp-json\/wp\/v2\/media?parent=223860"}],"wp:term":[{"taxonomy":"category","embeddable":true,"href":"https:\/\/tucomarca.whitekongsoftware.com\/ca\/wp-json\/wp\/v2\/categories?post=223860"},{"taxonomy":"post_tag","embeddable":true,"href":"https:\/\/tucomarca.whitekongsoftware.com\/ca\/wp-json\/wp\/v2\/tags?post=223860"}],"curies":[{"name":"wp","href":"https:\/\/api.w.org\/{rel}","templated":true}]}}