{"id":223812,"date":"2024-05-21T15:00:00","date_gmt":"2024-05-21T13:00:00","guid":{"rendered":"https:\/\/www.tucomarca.com\/wordpress\/segunda\/?p=223812"},"modified":"2024-05-21T17:47:06","modified_gmt":"2024-05-21T15:47:06","slug":"luis-navarro-no-continuara-la-proxima-temporada-en-el-banquillo-del-primer-equipo-del-cd-bunol","status":"publish","type":"post","link":"https:\/\/tucomarca.whitekongsoftware.com\/ca\/luis-navarro-no-continuara-la-proxima-temporada-en-el-banquillo-del-primer-equipo-del-cd-bunol\/","title":{"rendered":"Luis Navarro no continuar\u00e0 la pr\u00f2xima temporada en la banqueta del primer equip del CD Bunyol"},"content":{"rendered":"\n<p class=\"wp-block-paragraph\">Des del Club Esportiu Bunyol s&#8217;ha fet p\u00fablic aquest dimarts que Luis Navarro no continuar\u00e0 la pr\u00f2xima temporada en la banqueta del primer equip del CD Bunyol&nbsp;<\/p>\n\n\n\n<p class=\"wp-block-paragraph\">&#8220;S&#8217;ha pres la decisi\u00f3 de mutu acord, ja que totes dues parts hem decidit que era el moment de separar els nostres camins&#8221;, tal com han fet constar des del CD Bunyol.<\/p>\n\n\n\n<p class=\"wp-block-paragraph\">&#8220;Conclou una reeixida segona etapa de Luis en la banqueta del Beltr\u00e1n, aconseguint una promoci\u00f3, dues finals de La Nostra Copa i la disputa de l&#8217;eliminat\u00f2ria de la Copa del Rei. Gr\u00e0cies Luis i a tot el teu cos t\u00e8cnic, per la vostra dedicaci\u00f3, professionalitat i tot l&#8217;esfor\u00e7 durant aquest temps, us emporteu tot l&#8217;afecte del club i us desitgem que els majors \u00e8xits en els vostres pr\u00f2xims projectes&#8221;, han finalitzat des de la directiva del CD Bunyol.<\/p>\n","protected":false},"excerpt":{"rendered":"<div class=\"mh-excerpt\">Des del Club Esportiu Bunyol s&#8217;ha fet p\u00fablic aquest dimarts que Luis Navarro no continuar\u00e0 la pr\u00f2xima temporada en la banqueta del primer equip del CD Bunyol&nbsp; &#8220;S&#8217;ha pres la decisi\u00f3 de mutu acord, ja <a class=\"mh-excerpt-more\" href=\"https:\/\/tucomarca.whitekongsoftware.com\/ca\/luis-navarro-no-continuara-la-proxima-temporada-en-el-banquillo-del-primer-equipo-del-cd-bunol\/\" title=\"Luis Navarro no continuar\u00e0 la pr\u00f2xima temporada en la banqueta del primer equip del CD Bunyol\">[+] <\/a><\/div>\n","protected":false},"author":1,"featured_media":201030,"comment_status":"open","ping_status":"open","sticky":false,"template":"","format":"standard","meta":{"footnotes":""},"categories":[10911,11015,11003,10894,10912,10896],"tags":[10913,11126,11074,11075,10914],"class_list":["post-223812","post","type-post","status-publish","format-standard","has-post-thumbnail","category-bunol-ca","category-canal-futbol","category-sports","category-la-comarca-ca","category-la-hoya-ca","category-seccion-ca","tag-bunol-ca","tag-cd-bunol-ca","tag-deportes-ca","tag-futbol-ca","tag-la-hoya-de-bunol-chiva-ca"],"_links":{"self":[{"href":"https:\/\/tucomarca.whitekongsoftware.com\/ca\/wp-json\/wp\/v2\/posts\/223812","targetHints":{"allow":["GET"]}}],"collection":[{"href":"https:\/\/tucomarca.whitekongsoftware.com\/ca\/wp-json\/wp\/v2\/posts"}],"about":[{"href":"https:\/\/tucomarca.whitekongsoftware.com\/ca\/wp-json\/wp\/v2\/types\/post"}],"author":[{"embeddable":true,"href":"https:\/\/tucomarca.whitekongsoftware.com\/ca\/wp-json\/wp\/v2\/users\/1"}],"replies":[{"embeddable":true,"href":"https:\/\/tucomarca.whitekongsoftware.com\/ca\/wp-json\/wp\/v2\/comments?post=223812"}],"version-history":[{"count":0,"href":"https:\/\/tucomarca.whitekongsoftware.com\/ca\/wp-json\/wp\/v2\/posts\/223812\/revisions"}],"wp:featuredmedia":[{"embeddable":true,"href":"https:\/\/tucomarca.whitekongsoftware.com\/ca\/wp-json\/wp\/v2\/media\/201030"}],"wp:attachment":[{"href":"https:\/\/tucomarca.whitekongsoftware.com\/ca\/wp-json\/wp\/v2\/media?parent=223812"}],"wp:term":[{"taxonomy":"category","embeddable":true,"href":"https:\/\/tucomarca.whitekongsoftware.com\/ca\/wp-json\/wp\/v2\/categories?post=223812"},{"taxonomy":"post_tag","embeddable":true,"href":"https:\/\/tucomarca.whitekongsoftware.com\/ca\/wp-json\/wp\/v2\/tags?post=223812"}],"curies":[{"name":"wp","href":"https:\/\/api.w.org\/{rel}","templated":true}]}}