{"id":223766,"date":"2024-05-21T10:00:00","date_gmt":"2024-05-21T08:00:00","guid":{"rendered":"https:\/\/www.tucomarca.com\/wordpress\/segunda\/?p=223766"},"modified":"2024-05-21T13:10:16","modified_gmt":"2024-05-21T11:10:16","slug":"el-pp-de-loriguilla-lamenta-la-falta-destabilitat-que-el-govern-municipal-provoca-en-el-municipi","status":"publish","type":"post","link":"https:\/\/tucomarca.whitekongsoftware.com\/ca\/el-pp-de-loriguilla-lamenta-la-falta-destabilitat-que-el-govern-municipal-provoca-en-el-municipi\/","title":{"rendered":"El PP de Loriguilla lamenta &#8220;la falta d&#8217;estabilitat que el govern municipal provoca en el municipi&#8221;"},"content":{"rendered":"\n<h3 class=\"wp-block-heading\">Els populars critiquen la \u201copacitat\u201d de l&#8217;equip de govern, que no dona acc\u00e9s a les actes de l&#8217;ajuntament, i la relaci\u00f3 interessada que mantenen amb l&#8217;edil no adscrit<\/h3>\n\n\n\n<p class=\"wp-block-paragraph\">El Partit Popular de Loriguilla denuncia \u201cla falta d&#8217;estabilitat i transpar\u00e8ncia de l&#8217;equip de govern municipal\u201d.<\/p>\n\n\n\n<p class=\"wp-block-paragraph\">\u201cEl municipi es troba en un moment pol\u00edtic delicat despr\u00e9s de l&#8217;expulsi\u00f3, per part del partit Vox, del regidor Jos\u00e9 Javier Cervera Soria i la seua incorporaci\u00f3 al grup mixt\u201d.<\/p>\n\n\n\n<p class=\"wp-block-paragraph\">Des del PP de Loriguilla, partit majoritari en el municipi despr\u00e9s de les eleccions municipals de 2023, alerten que el govern municipal \u201cpubliquen les actes de les juntes de govern ni de l&#8217;empresa p\u00fablica\u201d.<\/p>\n\n\n\n<p class=\"wp-block-paragraph\">\u201cNo sabem quin tipus de decisions prenen, nom\u00e9s sabem que cobren per assistir\u201d. D&#8217;altra banda, afigen, \u201cha quedat evidenciat el pes del exedil de Vox que actualment \u00e9s regidor no adscrit, despr\u00e9s del passat ple extraordinari del dimecres 15 de maig\u201d. <\/p>\n\n\n\n<p class=\"wp-block-paragraph\">\u201cEls edils de govern van secundar obertament les iniciatives presentades per aquest regidor, que \u00e9s exalcalde del poble i germ\u00e0 de l&#8217;actual alcaldessa, Montserrat Cervera Soria\u201d, recorda el PP.<\/p>\n\n\n\n<p class=\"wp-block-paragraph\">A m\u00e9s, esgrimeixen, \u201c\u00e9s destacable l&#8217;assist\u00e8ncia intermitent de Jos\u00e9 Javier Cervera Soria als plens municipals, \u00fanicament es persona quan l&#8217;equip de govern requereix del seu vot; de fet, mai havia debatut ni em\u00e9s paraula en els plens, fins al ple despr\u00e9s de la seua expulsi\u00f3\u201d.<\/p>\n\n\n\n<p class=\"wp-block-paragraph\">Per al PP, \u201caquests fets d&#8217;incoher\u00e8ncia pol\u00edtica, generen incertesa, falta de transpar\u00e8ncia i inefic\u00e0cia en la presa de decisions\u201d. Enfront d&#8217;aix\u00f2, expliquen, \u201cel PP treballa per a frenar aquesta deriva\u201d.<\/p>\n\n\n\n<p class=\"wp-block-paragraph\">De la mateixa manera, subratllen, \u201cmantenim el mateix objectiu que el que ens marquem abans de les eleccions municipals: treballar per retornar-li a Loriguilla l&#8217;estabilitat que mereix; estar mobilitzats per a arribar a cada rac\u00f3 i necessitat del nostre poble; i tornar a constituir el govern d&#8217;estabilitat i meritocr\u00e0cia que Loriguilla requereix i espera\u201d. <\/p>\n\n\n\n<p class=\"wp-block-paragraph\">\u201cCal continuar deixant patent que els ciutadans de Loriguilla van votar per un projecte constru\u00eft sobre la base del comprom\u00eds i la lleialtat, en aconseguir que el Partit Popular de Loriguilla obtinguera la majoria de vots municipals\u201d, conclouen.<\/p>\n","protected":false},"excerpt":{"rendered":"<div class=\"mh-excerpt\">Els populars critiquen la \u201copacitat\u201d de l&#8217;equip de govern, que no dona acc\u00e9s a les actes de l&#8217;ajuntament, i la relaci\u00f3 interessada que mantenen amb l&#8217;edil no adscrit El Partit Popular de Loriguilla denuncia \u201cla <a class=\"mh-excerpt-more\" href=\"https:\/\/tucomarca.whitekongsoftware.com\/ca\/el-pp-de-loriguilla-lamenta-la-falta-destabilitat-que-el-govern-municipal-provoca-en-el-municipi\/\" title=\"El PP de Loriguilla lamenta &#8220;la falta d&#8217;estabilitat que el govern municipal provoca en el municipi&#8221;\">[+] <\/a><\/div>\n","protected":false},"author":12,"featured_media":223760,"comment_status":"open","ping_status":"open","sticky":false,"template":"","format":"standard","meta":{"footnotes":""},"categories":[10892,10948,10894,10931,10947,10896],"tags":[10899,11431,20719],"class_list":["post-223766","post","type-post","status-publish","format-standard","has-post-thumbnail","category-camp-de-turia-ca","category-infraestructuras-ca","category-la-comarca-ca","category-loriguilla-ca","category-politica","category-seccion-ca","tag-camp-de-turia-ca","tag-loriguilla-ca","tag-pp-de-loriguilla-ca"],"_links":{"self":[{"href":"https:\/\/tucomarca.whitekongsoftware.com\/ca\/wp-json\/wp\/v2\/posts\/223766","targetHints":{"allow":["GET"]}}],"collection":[{"href":"https:\/\/tucomarca.whitekongsoftware.com\/ca\/wp-json\/wp\/v2\/posts"}],"about":[{"href":"https:\/\/tucomarca.whitekongsoftware.com\/ca\/wp-json\/wp\/v2\/types\/post"}],"author":[{"embeddable":true,"href":"https:\/\/tucomarca.whitekongsoftware.com\/ca\/wp-json\/wp\/v2\/users\/12"}],"replies":[{"embeddable":true,"href":"https:\/\/tucomarca.whitekongsoftware.com\/ca\/wp-json\/wp\/v2\/comments?post=223766"}],"version-history":[{"count":0,"href":"https:\/\/tucomarca.whitekongsoftware.com\/ca\/wp-json\/wp\/v2\/posts\/223766\/revisions"}],"wp:featuredmedia":[{"embeddable":true,"href":"https:\/\/tucomarca.whitekongsoftware.com\/ca\/wp-json\/wp\/v2\/media\/223760"}],"wp:attachment":[{"href":"https:\/\/tucomarca.whitekongsoftware.com\/ca\/wp-json\/wp\/v2\/media?parent=223766"}],"wp:term":[{"taxonomy":"category","embeddable":true,"href":"https:\/\/tucomarca.whitekongsoftware.com\/ca\/wp-json\/wp\/v2\/categories?post=223766"},{"taxonomy":"post_tag","embeddable":true,"href":"https:\/\/tucomarca.whitekongsoftware.com\/ca\/wp-json\/wp\/v2\/tags?post=223766"}],"curies":[{"name":"wp","href":"https:\/\/api.w.org\/{rel}","templated":true}]}}