{"id":223626,"date":"2024-05-20T11:00:00","date_gmt":"2024-05-20T09:00:00","guid":{"rendered":"https:\/\/www.tucomarca.com\/wordpress\/segunda\/?p=223626"},"modified":"2024-05-20T17:19:29","modified_gmt":"2024-05-20T15:19:29","slug":"la-regidoria-durbanisme-de-bunyol-organitza-unes-jornades-de-participacio-publica-sobre-el-patrimoni-cultural-natural-i-paisatgistic","status":"publish","type":"post","link":"https:\/\/tucomarca.whitekongsoftware.com\/ca\/la-regidoria-durbanisme-de-bunyol-organitza-unes-jornades-de-participacio-publica-sobre-el-patrimoni-cultural-natural-i-paisatgistic\/","title":{"rendered":"La regidoria d&#8217;Urbanisme de Bunyol organitza unes jornades de participaci\u00f3 p\u00fablica sobre el patrimoni cultural, natural i paisatg\u00edstic"},"content":{"rendered":"\n<p class=\"wp-block-paragraph\">La regidoria d&#8217;Urbanisme de l&#8217;Ajuntament de Bunyol ha organitzat per a dimecres que ve 22 de maig a les 18h a la Sala Raga del Molino Gal\u00e1n unes jornades de participaci\u00f3 p\u00fablica anomenades \u201cProtecci\u00f3 del patrimoni cultural, natural i paisatg\u00edstic de Bunyol\u201d. Intervindran Horacio Varona, regidor d&#8217;Urbanisme a l&#8217;Ajuntament i Juan Carlos Garc\u00eda, arquitecte i urbanista, i director de GR Arquitectes, que \u00e9s l&#8217;empresa redactora del Cat\u00e0leg de B\u00e9ns i Espais Protegits de Bunyol i del Pla Especial de Protecci\u00f3 de l&#8217;entorn del Castell.<\/p>\n\n\n<div class=\"wp-block-image\">\n<figure class=\"aligncenter size-large is-resized\"><img loading=\"lazy\" decoding=\"async\" width=\"1024\" height=\"724\" src=\"http:\/\/www.tucomarca.com\/wordpress\/segunda\/wp-content\/uploads\/2024\/05\/BunolParticipacionPublica-1024x724.jpg\" alt=\"\" class=\"wp-image-223621\" style=\"width:613px;height:auto\" srcset=\"https:\/\/tucomarca.whitekongsoftware.com\/wp-content\/uploads\/2024\/05\/BunolParticipacionPublica-1024x724.jpg 1024w, https:\/\/tucomarca.whitekongsoftware.com\/wp-content\/uploads\/2024\/05\/BunolParticipacionPublica-300x212.jpg 300w, https:\/\/tucomarca.whitekongsoftware.com\/wp-content\/uploads\/2024\/05\/BunolParticipacionPublica-768x543.jpg 768w, https:\/\/tucomarca.whitekongsoftware.com\/wp-content\/uploads\/2024\/05\/BunolParticipacionPublica.jpg 1187w\" sizes=\"auto, (max-width: 1024px) 100vw, 1024px\" \/><\/figure>\n<\/div>\n\n\n<p class=\"wp-block-paragraph\">L&#8217;objectiu d&#8217;aquestes jornades \u00e9s buscar la participaci\u00f3 de la societat, dels ve\u00efns del municipi, en la cerca d&#8217;un poble millor, d&#8217;un poble sostenible, i que cuide i protegisca el seu entorn. Es donar\u00e0 a con\u00e9ixer l&#8217;estat de redacci\u00f3 del Cat\u00e0leg de B\u00e9ns i Espais Protegits, aix\u00ed com el de Protecci\u00f3 del Castell. Tots els que desitgen saber m\u00e9s sobre l&#8217;urbanisme futur al nostre poble no dubten a assistir.<\/p>\n","protected":false},"excerpt":{"rendered":"<div class=\"mh-excerpt\">La regidoria d&#8217;Urbanisme de l&#8217;Ajuntament de Bunyol ha organitzat per a dimecres que ve 22 de maig a les 18h a la Sala Raga del Molino Gal\u00e1n unes jornades de participaci\u00f3 p\u00fablica anomenades \u201cProtecci\u00f3 del <a class=\"mh-excerpt-more\" href=\"https:\/\/tucomarca.whitekongsoftware.com\/ca\/la-regidoria-durbanisme-de-bunyol-organitza-unes-jornades-de-participacio-publica-sobre-el-patrimoni-cultural-natural-i-paisatgistic\/\" title=\"La regidoria d&#8217;Urbanisme de Bunyol organitza unes jornades de participaci\u00f3 p\u00fablica sobre el patrimoni cultural, natural i paisatg\u00edstic\">[+] <\/a><\/div>\n","protected":false},"author":12,"featured_media":223622,"comment_status":"open","ping_status":"open","sticky":false,"template":"","format":"standard","meta":{"footnotes":""},"categories":[11019,10911,10948,10894,10912,10947,10896],"tags":[10913,10914,15808],"class_list":["post-223626","post","type-post","status-publish","format-standard","has-post-thumbnail","category-agenda-ca","category-bunol-ca","category-infraestructuras-ca","category-la-comarca-ca","category-la-hoya-ca","category-politica","category-seccion-ca","tag-bunol-ca","tag-la-hoya-de-bunol-chiva-ca","tag-urbanismo-ca"],"_links":{"self":[{"href":"https:\/\/tucomarca.whitekongsoftware.com\/ca\/wp-json\/wp\/v2\/posts\/223626","targetHints":{"allow":["GET"]}}],"collection":[{"href":"https:\/\/tucomarca.whitekongsoftware.com\/ca\/wp-json\/wp\/v2\/posts"}],"about":[{"href":"https:\/\/tucomarca.whitekongsoftware.com\/ca\/wp-json\/wp\/v2\/types\/post"}],"author":[{"embeddable":true,"href":"https:\/\/tucomarca.whitekongsoftware.com\/ca\/wp-json\/wp\/v2\/users\/12"}],"replies":[{"embeddable":true,"href":"https:\/\/tucomarca.whitekongsoftware.com\/ca\/wp-json\/wp\/v2\/comments?post=223626"}],"version-history":[{"count":0,"href":"https:\/\/tucomarca.whitekongsoftware.com\/ca\/wp-json\/wp\/v2\/posts\/223626\/revisions"}],"wp:featuredmedia":[{"embeddable":true,"href":"https:\/\/tucomarca.whitekongsoftware.com\/ca\/wp-json\/wp\/v2\/media\/223622"}],"wp:attachment":[{"href":"https:\/\/tucomarca.whitekongsoftware.com\/ca\/wp-json\/wp\/v2\/media?parent=223626"}],"wp:term":[{"taxonomy":"category","embeddable":true,"href":"https:\/\/tucomarca.whitekongsoftware.com\/ca\/wp-json\/wp\/v2\/categories?post=223626"},{"taxonomy":"post_tag","embeddable":true,"href":"https:\/\/tucomarca.whitekongsoftware.com\/ca\/wp-json\/wp\/v2\/tags?post=223626"}],"curies":[{"name":"wp","href":"https:\/\/api.w.org\/{rel}","templated":true}]}}