{"id":223535,"date":"2024-05-18T13:00:00","date_gmt":"2024-05-18T11:00:00","guid":{"rendered":"https:\/\/www.tucomarca.com\/wordpress\/segunda\/?p=223535"},"modified":"2024-05-18T13:18:24","modified_gmt":"2024-05-18T11:18:24","slug":"rescaten-a-un-home-ferit-en-una-zona-rural-de-vilamarxant-despres-de-patir-una-caiguda","status":"publish","type":"post","link":"https:\/\/tucomarca.whitekongsoftware.com\/ca\/rescaten-a-un-home-ferit-en-una-zona-rural-de-vilamarxant-despres-de-patir-una-caiguda\/","title":{"rendered":"Rescaten a un home ferit en una zona rural de Vilamarxant despr\u00e9s de patir una caiguda"},"content":{"rendered":"\n<p class=\"wp-block-paragraph\">A \u00faltima hora del dia d&#8217;ahir, un home va ser rescatat en una zona rural de Vilamarxant despr\u00e9s de patir una caiguda que li va provocar diverses lesions. L&#8217;operatiu de rescat, coordinat pel Consorci de Bombers de Val\u00e8ncia, va involucrar a bombers de l&#8217;Eliana, un sergent de Paterna i una unitat de Bombers Forestals de la Generalitat.<\/p>\n\n\n\n<p class=\"wp-block-paragraph\">L&#8217;incident va oc\u00f3rrer en una \u00e0rea de dif\u00edcil acc\u00e9s, la qual cosa va complicar les labors de rescat. En rebre l&#8217;alerta, es van mobilitzar immediatament les unitats d&#8217;emerg\u00e8ncia que van treballar de manera conjunta i eficient per a localitzar a l&#8217;home ferit.<\/p>\n\n\n\n<p class=\"wp-block-paragraph\">Una vegada trobat, l&#8217;equip de rescat va proporcionar els primers auxilis i va estabilitzar a l&#8217;home en el lloc de l&#8217;accident. Despr\u00e9s de ser estabilitzat i preparat per al trasllat, l&#8217;home va ser transferit als mitjans sanitaris de la Generalitat Valenciana.<\/p>\n\n\n\n<figure class=\"wp-block-gallery has-nested-images columns-default is-cropped wp-block-gallery-1 is-layout-flex wp-block-gallery-is-layout-flex\">\n<figure class=\"wp-block-image size-large\"><img loading=\"lazy\" decoding=\"async\" width=\"768\" height=\"1024\" data-id=\"223516\" src=\"https:\/\/www.tucomarca.com\/wordpress\/segunda\/wp-content\/uploads\/2024\/05\/VilamarxantCaida2-768x1024.jpeg\" alt=\"\" class=\"wp-image-223516\" srcset=\"https:\/\/tucomarca.whitekongsoftware.com\/wp-content\/uploads\/2024\/05\/VilamarxantCaida2-768x1024.jpeg 768w, https:\/\/tucomarca.whitekongsoftware.com\/wp-content\/uploads\/2024\/05\/VilamarxantCaida2-225x300.jpeg 225w, https:\/\/tucomarca.whitekongsoftware.com\/wp-content\/uploads\/2024\/05\/VilamarxantCaida2-1152x1536.jpeg 1152w, https:\/\/tucomarca.whitekongsoftware.com\/wp-content\/uploads\/2024\/05\/VilamarxantCaida2.jpeg 1440w\" sizes=\"auto, (max-width: 768px) 100vw, 768px\" \/><\/figure>\n\n\n\n<figure class=\"wp-block-image size-large\"><img loading=\"lazy\" decoding=\"async\" width=\"768\" height=\"1024\" data-id=\"223518\" src=\"https:\/\/www.tucomarca.com\/wordpress\/segunda\/wp-content\/uploads\/2024\/05\/VilamarxanCaida-768x1024.jpeg\" alt=\"\" class=\"wp-image-223518\" srcset=\"https:\/\/tucomarca.whitekongsoftware.com\/wp-content\/uploads\/2024\/05\/VilamarxanCaida-768x1024.jpeg 768w, https:\/\/tucomarca.whitekongsoftware.com\/wp-content\/uploads\/2024\/05\/VilamarxanCaida-225x300.jpeg 225w, https:\/\/tucomarca.whitekongsoftware.com\/wp-content\/uploads\/2024\/05\/VilamarxanCaida-1152x1536.jpeg 1152w, https:\/\/tucomarca.whitekongsoftware.com\/wp-content\/uploads\/2024\/05\/VilamarxanCaida.jpeg 1440w\" sizes=\"auto, (max-width: 768px) 100vw, 768px\" \/><\/figure>\n<\/figure>\n","protected":false},"excerpt":{"rendered":"<div class=\"mh-excerpt\">A \u00faltima hora del dia d&#8217;ahir, un home va ser rescatat en una zona rural de Vilamarxant despr\u00e9s de patir una caiguda que li va provocar diverses lesions. L&#8217;operatiu de rescat, coordinat pel Consorci de <a class=\"mh-excerpt-more\" href=\"https:\/\/tucomarca.whitekongsoftware.com\/ca\/rescaten-a-un-home-ferit-en-una-zona-rural-de-vilamarxant-despres-de-patir-una-caiguda\/\" title=\"Rescaten a un home ferit en una zona rural de Vilamarxant despr\u00e9s de patir una caiguda\">[+] <\/a><\/div>\n","protected":false},"author":1,"featured_media":223517,"comment_status":"open","ping_status":"open","sticky":false,"template":"","format":"standard","meta":{"footnotes":""},"categories":[10892,10898,10948,10894,10896,10897,10927],"tags":[10899,13613,11090],"class_list":["post-223535","post","type-post","status-publish","format-standard","has-post-thumbnail","category-camp-de-turia-ca","category-ventana-ca","category-infraestructuras-ca","category-la-comarca-ca","category-seccion-ca","category-sucesos-la-comarca-ca","category-vilamarxant-ca","tag-camp-de-turia-ca","tag-consorcio-de-bomberos-ca","tag-vilamarxant-ca"],"_links":{"self":[{"href":"https:\/\/tucomarca.whitekongsoftware.com\/ca\/wp-json\/wp\/v2\/posts\/223535","targetHints":{"allow":["GET"]}}],"collection":[{"href":"https:\/\/tucomarca.whitekongsoftware.com\/ca\/wp-json\/wp\/v2\/posts"}],"about":[{"href":"https:\/\/tucomarca.whitekongsoftware.com\/ca\/wp-json\/wp\/v2\/types\/post"}],"author":[{"embeddable":true,"href":"https:\/\/tucomarca.whitekongsoftware.com\/ca\/wp-json\/wp\/v2\/users\/1"}],"replies":[{"embeddable":true,"href":"https:\/\/tucomarca.whitekongsoftware.com\/ca\/wp-json\/wp\/v2\/comments?post=223535"}],"version-history":[{"count":0,"href":"https:\/\/tucomarca.whitekongsoftware.com\/ca\/wp-json\/wp\/v2\/posts\/223535\/revisions"}],"wp:featuredmedia":[{"embeddable":true,"href":"https:\/\/tucomarca.whitekongsoftware.com\/ca\/wp-json\/wp\/v2\/media\/223517"}],"wp:attachment":[{"href":"https:\/\/tucomarca.whitekongsoftware.com\/ca\/wp-json\/wp\/v2\/media?parent=223535"}],"wp:term":[{"taxonomy":"category","embeddable":true,"href":"https:\/\/tucomarca.whitekongsoftware.com\/ca\/wp-json\/wp\/v2\/categories?post=223535"},{"taxonomy":"post_tag","embeddable":true,"href":"https:\/\/tucomarca.whitekongsoftware.com\/ca\/wp-json\/wp\/v2\/tags?post=223535"}],"curies":[{"name":"wp","href":"https:\/\/api.w.org\/{rel}","templated":true}]}}