{"id":223504,"date":"2024-05-17T09:30:00","date_gmt":"2024-05-17T07:30:00","guid":{"rendered":"https:\/\/www.tucomarca.com\/wordpress\/segunda\/?p=223504"},"modified":"2024-05-18T02:02:59","modified_gmt":"2024-05-18T00:02:59","slug":"el-conseller-dagricultura-jose-luis-aguirre-presideix-el-lliurament-de-premis-del-concurs-dolis-doliva-verges-ciutat-dutiel","status":"publish","type":"post","link":"https:\/\/tucomarca.whitekongsoftware.com\/ca\/el-conseller-dagricultura-jose-luis-aguirre-presideix-el-lliurament-de-premis-del-concurs-dolis-doliva-verges-ciutat-dutiel\/","title":{"rendered":"El conseller d&#8217;Agricultura, Jos\u00e9 Luis Aguirre, presideix el lliurament de premis del Concurs d&#8217;Olis d&#8217;Oliva Verges \u201cCiutat d&#8217;Utiel\u201d"},"content":{"rendered":"\n<p class=\"wp-block-paragraph\">L&#8217;alcalde d&#8217;Utiel, Ricardo Gabald\u00f3n, ha subratllat la import\u00e0ncia que t\u00e9 aquest Concurs per a continuar impulsant el desenvolupament del sector primari , principal activitat econ\u00f2mica d&#8217;Utiel i de la comarca<\/p>\n\n\n\n<p class=\"wp-block-paragraph\">L&#8217;empresa Oli-Oli Biodin\u00e0mic de Sant Antoni de Requena s&#8217;al\u00e7a amb els 2 primers premis tant en categoria general com en secci\u00f3 ecol\u00f2gica i Senyorius del Relleu d&#8217;Alacant i Alm\u00e0ssera L&#8217;Alqueria de Muro d&#8217;Alcoi el segon i tercer respectivament.<\/p>\n\n\n\n<p class=\"wp-block-paragraph\">El conseller d&#8217;Agricultura, Ramaderia i Pesca, Jos\u00e9 Luis Aguirre, ha presidit aquest mat\u00ed en el Celler Red\u00f3 el lliurament de premis del 25 aniversari del Concurs d&#8217;Olis d&#8217;Oliva Verges i la XIV edici\u00f3 del Concurs d&#8217;Olis d&#8217;Oliva Verges Ecol\u00f2gics \u201cCiutat d&#8217;Utiel\u201d. Un acte en el qual ha estat acompanyat de l&#8217;alcalde d&#8217;Utiel, Ricardo Gabald\u00f3n i del propietari de l&#8217;empresa Olis de les Heras, organitzadors de l&#8217;esdeveniment.<\/p>\n\n\n\n<p class=\"wp-block-paragraph\">L&#8217;empresa Oli-Oli Biodin\u00e0mic de Sant Antoni de Requena s&#8217;ha al\u00e7at amb els 2 primers premis tant en categoria general com en secci\u00f3 AOVE ecol\u00f2gic i Senyorius del Relleu d&#8217;Alacant i Alm\u00e0ssera L&#8217;Alqueria de Muro d&#8217;Alcoi el segon i tercer respectivament.<\/p>\n\n\n\n<p class=\"wp-block-paragraph\">Durant l&#8217;acte, el Conseller d&#8217;Agricultura, Jos\u00e9 Luis Aguirre ha posat en valor el ferm comprom\u00eds d&#8217;Utiel a l&#8217;hora de potenciar i promoure productes locals i de producci\u00f3 ecol\u00f2gica com l&#8217;oli d&#8217;oliva, \u201creconeixent el seu valor, no sols com un aliment fonamental en la nostra dieta mediterr\u00e0nia, sin\u00f3 tamb\u00e9 com un emblema de la nostra cultura i tradici\u00f3\u201d.<\/p>\n\n\n\n<p class=\"wp-block-paragraph\">Aguirre ha reclamat al Govern central que tinga en compte la situaci\u00f3 d&#8217;extrema sequera meteorol\u00f2gica que est\u00e0 patint la Comunitat Valenciana i que sol\u00b7licite a Brussel\u00b7les l&#8217;activaci\u00f3 dels fons de reserva de crisi per a concedir ajudes, amb la finalitat de pal\u00b7liar els desastrosos efectes d&#8217;aquesta sequera prolongada . El conseller tamb\u00e9 ha insistit en el valor afegit de la producci\u00f3 ecol\u00f2gica i la necessitat que el consumidor puga confiar que s&#8217;estan respectant eixes normes de producci\u00f3 i recon\u00e9ixer els productes en el mercat a trav\u00e9s de l&#8217;inequ\u00edvoc logo ecol\u00f2gic de la Uni\u00f3 Europea, l&#8217;Euro Fulla.<\/p>\n\n\n\n<p class=\"wp-block-paragraph\">Per part seua, l&#8217;alcalde d&#8217;Utiel ha remarcat el paper fonamental del sector primari en l&#8217;economia local i el manteniment de la poblaci\u00f3 rural i ha insistit en la import\u00e0ncia de continuar impulsant l&#8217;agricultura i ramaderia que travessa una situaci\u00f3 marcada per la compet\u00e8ncia deslleial i les dificultats per a mantindre explotacions per l&#8217;increment de costos de producci\u00f3.<\/p>\n\n\n\n<p class=\"wp-block-paragraph\">Per part seua, el propietari de l&#8217;empresa ole\u00edcola Oli Les Heras, Adolfo de Les Heras, ha recordat els inicis de la posada en marxa d&#8217;aquest concurs i l&#8217;esfor\u00e7 que ha suposat arribar a complir 25 anys de marxa.<\/p>\n\n\n\n<p class=\"wp-block-paragraph\">L&#8217;acte ha comptat amb l&#8217;assist\u00e8ncia de la Real Confraria de Sant Isidre Labrardor d&#8217;Utiel, la seua Reina i dames , la Reina de la Fira i Festes d&#8217;Utiel aix\u00ed com una nodrida representaci\u00f3 d&#8217;associacions i entitats del municipi.<\/p>\n\n\n\n<p class=\"wp-block-paragraph\"><strong>Premis Concursos d&#8217;Oli d&#8217;Oliva Virgenes i Ecol\u00f2gics \u201cCiutat d&#8217;Utiel\u201d<\/strong><\/p>\n\n\n\n<p class=\"wp-block-paragraph\">Respecte als premiats, enguany un total de catorze mostres es disputaven els tres premis de la categoria general Oli d&#8217;Oliva Verge Extra i el premi especial al millor Oli d&#8217;Oliva Verge Extra Ecol\u00f2gic.<\/p>\n\n\n\n<p class=\"wp-block-paragraph\">El Comit\u00e9 de Qualificaci\u00f3 del Panell Oficial de Tast d&#8217;olis de la Comunitat Valenciana es reunia dimarts passat a la sala de tast del Laboratori Agroalimentari, Enol\u00f2gic i Mediambiental de la Generalitat Valenciana per a procedir a la fallada dels premis que hui s&#8217;ha fet p\u00fablic :<\/p>\n\n\n\n<p class=\"wp-block-paragraph\">Premis Millor Oli de OIiva Verge Extra:<br>1r OLI-OLI BIODIN\u00c0MIC S.L. de Sant Antoni de Requena (Val\u00e8ncia)<br>Varietat Arroniz<br>2n SE\u00d1ORIOS DEL RELLEU S.L. d&#8217;Alacant<br>Varietat Arbequina<br>3r ALM\u00c0SSERA LA ALQUERIA S.L. de Muro d&#8217;Alcoi (Alacant)<br>Varietat Picual<\/p>\n\n\n\n<p class=\"wp-block-paragraph\">Premi Millor Oli d&#8217;Oliva Verge Extra Ecol\u00f2gic:<br>OLI-OLI BIODIN\u00c0MIC S.L de Sant Antoni de Requena (Val\u00e8ncia)<br>Varietat Arroniz<\/p>\n\n\n\n<p class=\"wp-block-paragraph\">Des de l&#8217;Ajuntament d&#8217;Utiel traslladem nostra m\u00e9s sincera enhorabona als guanyadors i l&#8217;especial agra\u00efment a tots els participants i col\u00b7laboradors que han fet possible el desenvolupament d&#8217;aquest esdeveniment d&#8217;important calat i promoci\u00f3 del sector ole\u00edcola amb projecci\u00f3 en l&#8217;\u00e0mbit auton\u00f2mic.<\/p>\n\n\n\n<p class=\"wp-block-paragraph\"><\/p>\n","protected":false},"excerpt":{"rendered":"<div class=\"mh-excerpt\">L&#8217;alcalde d&#8217;Utiel, Ricardo Gabald\u00f3n, ha subratllat la import\u00e0ncia que t\u00e9 aquest Concurs per a continuar impulsant el desenvolupament del sector primari , principal activitat econ\u00f2mica d&#8217;Utiel i de la comarca L&#8217;empresa Oli-Oli Biodin\u00e0mic de Sant <a class=\"mh-excerpt-more\" href=\"https:\/\/tucomarca.whitekongsoftware.com\/ca\/el-conseller-dagricultura-jose-luis-aguirre-presideix-el-lliurament-de-premis-del-concurs-dolis-doliva-verges-ciutat-dutiel\/\" title=\"El conseller d&#8217;Agricultura, Jos\u00e9 Luis Aguirre, presideix el lliurament de premis del Concurs d&#8217;Olis d&#8217;Oliva Verges \u201cCiutat d&#8217;Utiel\u201d\">[+] <\/a><\/div>\n","protected":false},"author":12,"featured_media":223500,"comment_status":"open","ping_status":"open","sticky":false,"template":"","format":"standard","meta":{"footnotes":""},"categories":[10905,10898,10948,10894,10947,10909,10896,11059],"tags":[13016,11255,11174],"class_list":["post-223504","post","type-post","status-publish","format-standard","has-post-thumbnail","category-agricultura-la-comarca-ca","category-ventana-ca","category-infraestructuras-ca","category-la-comarca-ca","category-politica","category-requena-utiel-ca","category-seccion-ca","category-utiel-ca","tag-aceite-de-oliva-ca","tag-comarca-requena-utiel-ca","tag-utiel-ca"],"_links":{"self":[{"href":"https:\/\/tucomarca.whitekongsoftware.com\/ca\/wp-json\/wp\/v2\/posts\/223504","targetHints":{"allow":["GET"]}}],"collection":[{"href":"https:\/\/tucomarca.whitekongsoftware.com\/ca\/wp-json\/wp\/v2\/posts"}],"about":[{"href":"https:\/\/tucomarca.whitekongsoftware.com\/ca\/wp-json\/wp\/v2\/types\/post"}],"author":[{"embeddable":true,"href":"https:\/\/tucomarca.whitekongsoftware.com\/ca\/wp-json\/wp\/v2\/users\/12"}],"replies":[{"embeddable":true,"href":"https:\/\/tucomarca.whitekongsoftware.com\/ca\/wp-json\/wp\/v2\/comments?post=223504"}],"version-history":[{"count":0,"href":"https:\/\/tucomarca.whitekongsoftware.com\/ca\/wp-json\/wp\/v2\/posts\/223504\/revisions"}],"wp:featuredmedia":[{"embeddable":true,"href":"https:\/\/tucomarca.whitekongsoftware.com\/ca\/wp-json\/wp\/v2\/media\/223500"}],"wp:attachment":[{"href":"https:\/\/tucomarca.whitekongsoftware.com\/ca\/wp-json\/wp\/v2\/media?parent=223504"}],"wp:term":[{"taxonomy":"category","embeddable":true,"href":"https:\/\/tucomarca.whitekongsoftware.com\/ca\/wp-json\/wp\/v2\/categories?post=223504"},{"taxonomy":"post_tag","embeddable":true,"href":"https:\/\/tucomarca.whitekongsoftware.com\/ca\/wp-json\/wp\/v2\/tags?post=223504"}],"curies":[{"name":"wp","href":"https:\/\/api.w.org\/{rel}","templated":true}]}}