{"id":223490,"date":"2024-05-18T09:45:00","date_gmt":"2024-05-18T07:45:00","guid":{"rendered":"https:\/\/www.tucomarca.com\/wordpress\/segunda\/?p=223490"},"modified":"2024-05-21T13:08:40","modified_gmt":"2024-05-21T11:08:40","slug":"la-sala-raga-acollira-aquest-dimarts-la-huitena-sessio-de-lescola-de-families-a-bunyol-amb-la-ponencia-sobre-prevencio-en-lus-de-pantalles","status":"publish","type":"post","link":"https:\/\/tucomarca.whitekongsoftware.com\/ca\/la-sala-raga-acollira-aquest-dimarts-la-huitena-sessio-de-lescola-de-families-a-bunyol-amb-la-ponencia-sobre-prevencio-en-lus-de-pantalles\/","title":{"rendered":"La Sala El Mercado acollir\u00e0 aquest dimarts la huitena sessi\u00f3 de l&#8217;Escola de Fam\u00edlies a Bunyol amb la pon\u00e8ncia sobre \u2018Prevenci\u00f3 en l&#8217;\u00fas de pantalles\u2019"},"content":{"rendered":"\n<p class=\"wp-block-paragraph\">La huitena sessi\u00f3 de l&#8217;Escola de Fam\u00edlies es dur\u00e0 a terme el pr\u00f2xim 21 de maig a les 18.00 hores a la sala El Mercado, amb una important pon\u00e8ncia titulada &#8220;Prevenci\u00f3 en l&#8217;\u00fas de pantalles&#8221;. Aquest esdeveniment comptar\u00e0 amb la participaci\u00f3 d&#8217;Enrique Madrid Tortosa, psic\u00f2leg de Serveis Socials de Bunyol, i Juan Luis Pallas Lamb\u00edes, educador social de la mateixa entitat.<\/p>\n\n\n<div class=\"wp-block-image\">\n<figure class=\"alignleft size-large is-resized\"><img loading=\"lazy\" decoding=\"async\" width=\"728\" height=\"1024\" src=\"http:\/\/www.tucomarca.com\/wordpress\/segunda\/wp-content\/uploads\/2024\/05\/EscuelaFamiliasMercado-728x1024.jpg\" alt=\"\" class=\"wp-image-223772\" style=\"width:358px;height:auto\" srcset=\"https:\/\/tucomarca.whitekongsoftware.com\/wp-content\/uploads\/2024\/05\/EscuelaFamiliasMercado-728x1024.jpg 728w, https:\/\/tucomarca.whitekongsoftware.com\/wp-content\/uploads\/2024\/05\/EscuelaFamiliasMercado-213x300.jpg 213w, https:\/\/tucomarca.whitekongsoftware.com\/wp-content\/uploads\/2024\/05\/EscuelaFamiliasMercado-768x1081.jpg 768w, https:\/\/tucomarca.whitekongsoftware.com\/wp-content\/uploads\/2024\/05\/EscuelaFamiliasMercado.jpg 886w\" sizes=\"auto, (max-width: 728px) 100vw, 728px\" \/><\/figure>\n<\/div>\n\n\n<p class=\"wp-block-paragraph\">En l&#8217;actualitat, l&#8217;\u00fas excessiu de dispositius electr\u00f2nics per part de xiquets i adolescents \u00e9s una preocupaci\u00f3 creixent per a pares i educadors. La pon\u00e8ncia abordar\u00e0 estrat\u00e8gies i consells pr\u00e0ctics per a gestionar i previndre l&#8217;\u00fas desmesurat de pantalles, promovent h\u00e0bits saludables i equilibrats en la llar.<\/p>\n\n\n\n<p class=\"wp-block-paragraph\">L&#8217;objectiu \u00e9s proporcionar a les fam\u00edlies les eines i el coneixement necessaris per a afrontar els desafiaments que planteja la tecnologia en la vida quotidiana dels nostres fills. \u00c9s fonamental que els pares comprenguen els riscos associats a l&#8217;\u00fas excessiu de pantalles i com poden intervindre de manera efectiva. \u00c9s molt important que els pares se senten secundats i capacitats per a establir l\u00edmits i fomentar un \u00fas responsable de la tecnologia.<\/p>\n\n\n\n<p class=\"wp-block-paragraph\">L&#8217;Escola de Fam\u00edlies \u00e9s una iniciativa cont\u00ednua dels Serveis Socials de l&#8217;Ajuntament de Bunyol que busca fer costat a les fam\u00edlies en la seua labor educativa mitjan\u00e7ant xarrades i tallers sobre temes rellevants per al benestar i desenvolupament dels xiquets i adolescents.<\/p>\n","protected":false},"excerpt":{"rendered":"<div class=\"mh-excerpt\">La huitena sessi\u00f3 de l&#8217;Escola de Fam\u00edlies es dur\u00e0 a terme el pr\u00f2xim 21 de maig a les 18.00 hores a la sala El Mercado, amb una important pon\u00e8ncia titulada &#8220;Prevenci\u00f3 en l&#8217;\u00fas de pantalles&#8221;. <a class=\"mh-excerpt-more\" href=\"https:\/\/tucomarca.whitekongsoftware.com\/ca\/la-sala-raga-acollira-aquest-dimarts-la-huitena-sessio-de-lescola-de-families-a-bunyol-amb-la-ponencia-sobre-prevencio-en-lus-de-pantalles\/\" title=\"La Sala El Mercado acollir\u00e0 aquest dimarts la huitena sessi\u00f3 de l&#8217;Escola de Fam\u00edlies a Bunyol amb la pon\u00e8ncia sobre \u2018Prevenci\u00f3 en l&#8217;\u00fas de pantalles\u2019\">[+] <\/a><\/div>\n","protected":false},"author":12,"featured_media":223495,"comment_status":"open","ping_status":"open","sticky":false,"template":"","format":"standard","meta":{"footnotes":""},"categories":[11019,10911,10894,10912,11007,10896],"tags":[10913,20708,10914],"class_list":["post-223490","post","type-post","status-publish","format-standard","has-post-thumbnail","category-agenda-ca","category-bunol-ca","category-la-comarca-ca","category-la-hoya-ca","category-ocio-y-cultura-ca","category-seccion-ca","tag-bunol-ca","tag-escuela-de-familias-ca","tag-la-hoya-de-bunol-chiva-ca"],"_links":{"self":[{"href":"https:\/\/tucomarca.whitekongsoftware.com\/ca\/wp-json\/wp\/v2\/posts\/223490","targetHints":{"allow":["GET"]}}],"collection":[{"href":"https:\/\/tucomarca.whitekongsoftware.com\/ca\/wp-json\/wp\/v2\/posts"}],"about":[{"href":"https:\/\/tucomarca.whitekongsoftware.com\/ca\/wp-json\/wp\/v2\/types\/post"}],"author":[{"embeddable":true,"href":"https:\/\/tucomarca.whitekongsoftware.com\/ca\/wp-json\/wp\/v2\/users\/12"}],"replies":[{"embeddable":true,"href":"https:\/\/tucomarca.whitekongsoftware.com\/ca\/wp-json\/wp\/v2\/comments?post=223490"}],"version-history":[{"count":0,"href":"https:\/\/tucomarca.whitekongsoftware.com\/ca\/wp-json\/wp\/v2\/posts\/223490\/revisions"}],"wp:featuredmedia":[{"embeddable":true,"href":"https:\/\/tucomarca.whitekongsoftware.com\/ca\/wp-json\/wp\/v2\/media\/223495"}],"wp:attachment":[{"href":"https:\/\/tucomarca.whitekongsoftware.com\/ca\/wp-json\/wp\/v2\/media?parent=223490"}],"wp:term":[{"taxonomy":"category","embeddable":true,"href":"https:\/\/tucomarca.whitekongsoftware.com\/ca\/wp-json\/wp\/v2\/categories?post=223490"},{"taxonomy":"post_tag","embeddable":true,"href":"https:\/\/tucomarca.whitekongsoftware.com\/ca\/wp-json\/wp\/v2\/tags?post=223490"}],"curies":[{"name":"wp","href":"https:\/\/api.w.org\/{rel}","templated":true}]}}