{"id":223424,"date":"2024-05-17T11:00:00","date_gmt":"2024-05-17T09:00:00","guid":{"rendered":"https:\/\/www.tucomarca.com\/wordpress\/segunda\/?p=223424"},"modified":"2024-05-17T13:15:32","modified_gmt":"2024-05-17T11:15:32","slug":"la-diputacio-de-valencia-ajudara-a-villargordo-del-cabriel-a-asfaltar-carrers-i-millorar-el-poliesportiu","status":"publish","type":"post","link":"https:\/\/tucomarca.whitekongsoftware.com\/ca\/la-diputacio-de-valencia-ajudara-a-villargordo-del-cabriel-a-asfaltar-carrers-i-millorar-el-poliesportiu\/","title":{"rendered":"La Diputaci\u00f3 de Val\u00e8ncia ajudar\u00e0 a Villargordo del Cabriel a asfaltar carrers i millorar el poliesportiu"},"content":{"rendered":"\n<h3 class=\"wp-block-heading\">El president, Vicent Momp\u00f3, va rec\u00f3rrer este dijous el municipi de la plana Utiel-Requena al costat de l&#8217;alcalde, Galo Valle, per a con\u00e9ixer les necessitats d&#8217;un ajuntament que disposar\u00e0 de 916.000 euros del Pla Obert.<\/h3>\n\n\n\n<p class=\"wp-block-paragraph\">El president de la Diputaci\u00f3 de Val\u00e8ncia, Vicent Momp\u00f3, va visitar este dijous Villargordo del Cabriel, a la plana Utiel-Requena, en el marc de la ronda que va iniciar per les comarques valencianes des que assumira el c\u00e0rrec de m\u00e0xim responsable de la corporaci\u00f3 provincial. Momp\u00f3 continua el seu recorregut pels pobles i ciutats \u201cen la intenci\u00f3 de con\u00e9ixer de prop als seus responsables i les necessitats que tenen, perqu\u00e8 \u00e9s la millor manera de poder ajudar-los a trav\u00e9s d&#8217;una instituci\u00f3 que est\u00e0 a la seua disposici\u00f3\u201d.<\/p>\n\n\n<div class=\"wp-block-image\">\n<figure class=\"alignleft size-large is-resized\"><img loading=\"lazy\" decoding=\"async\" width=\"1024\" height=\"803\" src=\"http:\/\/www.tucomarca.com\/wordpress\/segunda\/wp-content\/uploads\/2024\/05\/MompoVillargordo2-1024x803.jpg\" alt=\"\" class=\"wp-image-223418\" style=\"width:401px;height:auto\" srcset=\"https:\/\/tucomarca.whitekongsoftware.com\/wp-content\/uploads\/2024\/05\/MompoVillargordo2-1024x803.jpg 1024w, https:\/\/tucomarca.whitekongsoftware.com\/wp-content\/uploads\/2024\/05\/MompoVillargordo2-300x235.jpg 300w, https:\/\/tucomarca.whitekongsoftware.com\/wp-content\/uploads\/2024\/05\/MompoVillargordo2-768x603.jpg 768w, https:\/\/tucomarca.whitekongsoftware.com\/wp-content\/uploads\/2024\/05\/MompoVillargordo2-1536x1205.jpg 1536w, https:\/\/tucomarca.whitekongsoftware.com\/wp-content\/uploads\/2024\/05\/MompoVillargordo2-2048x1607.jpg 2048w\" sizes=\"auto, (max-width: 1024px) 100vw, 1024px\" \/><\/figure>\n<\/div>\n\n\n<p class=\"wp-block-paragraph\">L&#8217;alcalde de Villargordo, Galo Valle, va acompanyar a Momp\u00f3 durant una visita que es va iniciar a l&#8217;ajuntament, on el m\u00e0xim responsable provincial va firmar en el llibre d&#8217;honor del municipi. \u201cEstem molt agra\u00efts al president per la seua proximitat i el comprom\u00eds d&#8217;ajudar-nos a millorar els servicis b\u00e0sics i la qualitat de vida dels nostres ve\u00efns\u201d, va assenyalar Valle, qui va fixar les necessitats a curt termini en \u201cl&#8217;asfaltat de carrers, la intervenci\u00f3 en el poliesportiu i la construcci\u00f3 d&#8217;un magatzem municipal\u201d.<\/p>\n\n\n<div class=\"wp-block-image\">\n<figure class=\"alignright size-large is-resized\"><img loading=\"lazy\" decoding=\"async\" width=\"1024\" height=\"683\" src=\"http:\/\/www.tucomarca.com\/wordpress\/segunda\/wp-content\/uploads\/2024\/05\/MompoVillargordo3-1024x683.jpg\" alt=\"\" class=\"wp-image-223420\" style=\"width:403px;height:auto\" srcset=\"https:\/\/tucomarca.whitekongsoftware.com\/wp-content\/uploads\/2024\/05\/MompoVillargordo3-1024x683.jpg 1024w, https:\/\/tucomarca.whitekongsoftware.com\/wp-content\/uploads\/2024\/05\/MompoVillargordo3-300x200.jpg 300w, https:\/\/tucomarca.whitekongsoftware.com\/wp-content\/uploads\/2024\/05\/MompoVillargordo3-768x512.jpg 768w, https:\/\/tucomarca.whitekongsoftware.com\/wp-content\/uploads\/2024\/05\/MompoVillargordo3-1536x1024.jpg 1536w, https:\/\/tucomarca.whitekongsoftware.com\/wp-content\/uploads\/2024\/05\/MompoVillargordo3-2048x1366.jpg 2048w\" sizes=\"auto, (max-width: 1024px) 100vw, 1024px\" \/><\/figure>\n<\/div>\n\n\n<p class=\"wp-block-paragraph\">Per a executar estos i altres projectes durant els pr\u00f2xims anys, Villargordo del Cabriel disposa d&#8217;una assignaci\u00f3 de 916.569 euros del Pla Obert d\u2019Inversions, 142.000 euros m\u00e9s que el que va rebre de la Diputaci\u00f3 en els plans d&#8217;inversi\u00f3 de la passada legislatura. \u201cIgual que la resta de municipis, Villargordo disposar\u00e0 de m\u00e9s diners per a millorar les seues infraestructures i servicis\u201d, va apuntar Momp\u00f3, qui va destacar que \u201cpese a l&#8217;increment en les ajudes, el m\u00e9s important \u00e9s la proximitat i la cobertura que rebr\u00e0 per part nostra perqu\u00e8 eixos diners es tradu\u00efsquen en millores reals per als prop de 600 habitants del poble, sense que hagen de retornar ni un sol euro a la Diputaci\u00f3\u201d.<\/p>\n\n\n\n<p class=\"wp-block-paragraph\">Per part seua, Galo Valle va valorar positivament \u201cla simplicitat i els terminis llargs que ens dona el nou pla d&#8217;inversions per a pensar i executar els projectes\u201d. En la seua opini\u00f3, \u201cper als pobles xicotets amb poc personal, o t\u00e8cnics compartits, el Pla Obert a quatre anys \u00e9s una idea fant\u00e0stica que esperem es puga mantindre en el futur\u201d.<\/p>\n","protected":false},"excerpt":{"rendered":"<div class=\"mh-excerpt\">El president, Vicent Momp\u00f3, va rec\u00f3rrer este dijous el municipi de la plana Utiel-Requena al costat de l&#8217;alcalde, Galo Valle, per a con\u00e9ixer les necessitats d&#8217;un ajuntament que disposar\u00e0 de 916.000 euros del Pla Obert. <a class=\"mh-excerpt-more\" href=\"https:\/\/tucomarca.whitekongsoftware.com\/ca\/la-diputacio-de-valencia-ajudara-a-villargordo-del-cabriel-a-asfaltar-carrers-i-millorar-el-poliesportiu\/\" title=\"La Diputaci\u00f3 de Val\u00e8ncia ajudar\u00e0 a Villargordo del Cabriel a asfaltar carrers i millorar el poliesportiu\">[+] <\/a><\/div>\n","protected":false},"author":1,"featured_media":223417,"comment_status":"open","ping_status":"open","sticky":false,"template":"","format":"gallery","meta":{"footnotes":""},"categories":[10898,10948,10894,10904,10947,10909,10896,11061],"tags":[11246,10910,18825,13837],"class_list":["post-223424","post","type-post","status-publish","format-gallery","has-post-thumbnail","category-ventana-ca","category-infraestructuras-ca","category-la-comarca-ca","category-sin-categorizar-ca","category-politica","category-requena-utiel-ca","category-seccion-ca","category-villargordo-del-cabriel-ca","tag-diputacio-de-valencia-ca","tag-requena-utiel-ca","tag-vicent-mompo-ca","tag-villargordo-del-cabriel-ca","post_format-post-format-gallery"],"_links":{"self":[{"href":"https:\/\/tucomarca.whitekongsoftware.com\/ca\/wp-json\/wp\/v2\/posts\/223424","targetHints":{"allow":["GET"]}}],"collection":[{"href":"https:\/\/tucomarca.whitekongsoftware.com\/ca\/wp-json\/wp\/v2\/posts"}],"about":[{"href":"https:\/\/tucomarca.whitekongsoftware.com\/ca\/wp-json\/wp\/v2\/types\/post"}],"author":[{"embeddable":true,"href":"https:\/\/tucomarca.whitekongsoftware.com\/ca\/wp-json\/wp\/v2\/users\/1"}],"replies":[{"embeddable":true,"href":"https:\/\/tucomarca.whitekongsoftware.com\/ca\/wp-json\/wp\/v2\/comments?post=223424"}],"version-history":[{"count":0,"href":"https:\/\/tucomarca.whitekongsoftware.com\/ca\/wp-json\/wp\/v2\/posts\/223424\/revisions"}],"wp:featuredmedia":[{"embeddable":true,"href":"https:\/\/tucomarca.whitekongsoftware.com\/ca\/wp-json\/wp\/v2\/media\/223417"}],"wp:attachment":[{"href":"https:\/\/tucomarca.whitekongsoftware.com\/ca\/wp-json\/wp\/v2\/media?parent=223424"}],"wp:term":[{"taxonomy":"category","embeddable":true,"href":"https:\/\/tucomarca.whitekongsoftware.com\/ca\/wp-json\/wp\/v2\/categories?post=223424"},{"taxonomy":"post_tag","embeddable":true,"href":"https:\/\/tucomarca.whitekongsoftware.com\/ca\/wp-json\/wp\/v2\/tags?post=223424"}],"curies":[{"name":"wp","href":"https:\/\/api.w.org\/{rel}","templated":true}]}}