{"id":223361,"date":"2024-05-16T12:15:00","date_gmt":"2024-05-16T10:15:00","guid":{"rendered":"https:\/\/www.tucomarca.com\/wordpress\/segunda\/?p=223361"},"modified":"2024-05-16T19:16:52","modified_gmt":"2024-05-16T17:16:52","slug":"la-fira-del-vi-de-xest-vinachest-oferira-un-programa-dactivitats-per-a-tots-els-publics","status":"publish","type":"post","link":"https:\/\/tucomarca.whitekongsoftware.com\/ca\/la-fira-del-vi-de-xest-vinachest-oferira-un-programa-dactivitats-per-a-tots-els-publics\/","title":{"rendered":"La fira del vi de Xest &#8216;Vinachest&#8217; oferir\u00e0 un programa d&#8217;activitats per a tots els p\u00fablics"},"content":{"rendered":"\n<p class=\"wp-block-paragraph\">La fira del vi de Xest, Vinachest, oferir\u00e0 activitats gratu\u00eftes i per a tots els p\u00fablics el cap de setmana del 24, 25 i 26 de maig. El programa de l&#8217;esdeveniment contempla tastos de vi, actuacions en directe i animaci\u00f3 infantil. La pla\u00e7a Doctor Cajal tamb\u00e9 albergar\u00e0 foodtrucks i expositors de cellers, amb una \u00e0mplia oferta gastron\u00f2mica per a les persones visitants.<\/p>\n\n\n<div class=\"wp-block-image\">\n<figure class=\"alignleft size-large is-resized\"><img loading=\"lazy\" decoding=\"async\" width=\"819\" height=\"1024\" src=\"http:\/\/www.tucomarca.com\/wordpress\/segunda\/wp-content\/uploads\/2024\/05\/Vinachest24-819x1024.jpg\" alt=\"\" class=\"wp-image-223354\" style=\"width:340px;height:auto\" srcset=\"https:\/\/tucomarca.whitekongsoftware.com\/wp-content\/uploads\/2024\/05\/Vinachest24-819x1024.jpg 819w, https:\/\/tucomarca.whitekongsoftware.com\/wp-content\/uploads\/2024\/05\/Vinachest24-240x300.jpg 240w, https:\/\/tucomarca.whitekongsoftware.com\/wp-content\/uploads\/2024\/05\/Vinachest24-768x960.jpg 768w, https:\/\/tucomarca.whitekongsoftware.com\/wp-content\/uploads\/2024\/05\/Vinachest24.jpg 886w\" sizes=\"auto, (max-width: 819px) 100vw, 819px\" \/><\/figure>\n<\/div>\n\n\n<p class=\"wp-block-paragraph\"><strong>Inauguraci\u00f3<\/strong><br>L&#8217;esdeveniment, organitzat per la Regidoria de Turisme, obrir\u00e0 les seues portes el divendres 24, a les 18.00. La inauguraci\u00f3 oficial de la fira ser\u00e0 a les 19.00 i, tot seguit, tindr\u00e0 lloc una exhibici\u00f3 de balls tradicionals, a c\u00e0rrec del grup de danses de Xest, que comen\u00e7ar\u00e0 a les 19.45. Des de les 18.00 fins a les 21.00 hi haur\u00e0 animaci\u00f3 en l&#8217;espai dedicat al p\u00fablic infantil.<\/p>\n\n\n\n<p class=\"wp-block-paragraph\">En aquesta segona edici\u00f3, la 10K Xest s&#8217;ha fet coincidir amb Vinachest, amb l&#8217;objectiu de sumar una proposta esportiva al programa gastron\u00f2mic i d&#8217;oci de la fira. Eixe mateix divendres, 24, es far\u00e0 la presentaci\u00f3 oficial de la carrera, en aquesta edici\u00f3 dedicada a atletes locals de gran traject\u00f2ria, a les 20.15, en l&#8217;escenari instal\u00b7lat en la pla\u00e7a.<\/p>\n\n\n\n<p class=\"wp-block-paragraph\">El programa de la nit portar\u00e0, a les 21.30, una actuaci\u00f3 musical en directe a c\u00e0rrec de Los Roper, una banda de valenciana de indie rock.<\/p>\n\n\n\n<figure class=\"wp-block-image size-large\"><img loading=\"lazy\" decoding=\"async\" width=\"1024\" height=\"413\" src=\"http:\/\/www.tucomarca.com\/wordpress\/segunda\/wp-content\/uploads\/2024\/05\/ProgramaVinachest24-1024x413.jpg\" alt=\"\" class=\"wp-image-223356\" srcset=\"https:\/\/tucomarca.whitekongsoftware.com\/wp-content\/uploads\/2024\/05\/ProgramaVinachest24-1024x413.jpg 1024w, https:\/\/tucomarca.whitekongsoftware.com\/wp-content\/uploads\/2024\/05\/ProgramaVinachest24-300x121.jpg 300w, https:\/\/tucomarca.whitekongsoftware.com\/wp-content\/uploads\/2024\/05\/ProgramaVinachest24-768x310.jpg 768w, https:\/\/tucomarca.whitekongsoftware.com\/wp-content\/uploads\/2024\/05\/ProgramaVinachest24.jpg 1181w\" sizes=\"auto, (max-width: 1024px) 100vw, 1024px\" \/><\/figure>\n\n\n\n<p class=\"wp-block-paragraph\"><strong>Tastos de vi i 10K<\/strong><br>El dissabte, l&#8217;horari d&#8217;obertura ser\u00e0 de 12.00 a 00.00 i el programa comptar\u00e0 amb activitats infantils de 12.00 a 14.00 i de 18.00 a 21.00. Al mat\u00ed hi haur\u00e0 un tast de vi a c\u00e0rrec de Masia Bondia, a les 13.30, i ja a la vesprada, a partir de les 18.00, la zona de la pla\u00e7a s&#8217;omplir\u00e0 d&#8217;ambient amb la m\u00fasica del Dj \u00d3scar Faubel, i les carreres per a alumnat previstes en la 10K Xest. A les 19.00 comen\u00e7ar\u00e0 la prova regna de la carrera popular, en el pr\u00f2xim carrer Xiva, i a les 20.00 es donaran els premis en l&#8217;escenari de Vinachest. La vesprada finalitzar\u00e0 amb una nova actuaci\u00f3 en directe, de la m\u00e0 de la banda Andercovers, a les 21.30.<\/p>\n\n\n\n<p class=\"wp-block-paragraph\"><strong>Tancament de Vinachest<\/strong><br>El diumenge hi haur\u00e0 un nou tast de vi a c\u00e0rrec del celler local Reymos, a les 13.30, i l&#8217;\u00faltima actuaci\u00f3 en directe de la fira, a c\u00e0rrec del duo ac\u00fastic Blue Coco. De 12.00 a 14.00 funcionar\u00e0 de nou l&#8217;espai infantil. Vinachest tancar\u00e0 les portes de la seua segona edici\u00f3 a les 17.00.<\/p>\n","protected":false},"excerpt":{"rendered":"<div class=\"mh-excerpt\">La fira del vi de Xest, Vinachest, oferir\u00e0 activitats gratu\u00eftes i per a tots els p\u00fablics el cap de setmana del 24, 25 i 26 de maig. El programa de l&#8217;esdeveniment contempla tastos de vi, <a class=\"mh-excerpt-more\" href=\"https:\/\/tucomarca.whitekongsoftware.com\/ca\/la-fira-del-vi-de-xest-vinachest-oferira-un-programa-dactivitats-per-a-tots-els-publics\/\" title=\"La fira del vi de Xest &#8216;Vinachest&#8217; oferir\u00e0 un programa d&#8217;activitats per a tots els p\u00fablics\">[+] <\/a><\/div>\n","protected":false},"author":12,"featured_media":223355,"comment_status":"open","ping_status":"open","sticky":false,"template":"","format":"standard","meta":{"footnotes":""},"categories":[11019,11006,10894,10912,11007,10896,10974],"tags":[11071,19166,10914],"class_list":["post-223361","post","type-post","status-publish","format-standard","has-post-thumbnail","category-agenda-ca","category-canal-vinos","category-la-comarca-ca","category-la-hoya-ca","category-ocio-y-cultura-ca","category-seccion-ca","category-cheste-ca","tag-cheste","tag-feria-del-vino-vinachest-ca","tag-la-hoya-de-bunol-chiva-ca"],"_links":{"self":[{"href":"https:\/\/tucomarca.whitekongsoftware.com\/ca\/wp-json\/wp\/v2\/posts\/223361","targetHints":{"allow":["GET"]}}],"collection":[{"href":"https:\/\/tucomarca.whitekongsoftware.com\/ca\/wp-json\/wp\/v2\/posts"}],"about":[{"href":"https:\/\/tucomarca.whitekongsoftware.com\/ca\/wp-json\/wp\/v2\/types\/post"}],"author":[{"embeddable":true,"href":"https:\/\/tucomarca.whitekongsoftware.com\/ca\/wp-json\/wp\/v2\/users\/12"}],"replies":[{"embeddable":true,"href":"https:\/\/tucomarca.whitekongsoftware.com\/ca\/wp-json\/wp\/v2\/comments?post=223361"}],"version-history":[{"count":0,"href":"https:\/\/tucomarca.whitekongsoftware.com\/ca\/wp-json\/wp\/v2\/posts\/223361\/revisions"}],"wp:featuredmedia":[{"embeddable":true,"href":"https:\/\/tucomarca.whitekongsoftware.com\/ca\/wp-json\/wp\/v2\/media\/223355"}],"wp:attachment":[{"href":"https:\/\/tucomarca.whitekongsoftware.com\/ca\/wp-json\/wp\/v2\/media?parent=223361"}],"wp:term":[{"taxonomy":"category","embeddable":true,"href":"https:\/\/tucomarca.whitekongsoftware.com\/ca\/wp-json\/wp\/v2\/categories?post=223361"},{"taxonomy":"post_tag","embeddable":true,"href":"https:\/\/tucomarca.whitekongsoftware.com\/ca\/wp-json\/wp\/v2\/tags?post=223361"}],"curies":[{"name":"wp","href":"https:\/\/api.w.org\/{rel}","templated":true}]}}