{"id":223214,"date":"2024-05-15T14:00:00","date_gmt":"2024-05-15T12:00:00","guid":{"rendered":"https:\/\/www.tucomarca.com\/wordpress\/segunda\/?p=223214"},"modified":"2024-05-15T21:11:04","modified_gmt":"2024-05-15T19:11:04","slug":"el-director-general-de-diversitat-assenyala-que-la-generalitat-continuara-collaborant-ajudant-i-escoltant-a-totes-les-entitats-lgtbiq-de-la-comunitat-sense-sectarisme-ideologic","status":"publish","type":"post","link":"https:\/\/tucomarca.whitekongsoftware.com\/ca\/el-director-general-de-diversitat-assenyala-que-la-generalitat-continuara-collaborant-ajudant-i-escoltant-a-totes-les-entitats-lgtbiq-de-la-comunitat-sense-sectarisme-ideologic\/","title":{"rendered":"El director general de Diversitat assenyala que la Generalitat &#8220;continuar\u00e0 col\u00b7laborant, ajudant i escoltant a totes les entitats LGTBIQ+ de la Comunitat sense sectarisme ideol\u00f2gic\u201d"},"content":{"rendered":"\n<h3 class=\"wp-block-heading\">La Vicepresid\u00e8ncia Segona i Conselleria de Serveis Socials, Igualtat i Habitatge ha celebrat reunions amb totes les entitats LGTBIQ+ en les tres prov\u00edncies col\u00b7laborant i ajudant en m\u00e9s de 25 orgulls i 80 actes que fomenten les Diversitat.<\/h3>\n\n\n\n<figure class=\"wp-block-image size-large\"><img loading=\"lazy\" decoding=\"async\" width=\"1024\" height=\"548\" src=\"http:\/\/www.tucomarca.com\/wordpress\/segunda\/wp-content\/uploads\/2024\/05\/Diversitat-1024x548.jpg\" alt=\"\" class=\"wp-image-223232\" srcset=\"https:\/\/tucomarca.whitekongsoftware.com\/wp-content\/uploads\/2024\/05\/Diversitat-1024x548.jpg 1024w, https:\/\/tucomarca.whitekongsoftware.com\/wp-content\/uploads\/2024\/05\/Diversitat-300x160.jpg 300w, https:\/\/tucomarca.whitekongsoftware.com\/wp-content\/uploads\/2024\/05\/Diversitat-768x411.jpg 768w, https:\/\/tucomarca.whitekongsoftware.com\/wp-content\/uploads\/2024\/05\/Diversitat.jpg 1290w\" sizes=\"auto, (max-width: 1024px) 100vw, 1024px\" \/><\/figure>\n\n\n\n<p class=\"wp-block-paragraph\">La Generalitat, a trav\u00e9s de la Vicepresid\u00e8ncia Segona i Conselleria de Serveis Socials, Igualtat i Habitatge, continuar\u00e0 \u201ccol\u00b7laborant, ajudant i escoltant a totes les entitats LGTBIQ+ de la Comunitat Valenciana sense sectarisme ideol\u00f2gic\u201d.<br>Aix\u00ed s&#8217;ha manifestat el director general de Diversitat, Stephane Soriano, despr\u00e9s de les afirmacions del col\u00b7lectiu Lambda en relaci\u00f3 amb la seua negativa d&#8217;organitzar la tradicional Festa de l&#8217;Orgull LGTBIQ+ a la ciutat de Val\u00e8ncia.<\/p>\n\n\n<div class=\"wp-block-image\">\n<figure class=\"alignleft size-full is-resized\"><img loading=\"lazy\" decoding=\"async\" width=\"945\" height=\"630\" src=\"http:\/\/www.tucomarca.com\/wordpress\/segunda\/wp-content\/uploads\/2024\/05\/StephaneSoriano2.jpg\" alt=\"\" class=\"wp-image-223213\" style=\"width:389px;height:auto\" srcset=\"https:\/\/tucomarca.whitekongsoftware.com\/wp-content\/uploads\/2024\/05\/StephaneSoriano2.jpg 945w, https:\/\/tucomarca.whitekongsoftware.com\/wp-content\/uploads\/2024\/05\/StephaneSoriano2-300x200.jpg 300w, https:\/\/tucomarca.whitekongsoftware.com\/wp-content\/uploads\/2024\/05\/StephaneSoriano2-768x512.jpg 768w\" sizes=\"auto, (max-width: 945px) 100vw, 945px\" \/><\/figure>\n<\/div>\n\n\n<p class=\"wp-block-paragraph\">Aix\u00ed mateix, Soriano ha expressat la m\u00e0xima \u201csorpresa de la Generalitat per les acusacions emeses per aquest col\u00b7lectiu\u201d i ha recordat que, des de la Secretaria Auton\u00f2mica d&#8217;Igualtat i Diversitat, \u201cs&#8217;han vingut mantenint reunions amb la totalitat d&#8217;entitats LGTBIQ+ de la Comunitat Valenciana ja siga de manera individual o col\u00b7lectiva sent Lambda el primer col\u00b7lectiu rebut nom\u00e9s cinc dies despr\u00e9s de prendre possessi\u00f3 del meu c\u00e0rrec com a director general\u201d.<br>En cadascun de les trobades celebrades, ha continuat, \u201cs&#8217;ha manifestat la clara voluntat del Consell de col\u00b7laborar i secundar totes aquells actes i celebracions que fomenten la diversitat\u201d.<br>En aquest sentit, ha assenyalat que \u201caix\u00ed ha ocorregut, per exemple, en les tres prov\u00edncies per igual, aconseguint des del consens i la unitat, calendarizar a trav\u00e9s de les comissions de treball celebrades, m\u00e9s de 25 orgulls i 80 actes que es realitzaran en municipis i que comptaran amb el suport de la Generalitat\u201d.<br>Finalment, el director general de Diversitat ha recalcat que \u201cla Comunitat Valenciana \u00e9s una terra de Llibertat i de Diversitat que no ha de caure en discursos sectaris en un tema transversal que ha d&#8217;abordar-se ser d&#8217;unitat i el consens\u201d.<\/p>\n","protected":false},"excerpt":{"rendered":"<div class=\"mh-excerpt\">La Vicepresid\u00e8ncia Segona i Conselleria de Serveis Socials, Igualtat i Habitatge ha celebrat reunions amb totes les entitats LGTBIQ+ en les tres prov\u00edncies col\u00b7laborant i ajudant en m\u00e9s de 25 orgulls i 80 actes que <a class=\"mh-excerpt-more\" href=\"https:\/\/tucomarca.whitekongsoftware.com\/ca\/el-director-general-de-diversitat-assenyala-que-la-generalitat-continuara-collaborant-ajudant-i-escoltant-a-totes-les-entitats-lgtbiq-de-la-comunitat-sense-sectarisme-ideologic\/\" title=\"El director general de Diversitat assenyala que la Generalitat &#8220;continuar\u00e0 col\u00b7laborant, ajudant i escoltant a totes les entitats LGTBIQ+ de la Comunitat sense sectarisme ideol\u00f2gic\u201d\">[+] <\/a><\/div>\n","protected":false},"author":12,"featured_media":223213,"comment_status":"open","ping_status":"open","sticky":false,"template":"","format":"standard","meta":{"footnotes":""},"categories":[10952,10892,10948,10894,10904,10947,10896],"tags":[19522,20690,13969],"class_list":["post-223214","post","type-post","status-publish","format-standard","has-post-thumbnail","category-benaguasil-ca","category-camp-de-turia-ca","category-infraestructuras-ca","category-la-comarca-ca","category-sin-categorizar-ca","category-politica","category-seccion-ca","tag-director-general-de-diversidad-ca","tag-lgtbiq-ca","tag-stephane-soriano-ca"],"_links":{"self":[{"href":"https:\/\/tucomarca.whitekongsoftware.com\/ca\/wp-json\/wp\/v2\/posts\/223214","targetHints":{"allow":["GET"]}}],"collection":[{"href":"https:\/\/tucomarca.whitekongsoftware.com\/ca\/wp-json\/wp\/v2\/posts"}],"about":[{"href":"https:\/\/tucomarca.whitekongsoftware.com\/ca\/wp-json\/wp\/v2\/types\/post"}],"author":[{"embeddable":true,"href":"https:\/\/tucomarca.whitekongsoftware.com\/ca\/wp-json\/wp\/v2\/users\/12"}],"replies":[{"embeddable":true,"href":"https:\/\/tucomarca.whitekongsoftware.com\/ca\/wp-json\/wp\/v2\/comments?post=223214"}],"version-history":[{"count":0,"href":"https:\/\/tucomarca.whitekongsoftware.com\/ca\/wp-json\/wp\/v2\/posts\/223214\/revisions"}],"wp:featuredmedia":[{"embeddable":true,"href":"https:\/\/tucomarca.whitekongsoftware.com\/ca\/wp-json\/wp\/v2\/media\/223213"}],"wp:attachment":[{"href":"https:\/\/tucomarca.whitekongsoftware.com\/ca\/wp-json\/wp\/v2\/media?parent=223214"}],"wp:term":[{"taxonomy":"category","embeddable":true,"href":"https:\/\/tucomarca.whitekongsoftware.com\/ca\/wp-json\/wp\/v2\/categories?post=223214"},{"taxonomy":"post_tag","embeddable":true,"href":"https:\/\/tucomarca.whitekongsoftware.com\/ca\/wp-json\/wp\/v2\/tags?post=223214"}],"curies":[{"name":"wp","href":"https:\/\/api.w.org\/{rel}","templated":true}]}}