{"id":223211,"date":"2024-05-15T19:00:00","date_gmt":"2024-05-15T17:00:00","guid":{"rendered":"https:\/\/www.tucomarca.com\/wordpress\/segunda\/?p=223211"},"modified":"2024-05-15T20:05:21","modified_gmt":"2024-05-15T18:05:21","slug":"mazon-y-page-firman-en-requena-un-acuerdo-en-materia-sanitaria-que-beneficiara-especialmente-a-ayora-cofrentes-y-requena-utiel","status":"publish","type":"post","link":"https:\/\/tucomarca.whitekongsoftware.com\/ca\/mazon-y-page-firman-en-requena-un-acuerdo-en-materia-sanitaria-que-beneficiara-especialmente-a-ayora-cofrentes-y-requena-utiel\/","title":{"rendered":"Maz\u00f3n i Page signen a Requena un acord en mat\u00e8ria sanit\u00e0ria que beneficiar\u00e0 especialment a Aiora-Cofrents i Requena-Utiel"},"content":{"rendered":"\n<figure class=\"wp-block-image size-large\"><img loading=\"lazy\" decoding=\"async\" width=\"1024\" height=\"683\" src=\"http:\/\/www.tucomarca.com\/wordpress\/segunda\/wp-content\/uploads\/2024\/05\/MazonPage2-1024x683.jpeg\" alt=\"\" class=\"wp-image-223203\" srcset=\"https:\/\/tucomarca.whitekongsoftware.com\/wp-content\/uploads\/2024\/05\/MazonPage2-1024x683.jpeg 1024w, https:\/\/tucomarca.whitekongsoftware.com\/wp-content\/uploads\/2024\/05\/MazonPage2-300x200.jpeg 300w, https:\/\/tucomarca.whitekongsoftware.com\/wp-content\/uploads\/2024\/05\/MazonPage2-768x512.jpeg 768w, https:\/\/tucomarca.whitekongsoftware.com\/wp-content\/uploads\/2024\/05\/MazonPage2-1536x1024.jpeg 1536w, https:\/\/tucomarca.whitekongsoftware.com\/wp-content\/uploads\/2024\/05\/MazonPage2-2048x1365.jpeg 2048w\" sizes=\"auto, (max-width: 1024px) 100vw, 1024px\" \/><\/figure>\n\n\n\n<p class=\"wp-block-paragraph\"><strong>Assegura que esta mesura \u00e9s un exemple de \u201ccooperaci\u00f3 i solidaritat\u201d que beneficia 13.778 ve\u00efns de 5 municipis de la Vall d\u2019Aiora i 22 localitats de la prov\u00edncia de Conca<\/strong>.<\/p>\n\n\n\n<p class=\"wp-block-paragraph\"><strong>Assenyala que urgix parlar de finan\u00e7ament per a comptar amb les mateixes condicions per a garantir els servicis p\u00fablics de les persones<\/strong>.<\/p>\n\n\n\n<p class=\"wp-block-paragraph\"><strong>Destaca que \u201cestem construint Espanya centrant-nos en com i per a qu\u00e8 millorarem la qualitat de vida dels nostres ciutadans\u201d<\/strong>.<\/p>\n\n\n\n<p class=\"wp-block-paragraph\"><strong><strong>El cap del Consell i el president de Castella-la Manxa, Emiliano Garc\u00eda-Page han firmat un acord per a coordinar l\u2019assist\u00e8ncia sanit\u00e0ria en zones lim\u00edtrofes<\/strong><\/strong>.<\/p>\n\n\n\n<p class=\"wp-block-paragraph\"><strong>Tamb\u00e9 col\u00b7laboraran per a impulsar la innovaci\u00f3, la formaci\u00f3, la doc\u00e8ncia i la investigaci\u00f3 sanit\u00e0ria<\/strong>.<\/p>\n\n\n\n<p class=\"wp-block-paragraph\"><strong>Carlos Maz\u00f3n destaca el sentit com\u00fa i la col\u00b7laboraci\u00f3 amb Castella-la Manxa per a aconseguir acords que beneficien els ciutadans<\/strong>.<\/p>\n\n\n\n<figure class=\"wp-block-image size-large\"><img loading=\"lazy\" decoding=\"async\" width=\"1024\" height=\"683\" src=\"http:\/\/www.tucomarca.com\/wordpress\/segunda\/wp-content\/uploads\/2024\/05\/MazonPage-1024x683.jpeg\" alt=\"\" class=\"wp-image-223200\" srcset=\"https:\/\/tucomarca.whitekongsoftware.com\/wp-content\/uploads\/2024\/05\/MazonPage-1024x683.jpeg 1024w, https:\/\/tucomarca.whitekongsoftware.com\/wp-content\/uploads\/2024\/05\/MazonPage-300x200.jpeg 300w, https:\/\/tucomarca.whitekongsoftware.com\/wp-content\/uploads\/2024\/05\/MazonPage-768x512.jpeg 768w, https:\/\/tucomarca.whitekongsoftware.com\/wp-content\/uploads\/2024\/05\/MazonPage-1536x1024.jpeg 1536w, https:\/\/tucomarca.whitekongsoftware.com\/wp-content\/uploads\/2024\/05\/MazonPage-2048x1365.jpeg 2048w\" sizes=\"auto, (max-width: 1024px) 100vw, 1024px\" \/><\/figure>\n\n\n\n<p class=\"wp-block-paragraph\">El president de la Generalitat, Carlos Maz\u00f3n, ha destacat la col\u00b7laboraci\u00f3, el sentit com\u00fa i el di\u00e0leg entre la Comunitat Valenciana i Castella-la Manxa \u201cper a aconseguir acords que beneficien els ciutadans\u201d i ha posat com a exemple estos convenis que \u201cgarantixen l\u2019acc\u00e9s equitatiu a l\u2019atenci\u00f3 sanit\u00e0ria, independentment del lloc de resid\u00e8ncia\u201d.<\/p>\n\n\n\n<p class=\"wp-block-paragraph\">Aix\u00ed s\u2019ha manifestat el cap del Consell despr\u00e9s de firmar amb el president de Castella-la Manxa, Emiliano Garc\u00eda-Page, un conveni per a l\u2019atenci\u00f3 sanit\u00e0ria en determinades zones lim\u00edtrofes entre les dos comunitats aut\u00f2nomes. A m\u00e9s, han segellat un acord de cooperaci\u00f3 en mat\u00e8ria d\u2019innovaci\u00f3, doc\u00e8ncia, formaci\u00f3 i investigaci\u00f3 sanit\u00e0ria, en un acte en el qual tamb\u00e9 han estat presents el conseller de Sanitat, Marciano G\u00f3mez, i el conseller de Sanitat de Castella-la Manxa, Jes\u00fas Fern\u00e1ndez.<\/p>\n\n\n\n<p class=\"wp-block-paragraph\">Maz\u00f3n ha explicat que \u201camb estos acords estem centrant-nos en el que ens unix que \u00e9s prestar el millor servici sanitari als ciutadans\u201d i ha remarcat que \u201cl\u2019atenci\u00f3 sanit\u00e0ria, l\u2019educaci\u00f3 i els servicis socials s\u00f3n les prioritats del seu Consell\u201d.<\/p>\n\n\n\n<p class=\"wp-block-paragraph\">El president ha valorat positivament que amb esta mesura \u201ces beneficiaran 13.778 ciutadans directes de 5 municipis de la Vall d\u2019Aiora i 22 municipis de la prov\u00edncia de Conca\u201d. El cap del Consell ha assenyalat que \u201cl\u2019aplicaci\u00f3 d\u2019este conveni \u00e9s immediata i \u00e9s ampliable al nostre sistema territorial sanitari\u201d i ha mostrat la seua voluntat de \u201cpoder aconseguir un acord similar amb altres regions lim\u00edtrofes amb la Comunitat Valenciana\u201d.<\/p>\n\n\n\n<figure class=\"wp-block-image size-large\"><img loading=\"lazy\" decoding=\"async\" width=\"1024\" height=\"683\" src=\"http:\/\/www.tucomarca.com\/wordpress\/segunda\/wp-content\/uploads\/2024\/05\/MazonPAge4-1024x683.jpeg\" alt=\"\" class=\"wp-image-223206\" srcset=\"https:\/\/tucomarca.whitekongsoftware.com\/wp-content\/uploads\/2024\/05\/MazonPAge4-1024x683.jpeg 1024w, https:\/\/tucomarca.whitekongsoftware.com\/wp-content\/uploads\/2024\/05\/MazonPAge4-300x200.jpeg 300w, https:\/\/tucomarca.whitekongsoftware.com\/wp-content\/uploads\/2024\/05\/MazonPAge4-768x512.jpeg 768w, https:\/\/tucomarca.whitekongsoftware.com\/wp-content\/uploads\/2024\/05\/MazonPAge4-1536x1024.jpeg 1536w, https:\/\/tucomarca.whitekongsoftware.com\/wp-content\/uploads\/2024\/05\/MazonPAge4-2048x1365.jpeg 2048w\" sizes=\"auto, (max-width: 1024px) 100vw, 1024px\" \/><\/figure>\n\n\n\n<p class=\"wp-block-paragraph\">Per al m\u00e0xim representant de l\u2019executiu valenci\u00e0 \u201ceste \u00e9s un exemple que si compartim i unifiquem els servicis p\u00fablics, estos milloren perqu\u00e8 posem al receptor del servici per davant de discursos competencials\u201d. Per a Maz\u00f3n, \u201cno es tracta de m\u00e9s compet\u00e8ncies o m\u00e9s sobirania, sin\u00f3 de construir Espanya centrant-nos en com i per a qu\u00e8 millorarem la qualitat de vida dels nostres ciutadans\u201d. Per a aix\u00f2, ha advocat per \u201cuna coordinaci\u00f3 entre comunitats en compte d\u2019una competici\u00f3\u201d.<br>&nbsp;<br>En este sentit, Maz\u00f3n ha lamentat que hi haja 17 sistemes inform\u00e0tics diferents per a atendre la sanitat, ja que \u201c\u00e9s una barrera per a la qualitat assistencial\u201d i ha destacat que amb este acord \u201cestem al\u00e7ant eixa barrera\u201d.<\/p>\n\n\n\n<p class=\"wp-block-paragraph\">Durant el seu discurs, el president tamb\u00e9 ha assegurat que per a avan\u00e7ar en esta equitat i solidaritat sanit\u00e0ria \u00e9s necessari una reforma urgent del sistema de finan\u00e7ament \u201cper a tindre les mateixes ferramentes i condicions que ens permeta garantir els servicis p\u00fablics dels nostres ciutadans\u201d.<\/p>\n\n\n\n<p class=\"wp-block-paragraph\">Finalment, ha traslladat el seu agra\u00efment a tot el personal sanitari \u201cpel seu esfor\u00e7 i complicitat per a atendre les persones\u201d i ha assenyalat el seu comprom\u00eds \u201cper a oferir les millors ferramentes i reconeixements per a prestar adequadament la millora assist\u00e8ncia sanit\u00e0ria\u201d.<\/p>\n\n\n\n<figure class=\"wp-block-image size-large\"><img loading=\"lazy\" decoding=\"async\" width=\"1024\" height=\"637\" src=\"http:\/\/www.tucomarca.com\/wordpress\/segunda\/wp-content\/uploads\/2024\/05\/MazonPage3-1024x637.jpeg\" alt=\"\" class=\"wp-image-223204\" srcset=\"https:\/\/tucomarca.whitekongsoftware.com\/wp-content\/uploads\/2024\/05\/MazonPage3-1024x637.jpeg 1024w, https:\/\/tucomarca.whitekongsoftware.com\/wp-content\/uploads\/2024\/05\/MazonPage3-300x187.jpeg 300w, https:\/\/tucomarca.whitekongsoftware.com\/wp-content\/uploads\/2024\/05\/MazonPage3-768x478.jpeg 768w, https:\/\/tucomarca.whitekongsoftware.com\/wp-content\/uploads\/2024\/05\/MazonPage3-1536x956.jpeg 1536w, https:\/\/tucomarca.whitekongsoftware.com\/wp-content\/uploads\/2024\/05\/MazonPage3-2048x1274.jpeg 2048w\" sizes=\"auto, (max-width: 1024px) 100vw, 1024px\" \/><\/figure>\n\n\n\n<p class=\"wp-block-paragraph\"><strong>Millorar l\u2019atenci\u00f3 sanit\u00e0ria<\/strong><\/p>\n\n\n\n<p class=\"wp-block-paragraph\">Maz\u00f3n i Page han firmat un nou conveni en mat\u00e8ria sanit\u00e0ria i atenci\u00f3 especialitzada de primer i segon nivell, aix\u00ed com farm\u00e0cia hospital\u00e0ria, recepta, atenci\u00f3 a emerg\u00e8ncies i transport sanitaris urgent i no urgent per a determinades zones lim\u00edtrofes entre les dos regions.<\/p>\n\n\n\n<p class=\"wp-block-paragraph\">Este acord beneficiar\u00e0 els ciutadans residents a la Vall d\u2019Aiora que compr\u00e9n els municipis de Jalance, Jarafuel, Teresa de Cofrentes, Zarra i Ayora que podran tindre l\u2019Hospital d\u2019Almansa com a centre de refer\u00e8ncia per a l\u2019atenci\u00f3 sanit\u00e0ria especialitzada.<\/p>\n\n\n\n<p class=\"wp-block-paragraph\">Igualment, els ve\u00efns de 22 localitats de la prov\u00edncia de Conca (Algarra, Aliaguilla, Campillo-Paravientos, Casas de Garcimolina, Casillas de Ranera, El Arrabal, Fuentelespino de Moya, Garaballa, Graja de Campalbo, Henarejos, Higueruela, La Ca\u00f1ada, La Olmeda, Landete -incluido Moya, Las Rinconadas, Los Huertos, Manzaneruela, Mira, Pedro Izquierdo, Santa Cruz de Moya, Santo Domingo de Moya i Talayuelas) podran ser atesos a l\u2019Hospital de Requena.<\/p>\n\n\n\n<p class=\"wp-block-paragraph\">En concret, els ve\u00efns d\u2019estos municipis podran tindre com a hospital de refer\u00e8ncia per a l\u2019atenci\u00f3 especialitzada de primer nivell o comarcal els recursos i prestacions dels centres hospitalaris d\u2019Almansa o Requena en igualtat de condicions que la resta dels ciutadans de les dos regions.<\/p>\n\n\n\n<p class=\"wp-block-paragraph\">Respecte a l\u2019atenci\u00f3 especialitzada que requerisca m\u00e9s complexitat assistencial, es far\u00e0 pels centres hospitalaris de refer\u00e8ncia de la Comunitat Valenciana o de la Comunitat de Castella-la Manxa, indistintament, en les mateixes condicions que els ciutadans d\u2019eixa comunitat. La derivaci\u00f3 al centre hospitalari de refer\u00e8ncia es far\u00e0 sempre amb l\u2019opci\u00f3 del pacient.<\/p>\n\n\n\n<p class=\"wp-block-paragraph\">Aix\u00ed mateix, les proves de diagn\u00f2stic i tractaments que no estiguen disponibles en els respectius hospitals de Requena i d\u2019Almansa i que es prove\u00efxen amb mitjans externs concertats per a la seua pr\u00f2pia poblaci\u00f3, es podran sol\u00b7licitar igualment per a ciutadans de l\u2019altra comunitat aut\u00f2noma.<\/p>\n\n\n\n<p class=\"wp-block-paragraph\">De manera general, l\u2019atenci\u00f3 sanit\u00e0ria urgent domicili\u00e0ria es prestar\u00e0 pel Punt d\u2019Atenci\u00f3 Continuada (PAC) corresponent a la seua zona b\u00e0sica de salut o per aquell de la zona b\u00e0sica de salut en qu\u00e8 es trobe el pacient en el moment de requerir assist\u00e8ncia sanit\u00e0ria urgent.<\/p>\n\n\n\n<p class=\"wp-block-paragraph\">Respecte a l\u2019assist\u00e8ncia i transport sanitaris urgents seran els centres de Coordinaci\u00f3 d\u2019Urg\u00e8ncies i Emerg\u00e8ncies els que determinaran els mitjans que cal utilitzar, dels disponibles, m\u00e9s adequats a la situaci\u00f3 generada.<\/p>\n\n\n\n<p class=\"wp-block-paragraph\">El transport sanitari no urgent ser\u00e0 sempre prestat per regi\u00f3 de resid\u00e8ncia del pacient, i s\u2019eliminaran aix\u00ed tot tipus de limitacions territorials. No obstant aix\u00f2, en cas de dificultat derivada de l\u2019organitzaci\u00f3 dels servicis, circumst\u00e0ncies meteorol\u00f2giques o qualsevol altra, la prestaci\u00f3 d\u2019este servici quedar\u00e0 garantida per qualsevol de les comunitats.<\/p>\n\n\n\n<p class=\"wp-block-paragraph\">L\u2019acord tamb\u00e9 establix que la dispensaci\u00f3 de f\u00e0rmacs i productes propis de farm\u00e0cia hospital\u00e0ria per a pacients externs es far\u00e0 a l\u2019hospital de la prescripci\u00f3.<\/p>\n\n\n\n<p class=\"wp-block-paragraph\">Igualment, les dos comunitats impulsaran els mecanismes necessaris per a aconseguir l\u2019acc\u00e9s a les hist\u00f2ries cl\u00edniques electr\u00f2niques pr\u00f2pies de cada zona. Aix\u00ed mateix, s\u2019adoptaran les mesures d\u2019identificaci\u00f3 cl\u00ednica personal, necess\u00e0ries per a l\u2019assist\u00e8ncia, sense que alteren la targeta sanit\u00e0ria de la seua comunitat aut\u00f2noma d\u2019origen.<\/p>\n\n\n\n<p class=\"wp-block-paragraph\">Les prestacions sanit\u00e0ries que es facen seran assumides econ\u00f2micament per l\u2019Administraci\u00f3 que presta l\u2019assist\u00e8ncia, i no donar\u00e0 dret a cap compensaci\u00f3 econ\u00f2mica.<\/p>\n\n\n\n<p class=\"wp-block-paragraph\"><strong>Formaci\u00f3, investigaci\u00f3 i doc\u00e8ncia<\/strong><\/p>\n\n\n\n<p class=\"wp-block-paragraph\">D\u2019altra banda, els dos dirigents auton\u00f2mics tamb\u00e9 han subscrit un acord de cooperaci\u00f3 en activitats de doc\u00e8ncia, formaci\u00f3 i investigaci\u00f3 en mat\u00e8ria sanit\u00e0ria. Amb esta iniciativa es fomentar\u00e0 l\u2019intercanvi de coneixements, ferramentes i la participaci\u00f3 dels professionals en estos espais per a potenciar la innovaci\u00f3 en les pol\u00edtiques sanit\u00e0ries p\u00fabliques.<\/p>\n\n\n\n<p class=\"wp-block-paragraph\">A trav\u00e9s d\u2019este comprom\u00eds, la Comunitat Valenciana i Castella-la Manxa facilitaran la realitzaci\u00f3 de programes i projectes comuns en benefici dels seus habitants. Especialment, les dos regions col\u00b7laboraran en la transformaci\u00f3 del sistema sanitari per a donar respostes \u00e0gils, proactives i flexibles a les demandes socials. L\u2019objectiu \u00e9s millorar els resultats en salut i en qualitat de vida de la ciutadania.<\/p>\n","protected":false},"excerpt":{"rendered":"<div class=\"mh-excerpt\">Assegura que esta mesura \u00e9s un exemple de \u201ccooperaci\u00f3 i solidaritat\u201d que beneficia 13.778 ve\u00efns de 5 municipis de la Vall d\u2019Aiora i 22 localitats de la prov\u00edncia de Conca. Assenyala que urgix parlar de <a class=\"mh-excerpt-more\" href=\"https:\/\/tucomarca.whitekongsoftware.com\/ca\/mazon-y-page-firman-en-requena-un-acuerdo-en-materia-sanitaria-que-beneficiara-especialmente-a-ayora-cofrentes-y-requena-utiel\/\" title=\"Maz\u00f3n i Page signen a Requena un acord en mat\u00e8ria sanit\u00e0ria que beneficiar\u00e0 especialment a Aiora-Cofrents i Requena-Utiel\">[+] <\/a><\/div>\n","protected":false},"author":1,"featured_media":223207,"comment_status":"open","ping_status":"open","sticky":false,"template":"","format":"standard","meta":{"footnotes":""},"categories":[10954,10951,11010,10955,10953,10898,10948,10956,10957,10894,10904,10947,10908,10909,10896,10958,10959],"tags":[11216,18807,20688,20689,10910],"class_list":["post-223211","post","type-post","status-publish","format-standard","has-post-thumbnail","category-ayora-ca","category-ayora-cofrentes-ca","category-canal-salud","category-cofrentes-ca","category-cortes-de-pallas-ca","category-ventana-ca","category-infraestructuras-ca","category-jalance-ca","category-jarafuel-ca","category-la-comarca-ca","category-sin-categorizar-ca","category-politica","category-requena-ca","category-requena-utiel-ca","category-seccion-ca","category-teresa-de-cofrentes-ca","category-zarra-ca","tag-ayora-cofrentes-ca","tag-carlos-mazon-ca","tag-emiliano-garcia-page-ca","tag-page-ca","tag-requena-utiel-ca"],"_links":{"self":[{"href":"https:\/\/tucomarca.whitekongsoftware.com\/ca\/wp-json\/wp\/v2\/posts\/223211","targetHints":{"allow":["GET"]}}],"collection":[{"href":"https:\/\/tucomarca.whitekongsoftware.com\/ca\/wp-json\/wp\/v2\/posts"}],"about":[{"href":"https:\/\/tucomarca.whitekongsoftware.com\/ca\/wp-json\/wp\/v2\/types\/post"}],"author":[{"embeddable":true,"href":"https:\/\/tucomarca.whitekongsoftware.com\/ca\/wp-json\/wp\/v2\/users\/1"}],"replies":[{"embeddable":true,"href":"https:\/\/tucomarca.whitekongsoftware.com\/ca\/wp-json\/wp\/v2\/comments?post=223211"}],"version-history":[{"count":0,"href":"https:\/\/tucomarca.whitekongsoftware.com\/ca\/wp-json\/wp\/v2\/posts\/223211\/revisions"}],"wp:featuredmedia":[{"embeddable":true,"href":"https:\/\/tucomarca.whitekongsoftware.com\/ca\/wp-json\/wp\/v2\/media\/223207"}],"wp:attachment":[{"href":"https:\/\/tucomarca.whitekongsoftware.com\/ca\/wp-json\/wp\/v2\/media?parent=223211"}],"wp:term":[{"taxonomy":"category","embeddable":true,"href":"https:\/\/tucomarca.whitekongsoftware.com\/ca\/wp-json\/wp\/v2\/categories?post=223211"},{"taxonomy":"post_tag","embeddable":true,"href":"https:\/\/tucomarca.whitekongsoftware.com\/ca\/wp-json\/wp\/v2\/tags?post=223211"}],"curies":[{"name":"wp","href":"https:\/\/api.w.org\/{rel}","templated":true}]}}