{"id":223076,"date":"2024-05-15T09:30:00","date_gmt":"2024-05-15T07:30:00","guid":{"rendered":"https:\/\/www.tucomarca.com\/wordpress\/segunda\/?p=223076"},"modified":"2024-05-15T11:06:16","modified_gmt":"2024-05-15T09:06:16","slug":"el-circuit-ricardo-tormo-amplia-el-seu-aforament-per-al-gran-premi-de-la-comunitat-valenciana","status":"publish","type":"post","link":"https:\/\/tucomarca.whitekongsoftware.com\/ca\/el-circuit-ricardo-tormo-amplia-el-seu-aforament-per-al-gran-premi-de-la-comunitat-valenciana\/","title":{"rendered":"El Circuit Ricardo Tormo amplia el seu aforament per al Gran Premi de la Comunitat Valenciana"},"content":{"rendered":"\n<h3 class=\"wp-block-heading\">Es posen a la venda 10.000 noves entrades per a assistir a l\u2019\u00faltim Gran Premi de MotoGP de la temporada.<\/h3>\n\n\n\n<h3 class=\"wp-block-heading\">Ja s\u2019ha venut la pr\u00e0ctica totalitat de l\u2019aforament mancant sis mesos per a la celebraci\u00f3 de l\u2019esdeveniment.<\/h3>\n\n\n\n<p class=\"wp-block-paragraph\">El Circuit Ricardo Tormo ha posat a la venda 10.000 noves localitats per a assistir al Gran Premi Motul de la Comunitat Valenciana, que tindr\u00e0 lloc en el tra\u00e7at de Cheste del 15 al 17 de novembre.<\/p>\n\n\n\n<p class=\"wp-block-paragraph\">Com cada any, Val\u00e8ncia tancar\u00e0 el calendari anual de MotoGP i els aficionats ompliran les graderies del Circuit Ricardo Tormo. Per a poder atendre la gran demanda, des d\u2019este mateix dimarts ixen a la venda prop de deu mil noves localitats sobre les tribunes taronja i groga, situades entre les dos primeres corbes del Circuit, la corba de Jorge Mart\u00ednez Aspar i la corba Doohan.<\/p>\n\n\n\n<p class=\"wp-block-paragraph\">Estes tribunes eventuals ampliaran l\u2019aforament del Circuit Ricardo Tormo fins a 80.000 seients. D\u2019esta manera, la xifra final d\u2019aflu\u00e8ncia podria superar les 95.000 persones el diumenge del Gran Premi.<\/p>\n\n\n\n<p class=\"wp-block-paragraph\">El Circuit Ricardo Tormo va penjar el cartell de no hi ha bitllets en les \u00faltimes dos edicions, encara que ho va fer sense la necessitat d\u2019instal\u00b7lar estes dos noves tribunes suplet\u00f2ries per damunt de les tribunes taronja i groga.<\/p>\n\n\n\n<p class=\"wp-block-paragraph\">Els preus d\u2019estes noves localitats van des dels 139 euros de l\u2019ampliaci\u00f3 de la tribuna groga fins als 144 euros de l\u2019ampliaci\u00f3 de la tribuna taronja. La resta de localitats que han estat disponibles des del mes de novembre passat tenien un preu des dels 52 euros de la tribuna blanca, fins als 199 de la tribuna de boxs.<\/p>\n\n\n\n<p class=\"wp-block-paragraph\">Aix\u00ed mateix, seguixen a la venda les localitats VIP, totes a trav\u00e9s de la p\u00e0gina web oficial del&nbsp;<a href=\"http:\/\/www.circuitricardotormo.com\/\">Circuit Ricardo Tormo<\/a>.<\/p>\n","protected":false},"excerpt":{"rendered":"<div class=\"mh-excerpt\">Es posen a la venda 10.000 noves entrades per a assistir a l\u2019\u00faltim Gran Premi de MotoGP de la temporada. Ja s\u2019ha venut la pr\u00e0ctica totalitat de l\u2019aforament mancant sis mesos per a la celebraci\u00f3 <a class=\"mh-excerpt-more\" href=\"https:\/\/tucomarca.whitekongsoftware.com\/ca\/el-circuit-ricardo-tormo-amplia-el-seu-aforament-per-al-gran-premi-de-la-comunitat-valenciana\/\" title=\"El Circuit Ricardo Tormo amplia el seu aforament per al Gran Premi de la Comunitat Valenciana\">[+] <\/a><\/div>\n","protected":false},"author":1,"featured_media":223074,"comment_status":"open","ping_status":"open","sticky":false,"template":"","format":"standard","meta":{"footnotes":""},"categories":[11003,10898,10948,10894,10904,10912,11011,10896,10974],"tags":[11071,11337,10914],"class_list":["post-223076","post","type-post","status-publish","format-standard","has-post-thumbnail","category-sports","category-ventana-ca","category-infraestructuras-ca","category-la-comarca-ca","category-sin-categorizar-ca","category-la-hoya-ca","category-motociclismo-ca","category-seccion-ca","category-cheste-ca","tag-cheste","tag-circuito-ca","tag-la-hoya-de-bunol-chiva-ca"],"_links":{"self":[{"href":"https:\/\/tucomarca.whitekongsoftware.com\/ca\/wp-json\/wp\/v2\/posts\/223076","targetHints":{"allow":["GET"]}}],"collection":[{"href":"https:\/\/tucomarca.whitekongsoftware.com\/ca\/wp-json\/wp\/v2\/posts"}],"about":[{"href":"https:\/\/tucomarca.whitekongsoftware.com\/ca\/wp-json\/wp\/v2\/types\/post"}],"author":[{"embeddable":true,"href":"https:\/\/tucomarca.whitekongsoftware.com\/ca\/wp-json\/wp\/v2\/users\/1"}],"replies":[{"embeddable":true,"href":"https:\/\/tucomarca.whitekongsoftware.com\/ca\/wp-json\/wp\/v2\/comments?post=223076"}],"version-history":[{"count":0,"href":"https:\/\/tucomarca.whitekongsoftware.com\/ca\/wp-json\/wp\/v2\/posts\/223076\/revisions"}],"wp:featuredmedia":[{"embeddable":true,"href":"https:\/\/tucomarca.whitekongsoftware.com\/ca\/wp-json\/wp\/v2\/media\/223074"}],"wp:attachment":[{"href":"https:\/\/tucomarca.whitekongsoftware.com\/ca\/wp-json\/wp\/v2\/media?parent=223076"}],"wp:term":[{"taxonomy":"category","embeddable":true,"href":"https:\/\/tucomarca.whitekongsoftware.com\/ca\/wp-json\/wp\/v2\/categories?post=223076"},{"taxonomy":"post_tag","embeddable":true,"href":"https:\/\/tucomarca.whitekongsoftware.com\/ca\/wp-json\/wp\/v2\/tags?post=223076"}],"curies":[{"name":"wp","href":"https:\/\/api.w.org\/{rel}","templated":true}]}}