{"id":223050,"date":"2024-05-14T09:00:00","date_gmt":"2024-05-14T07:00:00","guid":{"rendered":"https:\/\/www.tucomarca.com\/wordpress\/segunda\/?p=223050"},"modified":"2024-05-14T20:45:50","modified_gmt":"2024-05-14T18:45:50","slug":"lescola-oficial-didiomes-dutiel-demana-el-suport-de-centres-educatius-dutiel-requena-de-la-foia-de-bunyol-i-de-la-ciutadania-de-la-comunitat-valenciana","status":"publish","type":"post","link":"https:\/\/tucomarca.whitekongsoftware.com\/ca\/lescola-oficial-didiomes-dutiel-demana-el-suport-de-centres-educatius-dutiel-requena-de-la-foia-de-bunyol-i-de-la-ciutadania-de-la-comunitat-valenciana\/","title":{"rendered":"L&#8217;Escola Oficial d&#8217;Idiomes d&#8217;Utiel demana el suport de Centres Educatius d&#8217;Utiel-Requena, de La Foia de Bunyol i de la ciutadania de la Comunitat Valenciana"},"content":{"rendered":"\n<p class=\"wp-block-paragraph\">Els centres educatius de les comarques d&#8217;Utiel-Requena i la Foia de Bunyol i ciutadania expressen el seu suport a les reivindicacions del professorat de l&#8217;Escola Oficial d&#8217;Idiomes (EOI) d&#8217;Utiel i les seues seccions i s&#8217;oposen a la reducci\u00f3 de l&#8217;oferta p\u00fablica d&#8217;idiomes a la Comunitat Valenciana, especialment en aquestes zones. Aquesta reducci\u00f3 planteja una s\u00e8rie de preocupacions respecte al seu impacte tant en la comunitat educativa, principalment en el nostre alumnat, com a la regi\u00f3 en general.<\/p>\n\n\n\n<ol class=\"wp-block-list\">\n<li><strong>Revulsiu per a mantindre la poblaci\u00f3:<\/strong> La EOI d&#8217;Utiel exerceix un paper crucial com a motor per a mantindre la poblaci\u00f3 en \u00e0rees poc poblades, requerint una gamma din\u00e0mica de nivells i grups per a satisfer la demanda local.<\/li>\n\n\n\n<li><strong>R\u00e0tios d&#8217;acord amb zones densament poc poblades: <\/strong>L&#8217;aplicaci\u00f3 de r\u00e0tios actual per a totes les EEOOII no s&#8217;ajusta a la realitat d&#8217;aquestes zones. No podem esperar que una comarca com la d&#8217;Utiel- Requena amb 37 926 habitants es compare amb les \u00e0rees urbanes on s&#8217;aconsegueixen fins a 1,8 mili\u00f3 de persones i, per tant, eixe criteri de r\u00e0tios compromet seriosament la nostra capacitat per a complir amb aquest objectiu.<\/li>\n\n\n\n<li><strong>Benefici per a l&#8217;economia local:<\/strong> La internacionalitzaci\u00f3 del sector hortofruct\u00edcola a la nostra regi\u00f3 juga un paper decisiu a l&#8217;hora de desenvolupar la seua competitivitat i aix\u00f2 dep\u00e9n en gran manera d&#8217;una for\u00e7a laboral amb compet\u00e8ncies ling\u00fc\u00edstiques adequades. L&#8217;oferta educativa de la EOI contribueix especialment en sectors com la viticultura, en proporcionar una for\u00e7a laboral ling\u00fc\u00edsticament competent i millorar la competitivitat.<\/li>\n\n\n\n<li><strong>Major ocupabilitat per als joves:<\/strong> Limitar les oportunitats educatives en la EOI restringeix el seu desenvolupament professional, especialment per a aquells que no poden pagar educaci\u00f3 privada, que, a m\u00e9s, no els garanteix la possibilitat de certificar de manera oficial i a nivell estatal el seu nivell d&#8217;idioma com fem nosaltres.<\/li>\n\n\n\n<li><strong>Llistat definitiu de vacants del concurs de trasllats: <\/strong>Les discrep\u00e0ncies entre les vacants anunciades i les autoritzacions reals en el concurs de trasllats, especialment en franc\u00e9s, ressalten problemes en l&#8217;assignaci\u00f3 de personal.<\/li>\n\n\n\n<li><strong>Oferta variada de valenci\u00e0 en zona castell\u00e0 parlant: <\/strong>Fomenta l&#8217;educaci\u00f3 ling\u00fc\u00edstica i les societats multiculturals, promovent la toler\u00e0ncia i la conviv\u00e8ncia.<\/li>\n\n\n\n<li><strong>Impacte en la continu\u00eftat dels estudis:<\/strong> Amb la disminuci\u00f3 de grups de valenci\u00e0 i franc\u00e9s, hi haur\u00e0 alumnat que no podr\u00e0 continuar els seus estudis. Haur\u00e0 de fer el trasllat de la seua matr\u00edcula a una altra escola i despla\u00e7ar-se des de 23km fins fins i tot 70km. Aix\u00f2 pot resultar en un aband\u00f3 de la seua formaci\u00f3 ling\u00fc\u00edstica, ja que no tots els estudiants disposen de vehicle propi i el transport p\u00fablic \u00e9s esc\u00e0s i deficient.<\/li>\n\n\n\n<li><strong>Problemes de capacitat en grups espec\u00edfics:<\/strong> L&#8217;oferta limitada de grups, com en el cas de 1B1 d&#8217;angl\u00e9s a Xiva on tenim 46 alumnes, significar\u00e0 que, si promocionen, alguns es quedarien fora en oferir nom\u00e9s 1 grup de 2B1 d&#8217;angl\u00e9s en eixa secci\u00f3.<\/li>\n\n\n\n<li><strong>Oportunitats de reordenament de grups: <\/strong>Es podrien haver reordenat els grups afectats per a optimitzar l&#8217;oferta formativa en altres localitats, com Requena, on no s&#8217;ofereixen tots els nivells, o Bunyol, on nom\u00e9s s&#8217;ofereixen dos grups. Un major nombre d&#8217;estudiants es veuria beneficiat i la pres\u00e8ncia educativa en tota la regi\u00f3 enfortida.<\/li>\n<\/ol>\n\n\n\n<p class=\"wp-block-paragraph\">Es proposa que es revise la proposta de reducci\u00f3 de la Conselleria d&#8217;Educaci\u00f3, que afectaria l&#8217;accessibilitat i qualitat de l&#8217;educaci\u00f3 en idiomes en aquestes comarques. Aix\u00ed, sol\u00b7licitant que es mantinga la distribuci\u00f3 i oferta actual de la EOI que ofereix:<\/p>\n\n\n\n<p class=\"wp-block-paragraph\">-Tots els nivells i horari de matins en valenci\u00e0 i angl\u00e9s a Utiel. \u2028<br>-Valenci\u00e0 i franc\u00e9s en la secci\u00f3 de Xiva. \u2028<br>-M\u00e9s grups d&#8217;angl\u00e9s en la secci\u00f3 de Xiva. \u2028<\/p>\n\n\n\n<p class=\"wp-block-paragraph\"><strong>Assemblea del professrat de la EOI Utiel<\/strong><\/p>\n\n\n\n<p class=\"wp-block-paragraph\"><\/p>\n","protected":false},"excerpt":{"rendered":"<div class=\"mh-excerpt\">Els centres educatius de les comarques d&#8217;Utiel-Requena i la Foia de Bunyol i ciutadania expressen el seu suport a les reivindicacions del professorat de l&#8217;Escola Oficial d&#8217;Idiomes (EOI) d&#8217;Utiel i les seues seccions i s&#8217;oposen <a class=\"mh-excerpt-more\" href=\"https:\/\/tucomarca.whitekongsoftware.com\/ca\/lescola-oficial-didiomes-dutiel-demana-el-suport-de-centres-educatius-dutiel-requena-de-la-foia-de-bunyol-i-de-la-ciutadania-de-la-comunitat-valenciana\/\" title=\"L&#8217;Escola Oficial d&#8217;Idiomes d&#8217;Utiel demana el suport de Centres Educatius d&#8217;Utiel-Requena, de La Foia de Bunyol i de la ciutadania de la Comunitat Valenciana\">[+] <\/a><\/div>\n","protected":false},"author":12,"featured_media":223049,"comment_status":"open","ping_status":"open","sticky":false,"template":"","format":"standard","meta":{"footnotes":""},"categories":[10911,10948,10894,10912,11007,10947,10909,10896,11059,10975],"tags":[10914,10910],"class_list":["post-223050","post","type-post","status-publish","format-standard","has-post-thumbnail","category-bunol-ca","category-infraestructuras-ca","category-la-comarca-ca","category-la-hoya-ca","category-ocio-y-cultura-ca","category-politica","category-requena-utiel-ca","category-seccion-ca","category-utiel-ca","category-chiva-ca","tag-la-hoya-de-bunol-chiva-ca","tag-requena-utiel-ca"],"_links":{"self":[{"href":"https:\/\/tucomarca.whitekongsoftware.com\/ca\/wp-json\/wp\/v2\/posts\/223050","targetHints":{"allow":["GET"]}}],"collection":[{"href":"https:\/\/tucomarca.whitekongsoftware.com\/ca\/wp-json\/wp\/v2\/posts"}],"about":[{"href":"https:\/\/tucomarca.whitekongsoftware.com\/ca\/wp-json\/wp\/v2\/types\/post"}],"author":[{"embeddable":true,"href":"https:\/\/tucomarca.whitekongsoftware.com\/ca\/wp-json\/wp\/v2\/users\/12"}],"replies":[{"embeddable":true,"href":"https:\/\/tucomarca.whitekongsoftware.com\/ca\/wp-json\/wp\/v2\/comments?post=223050"}],"version-history":[{"count":0,"href":"https:\/\/tucomarca.whitekongsoftware.com\/ca\/wp-json\/wp\/v2\/posts\/223050\/revisions"}],"wp:featuredmedia":[{"embeddable":true,"href":"https:\/\/tucomarca.whitekongsoftware.com\/ca\/wp-json\/wp\/v2\/media\/223049"}],"wp:attachment":[{"href":"https:\/\/tucomarca.whitekongsoftware.com\/ca\/wp-json\/wp\/v2\/media?parent=223050"}],"wp:term":[{"taxonomy":"category","embeddable":true,"href":"https:\/\/tucomarca.whitekongsoftware.com\/ca\/wp-json\/wp\/v2\/categories?post=223050"},{"taxonomy":"post_tag","embeddable":true,"href":"https:\/\/tucomarca.whitekongsoftware.com\/ca\/wp-json\/wp\/v2\/tags?post=223050"}],"curies":[{"name":"wp","href":"https:\/\/api.w.org\/{rel}","templated":true}]}}