{"id":222974,"date":"2024-05-14T15:00:00","date_gmt":"2024-05-14T13:00:00","guid":{"rendered":"https:\/\/www.tucomarca.com\/wordpress\/segunda\/?p=222974"},"modified":"2024-05-14T18:36:08","modified_gmt":"2024-05-14T16:36:08","slug":"carlos-mazon-i-emiliano-garcia-page-firmaran-a-requena-dos-acords-de-collaboracio-per-a-garantir-una-atencio-sanitaria-de-qualitat-en-zones-limitrofes","status":"publish","type":"post","link":"https:\/\/tucomarca.whitekongsoftware.com\/ca\/carlos-mazon-i-emiliano-garcia-page-firmaran-a-requena-dos-acords-de-collaboracio-per-a-garantir-una-atencio-sanitaria-de-qualitat-en-zones-limitrofes\/","title":{"rendered":"Carlos Maz\u00f3n i Emiliano Garcia-Page firmaran a Requena dos acords de col\u00b7laboraci\u00f3 per a garantir una atenci\u00f3 sanit\u00e0ria de qualitat en zones lim\u00edtrofes"},"content":{"rendered":"\n<p class=\"wp-block-paragraph\"><strong><strong>El president de la Generalitat destaca que \u201camb estos acords es contribuir\u00e0 a una major cohesi\u00f3 social entre les dos regions i s\u2019optimitzaran els recursos sanitaris de manera m\u00e9s eficient\u201d<\/strong><\/strong>.<\/p>\n\n\n\n<p class=\"wp-block-paragraph\">El president de la Generalitat, Carlos Maz\u00f3n i el president de Castella-la Manxa, Emiliano Garc\u00eda-Page firmaran dem\u00e0 a Requena un conveni de col\u00b7laboraci\u00f3 i un protocol d\u2019intencions per a garantir una atenci\u00f3 sanit\u00e0ria de qualitat en zones lim\u00edtrofes entre les&nbsp; dos comunitats aut\u00f2nomes.<\/p>\n\n\n\n<p class=\"wp-block-paragraph\">En concret, Maz\u00f3n i Page segellaran un acord en mat\u00e8ria sanit\u00e0ria i atenci\u00f3 especialitzada de primer i segon nivell, aix\u00ed com farm\u00e0cia hospital\u00e0ria, o atenci\u00f3 d\u2019emerg\u00e8ncies, entre altres.<\/p>\n\n\n\n<p class=\"wp-block-paragraph\">El cap del Consell ha explicat que amb esta mesura \u201ces contribu\u00efx a una major cohesi\u00f3 social entre les dos regions de manera que s\u2019utilitzen els recursos sanitaris de la manera m\u00e9s eficient i efica\u00e7 per a millorar el servici als ciutadans\u201d.<\/p>\n\n\n\n<p class=\"wp-block-paragraph\">Per al president, a trav\u00e9s d\u2019este conveni es \u201cgarantix el dret a la protecci\u00f3 de la salut de tots els ciutadans de les dos comunitats amb independ\u00e8ncia del seu lloc de resid\u00e8ncia o d\u2019on es demanden les prestacions de l\u2019assist\u00e8ncia sanit\u00e0ria\u201d.<\/p>\n\n\n\n<p class=\"wp-block-paragraph\">Este acord de zones lim\u00edtrofes beneficiar\u00e0 els ciutadans residents en cinc municipis de la Vall d\u2019Aiora que podran tindre com a refer\u00e8ncia l\u2019Hospital d\u2019Almansa per a atenci\u00f3 sanit\u00e0ria. Igualment, els ve\u00efns de 22 localitats de la prov\u00edncia de Conca podran ser atesos a l\u2019Hospital de Requena.<\/p>\n","protected":false},"excerpt":{"rendered":"<div class=\"mh-excerpt\">El president de la Generalitat destaca que \u201camb estos acords es contribuir\u00e0 a una major cohesi\u00f3 social entre les dos regions i s\u2019optimitzaran els recursos sanitaris de manera m\u00e9s eficient\u201d. El president de la Generalitat, <a class=\"mh-excerpt-more\" href=\"https:\/\/tucomarca.whitekongsoftware.com\/ca\/carlos-mazon-i-emiliano-garcia-page-firmaran-a-requena-dos-acords-de-collaboracio-per-a-garantir-una-atencio-sanitaria-de-qualitat-en-zones-limitrofes\/\" title=\"Carlos Maz\u00f3n i Emiliano Garcia-Page firmaran a Requena dos acords de col\u00b7laboraci\u00f3 per a garantir una atenci\u00f3 sanit\u00e0ria de qualitat en zones lim\u00edtrofes\">[+] <\/a><\/div>\n","protected":false},"author":1,"featured_media":222972,"comment_status":"open","ping_status":"open","sticky":false,"template":"","format":"standard","meta":{"footnotes":""},"categories":[11010,10898,10948,10894,10904,10947,10908,10909,10896],"tags":[18807,11099,10910],"class_list":["post-222974","post","type-post","status-publish","format-standard","has-post-thumbnail","category-canal-salud","category-ventana-ca","category-infraestructuras-ca","category-la-comarca-ca","category-sin-categorizar-ca","category-politica","category-requena-ca","category-requena-utiel-ca","category-seccion-ca","tag-carlos-mazon-ca","tag-requena-ca","tag-requena-utiel-ca"],"_links":{"self":[{"href":"https:\/\/tucomarca.whitekongsoftware.com\/ca\/wp-json\/wp\/v2\/posts\/222974","targetHints":{"allow":["GET"]}}],"collection":[{"href":"https:\/\/tucomarca.whitekongsoftware.com\/ca\/wp-json\/wp\/v2\/posts"}],"about":[{"href":"https:\/\/tucomarca.whitekongsoftware.com\/ca\/wp-json\/wp\/v2\/types\/post"}],"author":[{"embeddable":true,"href":"https:\/\/tucomarca.whitekongsoftware.com\/ca\/wp-json\/wp\/v2\/users\/1"}],"replies":[{"embeddable":true,"href":"https:\/\/tucomarca.whitekongsoftware.com\/ca\/wp-json\/wp\/v2\/comments?post=222974"}],"version-history":[{"count":0,"href":"https:\/\/tucomarca.whitekongsoftware.com\/ca\/wp-json\/wp\/v2\/posts\/222974\/revisions"}],"wp:featuredmedia":[{"embeddable":true,"href":"https:\/\/tucomarca.whitekongsoftware.com\/ca\/wp-json\/wp\/v2\/media\/222972"}],"wp:attachment":[{"href":"https:\/\/tucomarca.whitekongsoftware.com\/ca\/wp-json\/wp\/v2\/media?parent=222974"}],"wp:term":[{"taxonomy":"category","embeddable":true,"href":"https:\/\/tucomarca.whitekongsoftware.com\/ca\/wp-json\/wp\/v2\/categories?post=222974"},{"taxonomy":"post_tag","embeddable":true,"href":"https:\/\/tucomarca.whitekongsoftware.com\/ca\/wp-json\/wp\/v2\/tags?post=222974"}],"curies":[{"name":"wp","href":"https:\/\/api.w.org\/{rel}","templated":true}]}}