{"id":222835,"date":"2024-05-13T13:45:00","date_gmt":"2024-05-13T11:45:00","guid":{"rendered":"https:\/\/www.tucomarca.com\/wordpress\/segunda\/?p=222835"},"modified":"2024-05-13T14:09:17","modified_gmt":"2024-05-13T12:09:17","slug":"natalia-enguix-la-diputacio-estara-al-costat-del-veinat-afectat-per-lincendi-de-la-planta-de-reciclatge-de-san-antonio-de-requena","status":"publish","type":"post","link":"https:\/\/tucomarca.whitekongsoftware.com\/ca\/natalia-enguix-la-diputacio-estara-al-costat-del-veinat-afectat-per-lincendi-de-la-planta-de-reciclatge-de-san-antonio-de-requena\/","title":{"rendered":"Natalia Enguix: &#8220;la Diputaci\u00f3 estar\u00e0 al costat del ve\u00efnat afectat per l&#8217;incendi de la planta de reciclatge de San Antonio de Requena&#8221;"},"content":{"rendered":"\n<h3 class=\"wp-block-heading\">La vicepresidenta primera, Nat\u00e0lia Enguix, visita la zona acompanyada del primer tinent-alcalde de Requena, Joaqu\u00edn Gonz\u00e1lez, l&#8217;alcaldessa de San Antonio de Requena, Ana L\u00f3pez, i la plataforma d&#8217;afectats per l&#8217;incendi<\/h3>\n\n\n\n<h3 class=\"wp-block-heading\">Nat\u00e0lia Enguix critica que s&#8217;autoritzen &#8220;plantes de fem com la de Requena enmig de paratges amb cultius ecol\u00f2gics&#8221;.<\/h3>\n\n\n\n<h3 class=\"wp-block-heading\">Enguix es mostra &#8220;impactada per un desastre mediambiental que no degu\u00e9 produir-se&#8221; i avan\u00e7a que la Diputaci\u00f3 mediar\u00e0 amb la Conselleria per a clausurar la planta i ajudar en les tasques de neteja en l&#8217;entorn<\/h3>\n\n\n\n<p class=\"wp-block-paragraph\">&#8220;La Diputaci\u00f3 de Val\u00e8ncia estar\u00e0 al costat del ve\u00efnat afectat per l&#8217;incendi de la planta de reciclatge de San Antonio de Requena&#8221;. Aix\u00ed ho ha assegurat este cap de setmana la vicepresidenta primera de la instituci\u00f3 provincial, Nat\u00e0lia Enguix, durant la seua visita a la zona, acompanyada pel primer tinent-alcalde de Requena, Joaqu\u00edn Gonz\u00e1lez, l&#8217;alcaldessa de San Antonio de Requena, Ana L\u00f3pez, i la plataforma d&#8217;afectats per l&#8217;incendi, integrada per ve\u00efns i agricultors de la zona.<\/p>\n\n\n\n<p class=\"wp-block-paragraph\">Cal recordar que l&#8217;incendi es va declarar el passat 15 d&#8217;abril en la zona exterior de la planta, que acumulava tones de material, mantenint-se actiu durant 17 dies i denunciant-se des de diferents \u00e0mbits la pres\u00e8ncia d&#8217;un &#8220;n\u00favol t\u00f2xic&#8221; sobre les poblacions de Requena i Utiel. La Generalitat mant\u00e9 obert un expedient per irregularitats que podria portar al tancament definitiu de la instal\u00b7laci\u00f3.<\/p>\n\n\n\n<p class=\"wp-block-paragraph\">En la visita, Enguix es va mostrar &#8220;impactada pel desastre mediambiental&#8221; que ha causat un incendi &#8220;que mai degu\u00e9 produir-se perqu\u00e8 esta instal\u00b7laci\u00f3 hauria d&#8217;estar clausurada fa temps&#8221;. La vicepresidenta primera de la Diputaci\u00f3 ha comentat que &#8220;no podem permetre ni consentir que en una terra que es dedica especialment al cultiu, com \u00e9s Requena i les seues aldees, es produ\u00efsquen de forma repetida incidents amb una concession\u00e0ria que pel que sembla no complix la normativa&#8221;.<\/p>\n\n\n\n<p class=\"wp-block-paragraph\">La responsable provincial considera &#8220;que no podem exigir als agricultors que s&#8217;esforcen i que cada vegada tot siga m\u00e9s natural i apliquen m\u00e8todes ecol\u00f2gics, sense fitosanitaris i altres productes nocius, i consentir que estes coses succe\u00efsquen&#8221;. En este sentit, la vicepresidenta primera ha posat els mitjans t\u00e8cnics de l&#8217;\u00e0rea de Medi Ambient i el Consorci de la Diputaci\u00f3 &#8220;a l&#8217;abast del ve\u00efnat i dels responsables pol\u00edtics de Requena i les seues aldees&#8221;.<\/p>\n\n\n\n<p class=\"wp-block-paragraph\">&#8220;Si la concession\u00e0ria no complix amb la normativa, esta planta ha de desapar\u00e9ixer d&#8217;ac\u00ed&#8221;, va assenyalar Enguix, qui va traslladar als afectats l&#8217;ajuda de la Diputaci\u00f3 &#8220;per a netejar els voltants, perqu\u00e8 el m\u00e9s important \u00e9s la qualitat de vida de les persones&#8221;.<\/p>\n\n\n\n<p class=\"wp-block-paragraph\">Joaqu\u00edn Gonz\u00e1lez, primer tinent-alcalde de Requena, explicava &#8220;que vol\u00edem ensenyar aix\u00f2 a la vicepresidenta de primera m\u00e0, perqu\u00e8 coneguera la problem\u00e0tica i demanar l&#8217;ajuda que la Diputaci\u00f3 segur ens donar\u00e0, mediant amb la Generalitat i tamb\u00e9 en la neteja de les restes de pl\u00e0stics que hi ha en zones com els col\u00b7legis o parcs infantils&#8221;.<\/p>\n\n\n\n<p class=\"wp-block-paragraph\">Per part seua, Ana L\u00f3pez Carri\u00f3n, alcaldessa de San Antonio de Requena, reclamava &#8220;el desmantellament r\u00e0pid de la planta, que \u00e9s un c\u00famul de restes que no corresponen, i del qual hem estat engolint fum negre 15 dies. No \u00e9s el primer incendi que hi ha hagut i volem que aix\u00f2 desaparega despr\u00e9s d&#8217;un risc amb el qual portem convivint quasi 17 anys&#8221;.<\/p>\n\n\n\n<figure class=\"wp-block-image size-large\"><img loading=\"lazy\" decoding=\"async\" width=\"1024\" height=\"768\" src=\"http:\/\/www.tucomarca.com\/wordpress\/segunda\/wp-content\/uploads\/2024\/05\/EnguixRequena2-1024x768.jpeg\" alt=\"\" class=\"wp-image-222832\" srcset=\"https:\/\/tucomarca.whitekongsoftware.com\/wp-content\/uploads\/2024\/05\/EnguixRequena2-1024x768.jpeg 1024w, https:\/\/tucomarca.whitekongsoftware.com\/wp-content\/uploads\/2024\/05\/EnguixRequena2-300x225.jpeg 300w, https:\/\/tucomarca.whitekongsoftware.com\/wp-content\/uploads\/2024\/05\/EnguixRequena2-768x576.jpeg 768w, https:\/\/tucomarca.whitekongsoftware.com\/wp-content\/uploads\/2024\/05\/EnguixRequena2-1536x1152.jpeg 1536w, https:\/\/tucomarca.whitekongsoftware.com\/wp-content\/uploads\/2024\/05\/EnguixRequena2-678x509.jpeg 678w, https:\/\/tucomarca.whitekongsoftware.com\/wp-content\/uploads\/2024\/05\/EnguixRequena2-326x245.jpeg 326w, https:\/\/tucomarca.whitekongsoftware.com\/wp-content\/uploads\/2024\/05\/EnguixRequena2-80x60.jpeg 80w, https:\/\/tucomarca.whitekongsoftware.com\/wp-content\/uploads\/2024\/05\/EnguixRequena2.jpeg 2048w\" sizes=\"auto, (max-width: 1024px) 100vw, 1024px\" \/><\/figure>\n","protected":false},"excerpt":{"rendered":"<div class=\"mh-excerpt\">La vicepresidenta primera, Nat\u00e0lia Enguix, visita la zona acompanyada del primer tinent-alcalde de Requena, Joaqu\u00edn Gonz\u00e1lez, l&#8217;alcaldessa de San Antonio de Requena, Ana L\u00f3pez, i la plataforma d&#8217;afectats per l&#8217;incendi Nat\u00e0lia Enguix critica que s&#8217;autoritzen <a class=\"mh-excerpt-more\" href=\"https:\/\/tucomarca.whitekongsoftware.com\/ca\/natalia-enguix-la-diputacio-estara-al-costat-del-veinat-afectat-per-lincendi-de-la-planta-de-reciclatge-de-san-antonio-de-requena\/\" title=\"Natalia Enguix: &#8220;la Diputaci\u00f3 estar\u00e0 al costat del ve\u00efnat afectat per l&#8217;incendi de la planta de reciclatge de San Antonio de Requena&#8221;\">[+] <\/a><\/div>\n","protected":false},"author":1,"featured_media":222831,"comment_status":"open","ping_status":"open","sticky":false,"template":"","format":"standard","meta":{"footnotes":""},"categories":[20520,10898,10948,10894,10904,20456,10903,10947,10908,10909,11057,10896],"tags":[11246,20544,20545,20262,11099,10910,17318],"class_list":["post-222835","post","type-post","status-publish","format-standard","has-post-thumbnail","category-cooperacio-municipal","category-ventana-ca","category-infraestructuras-ca","category-la-comarca-ca","category-sin-categorizar-ca","category-la-diputacio-de-valencia-informa-ca","category-medio-ambiente-la-comarca-ca","category-politica","category-requena-ca","category-requena-utiel-ca","category-san-antonio-ca","category-seccion-ca","tag-diputacio-de-valencia-ca","tag-enguix-ca","tag-natalia-ca","tag-natalia-enguix-ca","tag-requena-ca","tag-requena-utiel-ca","tag-san-antonio-ca"],"_links":{"self":[{"href":"https:\/\/tucomarca.whitekongsoftware.com\/ca\/wp-json\/wp\/v2\/posts\/222835","targetHints":{"allow":["GET"]}}],"collection":[{"href":"https:\/\/tucomarca.whitekongsoftware.com\/ca\/wp-json\/wp\/v2\/posts"}],"about":[{"href":"https:\/\/tucomarca.whitekongsoftware.com\/ca\/wp-json\/wp\/v2\/types\/post"}],"author":[{"embeddable":true,"href":"https:\/\/tucomarca.whitekongsoftware.com\/ca\/wp-json\/wp\/v2\/users\/1"}],"replies":[{"embeddable":true,"href":"https:\/\/tucomarca.whitekongsoftware.com\/ca\/wp-json\/wp\/v2\/comments?post=222835"}],"version-history":[{"count":0,"href":"https:\/\/tucomarca.whitekongsoftware.com\/ca\/wp-json\/wp\/v2\/posts\/222835\/revisions"}],"wp:featuredmedia":[{"embeddable":true,"href":"https:\/\/tucomarca.whitekongsoftware.com\/ca\/wp-json\/wp\/v2\/media\/222831"}],"wp:attachment":[{"href":"https:\/\/tucomarca.whitekongsoftware.com\/ca\/wp-json\/wp\/v2\/media?parent=222835"}],"wp:term":[{"taxonomy":"category","embeddable":true,"href":"https:\/\/tucomarca.whitekongsoftware.com\/ca\/wp-json\/wp\/v2\/categories?post=222835"},{"taxonomy":"post_tag","embeddable":true,"href":"https:\/\/tucomarca.whitekongsoftware.com\/ca\/wp-json\/wp\/v2\/tags?post=222835"}],"curies":[{"name":"wp","href":"https:\/\/api.w.org\/{rel}","templated":true}]}}