{"id":222819,"date":"2024-05-13T13:00:00","date_gmt":"2024-05-13T11:00:00","guid":{"rendered":"https:\/\/www.tucomarca.com\/wordpress\/segunda\/?p=222819"},"modified":"2024-05-13T13:29:06","modified_gmt":"2024-05-13T11:29:06","slug":"xiva-aprova-el-seu-pressupost-municipal-malgrat-el-rebuig-i-abando-del-govern-municipal-dactiva-xiva","status":"publish","type":"post","link":"https:\/\/tucomarca.whitekongsoftware.com\/ca\/xiva-aprova-el-seu-pressupost-municipal-malgrat-el-rebuig-i-abando-del-govern-municipal-dactiva-xiva\/","title":{"rendered":"Xiva aprova el seu pressupost municipal malgrat el rebuig i aband\u00f3 del govern municipal d&#8217;Activa Xiva"},"content":{"rendered":"\n<figure class=\"wp-block-image size-large\"><img loading=\"lazy\" decoding=\"async\" width=\"1024\" height=\"544\" src=\"http:\/\/www.tucomarca.com\/wordpress\/segunda\/wp-content\/uploads\/2024\/05\/ChivaPlenoPresupuesto-1024x544.jpg\" alt=\"\" class=\"wp-image-222816\" srcset=\"https:\/\/tucomarca.whitekongsoftware.com\/wp-content\/uploads\/2024\/05\/ChivaPlenoPresupuesto-1024x544.jpg 1024w, https:\/\/tucomarca.whitekongsoftware.com\/wp-content\/uploads\/2024\/05\/ChivaPlenoPresupuesto-300x159.jpg 300w, https:\/\/tucomarca.whitekongsoftware.com\/wp-content\/uploads\/2024\/05\/ChivaPlenoPresupuesto-768x408.jpg 768w, https:\/\/tucomarca.whitekongsoftware.com\/wp-content\/uploads\/2024\/05\/ChivaPlenoPresupuesto-1536x816.jpg 1536w, https:\/\/tucomarca.whitekongsoftware.com\/wp-content\/uploads\/2024\/05\/ChivaPlenoPresupuesto.jpg 1936w\" sizes=\"auto, (max-width: 1024px) 100vw, 1024px\" \/><\/figure>\n\n\n\n<p class=\"wp-block-paragraph\">El ple extraordinari de l&#8217;Ajuntament de Xiva, celebrat aquest dilluns al mat\u00ed, ha aprovat el Pressupost municipal corresponents a l&#8217;any 2024 amb els vots a favor del grup Popular, Vox i de Vinchi; amb l&#8217;abstenci\u00f3 del grup Socialista de Xiva i amb els vots en contra de Comprom\u00eds, ADUC i Activa Xiva, formaci\u00f3 aquesta \u00faltima que ha anunciat a m\u00e9s durant el mat\u00ed de hui que abandonava el govern municipal que fins a la data conformava al costat de PP i Vox.<\/p>\n\n\n\n<p class=\"wp-block-paragraph\">L&#8217;aprovaci\u00f3 d&#8217;aquests pressupostos &#8220;aporta una eina administrativa que ha de permetre avan\u00e7ar en el desenvolupament de projectes tan importants per a Xiva com la construcci\u00f3 del nou col\u00b7legi Doctor Corach\u00e1n, el pla d&#8217;habitatge, la EDAR Xiva-Xest, actuacions urgents en mat\u00e8ria de neteja, asfaltat, il\u00b7luminaci\u00f3, l&#8217;arranjament de camins, el carril ciclopedestre Xest Xiva, el projecte de remodelaci\u00f3 de tots els parcs, l&#8217;arranjament d&#8217;edificis p\u00fablics, la circumval\u00b7laci\u00f3 Xiva o l&#8217;adquisici\u00f3 de s\u00f2l dotacional i noves zones verdes en el municipi&#8221;, tal com han subratllat fonts del consistori chivano despr\u00e9s de la finalitzaci\u00f3 de la sessi\u00f3 plen\u00e0ria.<\/p>\n","protected":false},"excerpt":{"rendered":"<div class=\"mh-excerpt\">El ple extraordinari de l&#8217;Ajuntament de Xiva, celebrat aquest dilluns al mat\u00ed, ha aprovat el Pressupost municipal corresponents a l&#8217;any 2024 amb els vots a favor del grup Popular, Vox i de Vinchi; amb l&#8217;abstenci\u00f3 <a class=\"mh-excerpt-more\" href=\"https:\/\/tucomarca.whitekongsoftware.com\/ca\/xiva-aprova-el-seu-pressupost-municipal-malgrat-el-rebuig-i-abando-del-govern-municipal-dactiva-xiva\/\" title=\"Xiva aprova el seu pressupost municipal malgrat el rebuig i aband\u00f3 del govern municipal d&#8217;Activa Xiva\">[+] <\/a><\/div>\n","protected":false},"author":1,"featured_media":222817,"comment_status":"open","ping_status":"open","sticky":false,"template":"","format":"standard","meta":{"footnotes":""},"categories":[10898,10948,10894,10904,10912,10947,10896,10975],"tags":[19354,11195,10914,19637],"class_list":["post-222819","post","type-post","status-publish","format-standard","has-post-thumbnail","category-ventana-ca","category-infraestructuras-ca","category-la-comarca-ca","category-sin-categorizar-ca","category-la-hoya-ca","category-politica","category-seccion-ca","category-chiva-ca","tag-activa-chiva-ca","tag-chiva-ca","tag-la-hoya-de-bunol-chiva-ca","tag-presupuesto-ca"],"_links":{"self":[{"href":"https:\/\/tucomarca.whitekongsoftware.com\/ca\/wp-json\/wp\/v2\/posts\/222819","targetHints":{"allow":["GET"]}}],"collection":[{"href":"https:\/\/tucomarca.whitekongsoftware.com\/ca\/wp-json\/wp\/v2\/posts"}],"about":[{"href":"https:\/\/tucomarca.whitekongsoftware.com\/ca\/wp-json\/wp\/v2\/types\/post"}],"author":[{"embeddable":true,"href":"https:\/\/tucomarca.whitekongsoftware.com\/ca\/wp-json\/wp\/v2\/users\/1"}],"replies":[{"embeddable":true,"href":"https:\/\/tucomarca.whitekongsoftware.com\/ca\/wp-json\/wp\/v2\/comments?post=222819"}],"version-history":[{"count":0,"href":"https:\/\/tucomarca.whitekongsoftware.com\/ca\/wp-json\/wp\/v2\/posts\/222819\/revisions"}],"wp:featuredmedia":[{"embeddable":true,"href":"https:\/\/tucomarca.whitekongsoftware.com\/ca\/wp-json\/wp\/v2\/media\/222817"}],"wp:attachment":[{"href":"https:\/\/tucomarca.whitekongsoftware.com\/ca\/wp-json\/wp\/v2\/media?parent=222819"}],"wp:term":[{"taxonomy":"category","embeddable":true,"href":"https:\/\/tucomarca.whitekongsoftware.com\/ca\/wp-json\/wp\/v2\/categories?post=222819"},{"taxonomy":"post_tag","embeddable":true,"href":"https:\/\/tucomarca.whitekongsoftware.com\/ca\/wp-json\/wp\/v2\/tags?post=222819"}],"curies":[{"name":"wp","href":"https:\/\/api.w.org\/{rel}","templated":true}]}}