{"id":222791,"date":"2024-05-13T10:00:00","date_gmt":"2024-05-13T08:00:00","guid":{"rendered":"https:\/\/www.tucomarca.com\/wordpress\/segunda\/?p=222791"},"modified":"2024-05-13T13:16:25","modified_gmt":"2024-05-13T11:16:25","slug":"david-herrera-de-porvenir-de-cortes-de-pallas-sintegra-en-lexecutiva-provincial-dunio-municipalista","status":"publish","type":"post","link":"https:\/\/tucomarca.whitekongsoftware.com\/ca\/david-herrera-de-porvenir-de-cortes-de-pallas-sintegra-en-lexecutiva-provincial-dunio-municipalista\/","title":{"rendered":"David Herrera, de Porvenir de Cortes de Pall\u00e0s, s&#8217;integra en l&#8217;executiva provincial d&#8217;Uni\u00f3 Municipalista"},"content":{"rendered":"\n<h3 class=\"wp-block-heading\">La vicepresidenta primera de la Diputaci\u00f3 de Val\u00e8ncia, Natalia Enguix, encap\u00e7ala com a coordinadora provincial la confederaci\u00f3 de partits de car\u00e0cter independent.<\/h3>\n\n\n\n<p class=\"wp-block-paragraph\">La confederaci\u00f3 de partits independents Uni\u00f3 Municipalista ha celebrat a Requena la seua primera reuni\u00f3 provincial de Val\u00e8ncia en la qual han participat al voltant d&#8217;un centenar de c\u00e0rrecs p\u00fablics de partits i agrupacions d&#8217;electors de car\u00e0cter municipalista de la prov\u00edncia, entre ells el regidor d&#8217;Urbanisme de Cortes de Pall\u00e0s per Porvenir, David Herrera.<\/p>\n\n\n\n<p class=\"wp-block-paragraph\">L&#8217;objectiu de la reuni\u00f3 era acordar el comit\u00e9 provincial i de cadascun dels comit\u00e9s dels partits judicials de la prov\u00edncia, aix\u00ed com establir l\u00ednies de treball i estrat\u00e8giques per als pr\u00f2xims anys fins a les eleccions locals i auton\u00f2miques de maig del 2027.<\/p>\n\n\n\n<figure class=\"wp-block-gallery has-nested-images columns-default is-cropped wp-block-gallery-1 is-layout-flex wp-block-gallery-is-layout-flex\">\n<figure class=\"wp-block-image size-large\"><img loading=\"lazy\" decoding=\"async\" width=\"1024\" height=\"683\" data-id=\"222701\" src=\"https:\/\/www.tucomarca.com\/wordpress\/segunda\/wp-content\/uploads\/2024\/05\/UnioMunicipalista3-1024x683.jpg\" alt=\"\" class=\"wp-image-222701\" srcset=\"https:\/\/tucomarca.whitekongsoftware.com\/wp-content\/uploads\/2024\/05\/UnioMunicipalista3-1024x683.jpg 1024w, https:\/\/tucomarca.whitekongsoftware.com\/wp-content\/uploads\/2024\/05\/UnioMunicipalista3-300x200.jpg 300w, https:\/\/tucomarca.whitekongsoftware.com\/wp-content\/uploads\/2024\/05\/UnioMunicipalista3-768x512.jpg 768w, https:\/\/tucomarca.whitekongsoftware.com\/wp-content\/uploads\/2024\/05\/UnioMunicipalista3.jpg 1181w\" sizes=\"auto, (max-width: 1024px) 100vw, 1024px\" \/><\/figure>\n\n\n\n<figure class=\"wp-block-image size-large\"><img loading=\"lazy\" decoding=\"async\" width=\"886\" height=\"591\" data-id=\"222770\" src=\"https:\/\/www.tucomarca.com\/wordpress\/segunda\/wp-content\/uploads\/2024\/05\/PorvenirUnioMunic2.jpg\" alt=\"\" class=\"wp-image-222770\" srcset=\"https:\/\/tucomarca.whitekongsoftware.com\/wp-content\/uploads\/2024\/05\/PorvenirUnioMunic2.jpg 886w, https:\/\/tucomarca.whitekongsoftware.com\/wp-content\/uploads\/2024\/05\/PorvenirUnioMunic2-300x200.jpg 300w, https:\/\/tucomarca.whitekongsoftware.com\/wp-content\/uploads\/2024\/05\/PorvenirUnioMunic2-768x512.jpg 768w\" sizes=\"auto, (max-width: 886px) 100vw, 886px\" \/><\/figure>\n<\/figure>\n\n\n\n<p class=\"wp-block-paragraph\">La trobada ha servit per a elegir a Natalia Enguix, la vicepresidenta primera de la Diputaci\u00f3 de Val\u00e8ncia, com a coordinadora provincial d&#8217;Uni\u00f3 Municipalista a Val\u00e8ncia. Una proposta que ha realitzat el president nacional d&#8217;Uni\u00f3 Municipalista i alcalde de Nules, David Garc\u00eda, juntament amb l&#8217;alcalde d&#8217;Ontinyent, Jorge Rodr\u00edguez, i que ha comptat amb el suport un\u00e0nime dels presents.<\/p>\n\n\n\n<p class=\"wp-block-paragraph\">Tamb\u00e9 s&#8217;han conformat els comit\u00e9s en els diferents partits judicials de la prov\u00edncia, quedant de moment el Partit Judicial de Requena de la manera seg\u00fcent: Joaqu\u00edn Gonz\u00e1lez, primer tinent d&#8217;alcalde de Requena per PRYA; Javier Jord\u00e1, Mart\u00edn Mart\u00ednez, Lucio Cabrera i \u00c1ngeles Pilar L\u00f3pez de Requena per PRYA; David Herrera regidor d&#8217;Urbanisme de Cortes de Pall\u00e0s per Porvenir, Alfonso Garcia, Josefa Maria Aznar, Estefan\u00eda Gonz\u00e1lez per Porvenir; Carmen Su\u00e1rez, regidor de Villagordo del Cabriel per UCIN; Sergio Galarza, regidor a Bunyol per X Bu\u00f1ol; Manu Verdaguer, regidor de Xiva per ADUC; Gonzalo Lacalle regidor de Xiva per Activa Xiva.<\/p>\n\n\n\n<p class=\"wp-block-paragraph\">Aquestes reunions de car\u00e0cter provincial se celebraran tamb\u00e9 a Alacant (25 de maig) i Castell\u00f3 (31 de maig). Una vegada es conformen els tres comit\u00e9s provincials tindr\u00e0 lloc una reuni\u00f3 durant el mes de juny per a la posada en marxa del comit\u00e9 auton\u00f2mic d&#8217;Uni\u00f3 Municipalista a la Comunitat Valenciana.<\/p>\n","protected":false},"excerpt":{"rendered":"<div class=\"mh-excerpt\">La vicepresidenta primera de la Diputaci\u00f3 de Val\u00e8ncia, Natalia Enguix, encap\u00e7ala com a coordinadora provincial la confederaci\u00f3 de partits de car\u00e0cter independent. La confederaci\u00f3 de partits independents Uni\u00f3 Municipalista ha celebrat a Requena la seua <a class=\"mh-excerpt-more\" href=\"https:\/\/tucomarca.whitekongsoftware.com\/ca\/david-herrera-de-porvenir-de-cortes-de-pallas-sintegra-en-lexecutiva-provincial-dunio-municipalista\/\" title=\"David Herrera, de Porvenir de Cortes de Pall\u00e0s, s&#8217;integra en l&#8217;executiva provincial d&#8217;Uni\u00f3 Municipalista\">[+] <\/a><\/div>\n","protected":false},"author":12,"featured_media":222769,"comment_status":"open","ping_status":"open","sticky":false,"template":"","format":"gallery","meta":{"footnotes":""},"categories":[10951,10953,10948,10894,10947,10896],"tags":[11230,20356,20671,11440],"class_list":["post-222791","post","type-post","status-publish","format-gallery","has-post-thumbnail","category-ayora-cofrentes-ca","category-cortes-de-pallas-ca","category-infraestructuras-ca","category-la-comarca-ca","category-politica","category-seccion-ca","tag-cortes-de-pallas-ca","tag-porvenir-ca","tag-union-municipalista-ca","tag-valle-de-ayora-cofrentes-ca","post_format-post-format-gallery"],"_links":{"self":[{"href":"https:\/\/tucomarca.whitekongsoftware.com\/ca\/wp-json\/wp\/v2\/posts\/222791","targetHints":{"allow":["GET"]}}],"collection":[{"href":"https:\/\/tucomarca.whitekongsoftware.com\/ca\/wp-json\/wp\/v2\/posts"}],"about":[{"href":"https:\/\/tucomarca.whitekongsoftware.com\/ca\/wp-json\/wp\/v2\/types\/post"}],"author":[{"embeddable":true,"href":"https:\/\/tucomarca.whitekongsoftware.com\/ca\/wp-json\/wp\/v2\/users\/12"}],"replies":[{"embeddable":true,"href":"https:\/\/tucomarca.whitekongsoftware.com\/ca\/wp-json\/wp\/v2\/comments?post=222791"}],"version-history":[{"count":0,"href":"https:\/\/tucomarca.whitekongsoftware.com\/ca\/wp-json\/wp\/v2\/posts\/222791\/revisions"}],"wp:featuredmedia":[{"embeddable":true,"href":"https:\/\/tucomarca.whitekongsoftware.com\/ca\/wp-json\/wp\/v2\/media\/222769"}],"wp:attachment":[{"href":"https:\/\/tucomarca.whitekongsoftware.com\/ca\/wp-json\/wp\/v2\/media?parent=222791"}],"wp:term":[{"taxonomy":"category","embeddable":true,"href":"https:\/\/tucomarca.whitekongsoftware.com\/ca\/wp-json\/wp\/v2\/categories?post=222791"},{"taxonomy":"post_tag","embeddable":true,"href":"https:\/\/tucomarca.whitekongsoftware.com\/ca\/wp-json\/wp\/v2\/tags?post=222791"}],"curies":[{"name":"wp","href":"https:\/\/api.w.org\/{rel}","templated":true}]}}