{"id":222750,"date":"2024-05-12T18:00:00","date_gmt":"2024-05-12T16:00:00","guid":{"rendered":"https:\/\/www.tucomarca.com\/wordpress\/segunda\/?p=222750"},"modified":"2024-05-12T21:17:24","modified_gmt":"2024-05-12T19:17:24","slug":"x-bunyol-participa-en-la-reunio-de-la-unio-municipalista-de-la-provincia-de-valencia","status":"publish","type":"post","link":"https:\/\/tucomarca.whitekongsoftware.com\/ca\/x-bunyol-participa-en-la-reunio-de-la-unio-municipalista-de-la-provincia-de-valencia\/","title":{"rendered":"X Bunyol participa en la reuni\u00f3 de la Uni\u00f3 Municipalista de la Prov\u00edncia de Val\u00e8ncia"},"content":{"rendered":"\n<p class=\"wp-block-paragraph\">Aquest dissabte, dia 11 de maig, l&#8217;Agrupaci\u00f3 Municipal X Bunyol ha assistit a la trobada de la Uni\u00f3 Municipalista de la Prov\u00edncia de Val\u00e8ncia celebrada a Requena.<\/p>\n\n\n\n<p class=\"wp-block-paragraph\">Fins all\u00ed s&#8217;han traslladat al voltant de cent c\u00e0rrecs municipalistes, entre ells la vicepresidenta primera de la Diputaci\u00f3 de Val\u00e8ncia, Natalia Enguix; l&#8217;alcalde de Nules i president de la Uni\u00f3 Municipalista Nacional, David Garc\u00eda; l&#8217;alcalde d&#8217;Ontinyent, Jorge Rodr\u00edguez; o l&#8217;alcaldessa d&#8217;Oliva, Yolanda Pastor.<\/p>\n\n\n\n<p class=\"wp-block-paragraph\">&#8220;Durant l&#8217;acte s&#8217;ha iniciat de manera m\u00e9s exhaustiva el nou moviment d&#8217;Uni\u00f3 Municipalista a la Prov\u00edncia en la qual cal destacar la pres\u00e8ncia de X Bunyol&#8221;, tal com han destacat fonts de la formaci\u00f3.<\/p>\n\n\n\n<figure class=\"wp-block-gallery has-nested-images columns-2 is-cropped wp-block-gallery-1 is-layout-flex wp-block-gallery-is-layout-flex\">\n<figure class=\"wp-block-image size-large\"><img loading=\"lazy\" decoding=\"async\" width=\"886\" height=\"590\" data-id=\"222718\" src=\"https:\/\/www.tucomarca.com\/wordpress\/segunda\/wp-content\/uploads\/2024\/05\/XBunyolUMunicipalista4.jpg\" alt=\"\" class=\"wp-image-222718\" srcset=\"https:\/\/tucomarca.whitekongsoftware.com\/wp-content\/uploads\/2024\/05\/XBunyolUMunicipalista4.jpg 886w, https:\/\/tucomarca.whitekongsoftware.com\/wp-content\/uploads\/2024\/05\/XBunyolUMunicipalista4-300x200.jpg 300w, https:\/\/tucomarca.whitekongsoftware.com\/wp-content\/uploads\/2024\/05\/XBunyolUMunicipalista4-768x511.jpg 768w\" sizes=\"auto, (max-width: 886px) 100vw, 886px\" \/><\/figure>\n\n\n\n<figure class=\"wp-block-image size-large\"><img loading=\"lazy\" decoding=\"async\" width=\"886\" height=\"590\" data-id=\"222714\" src=\"https:\/\/www.tucomarca.com\/wordpress\/segunda\/wp-content\/uploads\/2024\/05\/XBunyolUMunicipalista2.jpg\" alt=\"\" class=\"wp-image-222714\" srcset=\"https:\/\/tucomarca.whitekongsoftware.com\/wp-content\/uploads\/2024\/05\/XBunyolUMunicipalista2.jpg 886w, https:\/\/tucomarca.whitekongsoftware.com\/wp-content\/uploads\/2024\/05\/XBunyolUMunicipalista2-300x200.jpg 300w, https:\/\/tucomarca.whitekongsoftware.com\/wp-content\/uploads\/2024\/05\/XBunyolUMunicipalista2-768x511.jpg 768w\" sizes=\"auto, (max-width: 886px) 100vw, 886px\" \/><\/figure>\n\n\n\n<figure class=\"wp-block-image size-large\"><img loading=\"lazy\" decoding=\"async\" width=\"886\" height=\"591\" data-id=\"222716\" src=\"https:\/\/www.tucomarca.com\/wordpress\/segunda\/wp-content\/uploads\/2024\/05\/XBunyolUMunicipalista3.jpg\" alt=\"\" class=\"wp-image-222716\" srcset=\"https:\/\/tucomarca.whitekongsoftware.com\/wp-content\/uploads\/2024\/05\/XBunyolUMunicipalista3.jpg 886w, https:\/\/tucomarca.whitekongsoftware.com\/wp-content\/uploads\/2024\/05\/XBunyolUMunicipalista3-300x200.jpg 300w, https:\/\/tucomarca.whitekongsoftware.com\/wp-content\/uploads\/2024\/05\/XBunyolUMunicipalista3-768x512.jpg 768w\" sizes=\"auto, (max-width: 886px) 100vw, 886px\" \/><\/figure>\n<\/figure>\n\n\n\n<p class=\"wp-block-paragraph\">Des de l&#8217;agrupaci\u00f3 X Bunyol expliquen que estan &#8220;molt contents de poder formar part d&#8217;aquesta uni\u00f3, sens dubte, els partits municipalistes som els que m\u00e9s a prop estem de les persones del carrer i hem de fer-nos escoltar i valdre\u201d, com han explicat des de l&#8217;agrupaci\u00f3 X Bunyol.<\/p>\n\n\n\n<p class=\"wp-block-paragraph\">\u201cProposar i fer saber a la gent els projectes que podem dur a terme amb aquesta uni\u00f3 \u00e9s un dels nostres primers passos, ademas de tindre representaci\u00f3 en institucions m\u00e9s enll\u00e0 dels nostres Ajuntaments, ens far\u00e0 poder acurtar els terminis i agilitzar les gestions amb els nostres ve\u00efns\u201d, afigen des de la formaci\u00f3.<\/p>\n\n\n\n<p class=\"wp-block-paragraph\">Sergio Galarza, Primer tinent alcalde a l&#8217;Ajuntament de Bunyol, ha deixat &#8220;clara la seua posici\u00f3 i no \u00e9s una altra que la de treballar per la gent. Treballar en el manteniment de Bunyol, donar facilitats als seus ve\u00efns i generar benestar en el municipi s\u00f3n les prioritats d&#8217;aquesta legislatura&#8221;, com ha manifestat.<\/p>\n\n\n\n<p class=\"wp-block-paragraph\">En la trobada s&#8217;ha elegit a m\u00e9s a Natalia Enguix, vicepresidenta primera de la Diputaci\u00f3 de Val\u00e8ncia, com a coordinadora provincial d&#8217;Uni\u00f3 Municipalista a Val\u00e8ncia.<\/p>\n\n\n\n<p class=\"wp-block-paragraph\"><\/p>\n","protected":false},"excerpt":{"rendered":"<div class=\"mh-excerpt\">Aquest dissabte, dia 11 de maig, l&#8217;Agrupaci\u00f3 Municipal X Bunyol ha assistit a la trobada de la Uni\u00f3 Municipalista de la Prov\u00edncia de Val\u00e8ncia celebrada a Requena. Fins all\u00ed s&#8217;han traslladat al voltant de cent <a class=\"mh-excerpt-more\" href=\"https:\/\/tucomarca.whitekongsoftware.com\/ca\/x-bunyol-participa-en-la-reunio-de-la-unio-municipalista-de-la-provincia-de-valencia\/\" title=\"X Bunyol participa en la reuni\u00f3 de la Uni\u00f3 Municipalista de la Prov\u00edncia de Val\u00e8ncia\">[+] <\/a><\/div>\n","protected":false},"author":12,"featured_media":222713,"comment_status":"open","ping_status":"open","sticky":false,"template":"","format":"gallery","meta":{"footnotes":""},"categories":[10911,10948,10894,10912,10947,10896],"tags":[10913,10914,20671,19365],"class_list":["post-222750","post","type-post","status-publish","format-gallery","has-post-thumbnail","category-bunol-ca","category-infraestructuras-ca","category-la-comarca-ca","category-la-hoya-ca","category-politica","category-seccion-ca","tag-bunol-ca","tag-la-hoya-de-bunol-chiva-ca","tag-union-municipalista-ca","tag-x-bunol-ca","post_format-post-format-gallery"],"_links":{"self":[{"href":"https:\/\/tucomarca.whitekongsoftware.com\/ca\/wp-json\/wp\/v2\/posts\/222750","targetHints":{"allow":["GET"]}}],"collection":[{"href":"https:\/\/tucomarca.whitekongsoftware.com\/ca\/wp-json\/wp\/v2\/posts"}],"about":[{"href":"https:\/\/tucomarca.whitekongsoftware.com\/ca\/wp-json\/wp\/v2\/types\/post"}],"author":[{"embeddable":true,"href":"https:\/\/tucomarca.whitekongsoftware.com\/ca\/wp-json\/wp\/v2\/users\/12"}],"replies":[{"embeddable":true,"href":"https:\/\/tucomarca.whitekongsoftware.com\/ca\/wp-json\/wp\/v2\/comments?post=222750"}],"version-history":[{"count":0,"href":"https:\/\/tucomarca.whitekongsoftware.com\/ca\/wp-json\/wp\/v2\/posts\/222750\/revisions"}],"wp:featuredmedia":[{"embeddable":true,"href":"https:\/\/tucomarca.whitekongsoftware.com\/ca\/wp-json\/wp\/v2\/media\/222713"}],"wp:attachment":[{"href":"https:\/\/tucomarca.whitekongsoftware.com\/ca\/wp-json\/wp\/v2\/media?parent=222750"}],"wp:term":[{"taxonomy":"category","embeddable":true,"href":"https:\/\/tucomarca.whitekongsoftware.com\/ca\/wp-json\/wp\/v2\/categories?post=222750"},{"taxonomy":"post_tag","embeddable":true,"href":"https:\/\/tucomarca.whitekongsoftware.com\/ca\/wp-json\/wp\/v2\/tags?post=222750"}],"curies":[{"name":"wp","href":"https:\/\/api.w.org\/{rel}","templated":true}]}}