{"id":222513,"date":"2024-05-09T11:00:00","date_gmt":"2024-05-09T09:00:00","guid":{"rendered":"https:\/\/www.tucomarca.com\/wordpress\/segunda\/?p=222513"},"modified":"2024-05-09T19:53:15","modified_gmt":"2024-05-09T17:53:15","slug":"lequip-tecnic-de-la-mancomunitat-de-la-foia-rep-noves-sessions-de-formacio-en-materia-digualtat","status":"publish","type":"post","link":"https:\/\/tucomarca.whitekongsoftware.com\/ca\/lequip-tecnic-de-la-mancomunitat-de-la-foia-rep-noves-sessions-de-formacio-en-materia-digualtat\/","title":{"rendered":"L&#8217;equip t\u00e8cnic de la Mancomunitat de La Foia rep noves sessions de formaci\u00f3 en mat\u00e8ria d&#8217;igualtat"},"content":{"rendered":"\n<p class=\"wp-block-paragraph\">L&#8217;equip t\u00e8cnic de la Conselleria de Serveis Socials, Igualtat i habitatge adscrit al servei IgualaT, es va despla\u00e7ar, aquesta setmana a les instal\u00b7lacions de la Mancomunitat de La Foia a fi d&#8217;aportar nova formaci\u00f3 en mat\u00e8ria d&#8217;igualtat.<\/p>\n\n\n\n<p class=\"wp-block-paragraph\">La formaci\u00f3 rebuda va tractar els seg\u00fcents temes: Igualtat de tracte i no discriminaci\u00f3: conceptes, eines i recursos. Procediments per a realitzar reclamacions i den\u00fancies davant situacions de discriminaci\u00f3 i delictes d&#8217;odi. Conceptes jur\u00eddics. Diagn\u00f2stic d&#8217;una situaci\u00f3 de discriminat\u00f2ria i normativa. El llenguatge no discriminatori en els col\u00b7lectius de la diversitat i les repercussions de la discriminaci\u00f3 en la qualitat de la salut mental. Situaci\u00f3 espec\u00edfica del poble gitano en mat\u00e8ria de discriminaci\u00f3.<\/p>\n\n\n\n<p class=\"wp-block-paragraph\">&#8220;L&#8217;actualitzaci\u00f3 constant d&#8217;aquesta mena de formacions, permet millorar l&#8217;atenci\u00f3 oferida des de l&#8217;\u00e0rea de Serveis Socials de la Mancomunitat en els municipis que conformen aquesta entitat&#8221;, tal com han explicat fonts de l&#8217;estament comarcal.<\/p>\n","protected":false},"excerpt":{"rendered":"<div class=\"mh-excerpt\">L&#8217;equip t\u00e8cnic de la Conselleria de Serveis Socials, Igualtat i habitatge adscrit al servei IgualaT, es va despla\u00e7ar, aquesta setmana a les instal\u00b7lacions de la Mancomunitat de La Foia a fi d&#8217;aportar nova formaci\u00f3 en <a class=\"mh-excerpt-more\" href=\"https:\/\/tucomarca.whitekongsoftware.com\/ca\/lequip-tecnic-de-la-mancomunitat-de-la-foia-rep-noves-sessions-de-formacio-en-materia-digualtat\/\" title=\"L&#8217;equip t\u00e8cnic de la Mancomunitat de La Foia rep noves sessions de formaci\u00f3 en mat\u00e8ria d&#8217;igualtat\">[+] <\/a><\/div>\n","protected":false},"author":1,"featured_media":222511,"comment_status":"open","ping_status":"open","sticky":false,"template":"","format":"standard","meta":{"footnotes":""},"categories":[10973,10911,10976,10977,10980,10948,10894,10904,10912,10978,10947,10896,10979,10974,10975],"tags":[10914,20664,11141],"class_list":["post-222513","post","type-post","status-publish","format-standard","has-post-thumbnail","category-alborache-ca","category-bunol-ca","category-dos-aguas-ca","category-godelleta-ca","category-yatova-ca","category-infraestructuras-ca","category-la-comarca-ca","category-sin-categorizar-ca","category-la-hoya-ca","category-macastre-ca","category-politica","category-seccion-ca","category-siete-aguas-ca","category-cheste-ca","category-chiva-ca","tag-la-hoya-de-bunol-chiva-ca","tag-mancomunidad-ca","tag-yatova-ca"],"_links":{"self":[{"href":"https:\/\/tucomarca.whitekongsoftware.com\/ca\/wp-json\/wp\/v2\/posts\/222513","targetHints":{"allow":["GET"]}}],"collection":[{"href":"https:\/\/tucomarca.whitekongsoftware.com\/ca\/wp-json\/wp\/v2\/posts"}],"about":[{"href":"https:\/\/tucomarca.whitekongsoftware.com\/ca\/wp-json\/wp\/v2\/types\/post"}],"author":[{"embeddable":true,"href":"https:\/\/tucomarca.whitekongsoftware.com\/ca\/wp-json\/wp\/v2\/users\/1"}],"replies":[{"embeddable":true,"href":"https:\/\/tucomarca.whitekongsoftware.com\/ca\/wp-json\/wp\/v2\/comments?post=222513"}],"version-history":[{"count":0,"href":"https:\/\/tucomarca.whitekongsoftware.com\/ca\/wp-json\/wp\/v2\/posts\/222513\/revisions"}],"wp:featuredmedia":[{"embeddable":true,"href":"https:\/\/tucomarca.whitekongsoftware.com\/ca\/wp-json\/wp\/v2\/media\/222511"}],"wp:attachment":[{"href":"https:\/\/tucomarca.whitekongsoftware.com\/ca\/wp-json\/wp\/v2\/media?parent=222513"}],"wp:term":[{"taxonomy":"category","embeddable":true,"href":"https:\/\/tucomarca.whitekongsoftware.com\/ca\/wp-json\/wp\/v2\/categories?post=222513"},{"taxonomy":"post_tag","embeddable":true,"href":"https:\/\/tucomarca.whitekongsoftware.com\/ca\/wp-json\/wp\/v2\/tags?post=222513"}],"curies":[{"name":"wp","href":"https:\/\/api.w.org\/{rel}","templated":true}]}}