{"id":222368,"date":"2024-05-07T18:00:00","date_gmt":"2024-05-07T16:00:00","guid":{"rendered":"https:\/\/www.tucomarca.com\/wordpress\/segunda\/?p=222368"},"modified":"2024-05-07T20:41:27","modified_gmt":"2024-05-07T18:41:27","slug":"un-vehicle-es-dona-a-la-fugida-despres-datropellar-a-un-ciclista-a-algemesi","status":"publish","type":"post","link":"https:\/\/tucomarca.whitekongsoftware.com\/ca\/un-vehicle-es-dona-a-la-fugida-despres-datropellar-a-un-ciclista-a-algemesi\/","title":{"rendered":"Un vehicle es dona a la fugida despr\u00e9s d&#8217;atropellar a un ciclista a Algemes\u00ed"},"content":{"rendered":"\n<p class=\"wp-block-paragraph\">Un ciclista ha resultat ferit en ser atropellat per un vehicle prop d&#8217;una de les rotondes d&#8217;entrada a Algemes\u00ed, tal com han informat fonts del Consorci Provincial de Bombers que han at\u00e9s el ferit.<\/p>\n\n\n\n<p class=\"wp-block-paragraph\">Els bombers d&#8217;Alzira han at\u00e9s aquest mat\u00ed a un ciclista que havia sigut atropellat per la zona de la Sequia Secans d&#8217;Algemes\u00ed, pel que sembla el vehicle que l&#8217;ha atropellat no ha parat. <\/p>\n\n\n\n<p class=\"wp-block-paragraph\">El ferit, un home de 50 anys, ha sigut at\u00e9s per un SAMU i traslladat en una Unitat Suport Vital B\u00e0sic a l&#8217;Hospital de la Ribera amb policontusiones a causa del colp.<\/p>\n","protected":false},"excerpt":{"rendered":"<div class=\"mh-excerpt\">Un ciclista ha resultat ferit en ser atropellat per un vehicle prop d&#8217;una de les rotondes d&#8217;entrada a Algemes\u00ed, tal com han informat fonts del Consorci Provincial de Bombers que han at\u00e9s el ferit. Els <a class=\"mh-excerpt-more\" href=\"https:\/\/tucomarca.whitekongsoftware.com\/ca\/un-vehicle-es-dona-a-la-fugida-despres-datropellar-a-un-ciclista-a-algemesi\/\" title=\"Un vehicle es dona a la fugida despr\u00e9s d&#8217;atropellar a un ciclista a Algemes\u00ed\">[+] <\/a><\/div>\n","protected":false},"author":1,"featured_media":222344,"comment_status":"open","ping_status":"open","sticky":false,"template":"","format":"standard","meta":{"footnotes":""},"categories":[10983,10898,10894,10902,10896,10897],"tags":[11081,15822,11356],"class_list":["post-222368","post","type-post","status-publish","format-standard","has-post-thumbnail","category-algemesi-ca","category-ventana-ca","category-la-comarca-ca","category-la-ribera-ca","category-seccion-ca","category-sucesos-la-comarca-ca","tag-algemesi-ca","tag-bomberos-de-alzira-ca","tag-ribera-alta-ca"],"_links":{"self":[{"href":"https:\/\/tucomarca.whitekongsoftware.com\/ca\/wp-json\/wp\/v2\/posts\/222368","targetHints":{"allow":["GET"]}}],"collection":[{"href":"https:\/\/tucomarca.whitekongsoftware.com\/ca\/wp-json\/wp\/v2\/posts"}],"about":[{"href":"https:\/\/tucomarca.whitekongsoftware.com\/ca\/wp-json\/wp\/v2\/types\/post"}],"author":[{"embeddable":true,"href":"https:\/\/tucomarca.whitekongsoftware.com\/ca\/wp-json\/wp\/v2\/users\/1"}],"replies":[{"embeddable":true,"href":"https:\/\/tucomarca.whitekongsoftware.com\/ca\/wp-json\/wp\/v2\/comments?post=222368"}],"version-history":[{"count":0,"href":"https:\/\/tucomarca.whitekongsoftware.com\/ca\/wp-json\/wp\/v2\/posts\/222368\/revisions"}],"wp:featuredmedia":[{"embeddable":true,"href":"https:\/\/tucomarca.whitekongsoftware.com\/ca\/wp-json\/wp\/v2\/media\/222344"}],"wp:attachment":[{"href":"https:\/\/tucomarca.whitekongsoftware.com\/ca\/wp-json\/wp\/v2\/media?parent=222368"}],"wp:term":[{"taxonomy":"category","embeddable":true,"href":"https:\/\/tucomarca.whitekongsoftware.com\/ca\/wp-json\/wp\/v2\/categories?post=222368"},{"taxonomy":"post_tag","embeddable":true,"href":"https:\/\/tucomarca.whitekongsoftware.com\/ca\/wp-json\/wp\/v2\/tags?post=222368"}],"curies":[{"name":"wp","href":"https:\/\/api.w.org\/{rel}","templated":true}]}}