{"id":222314,"date":"2024-05-07T11:00:00","date_gmt":"2024-05-07T09:00:00","guid":{"rendered":"https:\/\/www.tucomarca.com\/wordpress\/segunda\/?p=222314"},"modified":"2024-05-07T19:43:42","modified_gmt":"2024-05-07T17:43:42","slug":"la-feria-del-queso-de-chelva-consolida-el-seu-creixement-amb-una-amplia-varietat-dactivitats-per-a-tota-la-familia","status":"publish","type":"post","link":"https:\/\/tucomarca.whitekongsoftware.com\/ca\/la-feria-del-queso-de-chelva-consolida-el-seu-creixement-amb-una-amplia-varietat-dactivitats-per-a-tota-la-familia\/","title":{"rendered":"La Feria del Queso de Chelva consolida el seu creixement amb una \u00e0mplia varietat d&#8217;activitats per a tota la familia"},"content":{"rendered":"\n<h3 class=\"wp-block-heading\">La Diputaci\u00f3 de Val\u00e8ncia acull la presentaci\u00f3 de la tercera edici\u00f3 de Quesalia, que se celebrar\u00e0 este cap de setmana en la Plaza Mayor del municipi serr\u00e0.<\/h3>\n\n\n\n<h3 class=\"wp-block-heading\">A m\u00e9s dels cates de formatge i vi, el programa d&#8217;activitats inclou tallers i jocs per a xiquets, actuacions musicals i visites guiades.<\/h3>\n\n\n\n<p class=\"wp-block-paragraph\">La Diputaci\u00f3 de Val\u00e8ncia ha presentat este dimarts la tercera edici\u00f3 de Quesalia, la gran fira del formatge i maridatge de Chelva organitzada per l&#8217;Ajuntament, i consolidada com una de les fires gastron\u00f2miques m\u00e9s importants no sols de la comarca, sin\u00f3 de tota la prov\u00edncia. Entre el 10 i el 12 de maig, la pla\u00e7a Major, situada en ple centre neur\u00e0lgic i hist\u00f2ric de la bella localitat de la Serran\u00eda, acollir\u00e0 multitud d&#8217;activitats que van m\u00e9s enll\u00e0 de la pr\u00f2pia gastronomia. L&#8217;acte de presentaci\u00f3 ha comptat amb la intervenci\u00f3 del diputat de Turisme de la corporaci\u00f3 provincial, Pedro Cuesta, l&#8217;alcalde de Xelva, David Ca\u00f1igueral, i els regidors de Cultura i Festes de la localitat, David Zapater i Clara Folgado.<\/p>\n\n\n\n<p class=\"wp-block-paragraph\">Per a Pedro Cuesta iniciatives com esta fira s\u00f3n \u201cfonamentals per a la prov\u00edncia, perqu\u00e8 ajuden a vertebrar el territori i potencien el turisme a les zones de l&#8217;interior. Per aix\u00f2 nosaltres des de l&#8217;\u00e0rea de Turisme sempre estarem donant suport a este tipus d&#8217;esdeveniments, en els quals tamb\u00e9 es posa en valor la riquesa cultural i art\u00edstica dels pobles on se celebren\u201d.<\/p>\n\n\n\n<p class=\"wp-block-paragraph\">En efecte, Quesalia t\u00e9 com a objectiu desestacionalitzar el turisme i oferir una activitat tur\u00edstica diferent del visitant creant, a m\u00e9s, noves oportunitats d&#8217;ocupaci\u00f3 al voltant de la fira i la poblaci\u00f3.&nbsp;<\/p>\n\n\n\n<p class=\"wp-block-paragraph\">\u201cPer a nosaltres \u00e9s un esdeveniment \u00fanic. S\u00f3n els dies que m\u00e9s gent visita el nostre municipi, i l&#8217;edici\u00f3 d&#8217;enguany suposa fer un pas m\u00e9s en el nostre creixement com a fira. Estem conven\u00e7uts que continuarem creixent en els pr\u00f2xims anys perqu\u00e8 tenim molt recorregut\u201d, ha assenyalat l&#8217;alcalde de Chelva, David Ca\u00f1igueral. Per part seua, el regidor de Cultura, David Zapater, ha expressat que \u201cel 2024 ser\u00e0 un punt d&#8217;inflexi\u00f3. A partir d&#8217;ara multiplicarem la nostra capacitat d&#8217;acollir m\u00e9s expositors i la fira ser\u00e0 una gran oportunitat per a atraure turisme tot l&#8217;any i crear ocupaci\u00f3\u201d.<\/p>\n\n\n\n<p class=\"wp-block-paragraph\"><strong>Activitats<\/strong><\/p>\n\n\n\n<p class=\"wp-block-paragraph\">Els ve\u00efns i turistes que s&#8217;acosten a Chelva este cap de setmana podran disfrutar d&#8217;un mercat amb casetes per a degustar i comprar diferents tipus de formatges, aix\u00ed com tamb\u00e9 hi haur\u00e0 elaboracions tradicionals com a vins, olis, mels o productes de forns de la zona. A m\u00e9s, hi haur\u00e0 un ampli programa d&#8217;activitats paral\u00b7leles, com ara m\u00fasica en directe, demostracions gastron\u00f2miques i cates, visites guiades al nucli antic i patrimoni de Chelva, tallers infantils relacionats amb el m\u00f3n rural, ludoteca, menjar popular, formacions per a persones que vulguen emprendre, etc.<\/p>\n\n\n\n<p class=\"wp-block-paragraph\">La regidora de Festes, Clara Folgado, ha detallat el calendari de la fira, que per primera vegada comen\u00e7ar\u00e0 el divendres 10 de maig a la vesprada, i s&#8217;estendr\u00e0 fins al diumenge a les 20 hores. Tant el dissabte com el diumenge hi haur\u00e0 menjada popular en la pla\u00e7a del poble, a la qual podran unir-se tot aquell que ho desitge.<\/p>\n\n\n\n<p class=\"wp-block-paragraph\">Enguany participaran un total de 20 expositors, entre els quals destaquen aquells procedents d&#8217;altres regions d&#8217;Espa\u00f1a, la qual cosa atorga una \u00e0mplia varietat de productes gastron\u00f2mics a una de les fires m\u00e9s potents de l&#8217;Alto Turia.<\/p>\n\n\n\n<p class=\"wp-block-paragraph\">El centre de Chelva, declarat B\u00e9 d&#8217;Inter\u00e9s Cultural, reunix un impressionant patrimoni hist\u00f2ric i cultural testimoni de l&#8217;encreuament de cultures cristiana, jueva i \u00e0rab, que es reflectixen tant als seus carrers com en els seus edificis m\u00e9s emblem\u00e0tics. A m\u00e9s, el certamen \u00e9s una bona ocasi\u00f3 per a rec\u00f3rrer alguns de les moltes senderes i rutes amb qu\u00e8 compta Chelva, entre els quals destaca per la seua popularitat la Ruta del Agua.<\/p>\n","protected":false},"excerpt":{"rendered":"<div class=\"mh-excerpt\">La Diputaci\u00f3 de Val\u00e8ncia acull la presentaci\u00f3 de la tercera edici\u00f3 de Quesalia, que se celebrar\u00e0 este cap de setmana en la Plaza Mayor del municipi serr\u00e0. A m\u00e9s dels cates de formatge i vi, <a class=\"mh-excerpt-more\" href=\"https:\/\/tucomarca.whitekongsoftware.com\/ca\/la-feria-del-queso-de-chelva-consolida-el-seu-creixement-amb-una-amplia-varietat-dactivitats-per-a-tota-la-familia\/\" title=\"La Feria del Queso de Chelva consolida el seu creixement amb una \u00e0mplia varietat d&#8217;activitats per a tota la familia\">[+] <\/a><\/div>\n","protected":false},"author":12,"featured_media":222312,"comment_status":"open","ping_status":"open","sticky":false,"template":"","format":"standard","meta":{"footnotes":""},"categories":[11019,11039,11046,10894,10904,11007,10896],"tags":[11083,11246,20653,11928,11080,20654],"class_list":["post-222314","post","type-post","status-publish","format-standard","has-post-thumbnail","category-agenda-ca","category-chelva-ca","category-los-serranos-ca","category-la-comarca-ca","category-sin-categorizar-ca","category-ocio-y-cultura-ca","category-seccion-ca","tag-chelva-ca","tag-diputacio-de-valencia-ca","tag-feria-del-queso-ca","tag-la-serrania-ca","tag-los-serranos-ca","tag-quesalia-ca"],"_links":{"self":[{"href":"https:\/\/tucomarca.whitekongsoftware.com\/ca\/wp-json\/wp\/v2\/posts\/222314","targetHints":{"allow":["GET"]}}],"collection":[{"href":"https:\/\/tucomarca.whitekongsoftware.com\/ca\/wp-json\/wp\/v2\/posts"}],"about":[{"href":"https:\/\/tucomarca.whitekongsoftware.com\/ca\/wp-json\/wp\/v2\/types\/post"}],"author":[{"embeddable":true,"href":"https:\/\/tucomarca.whitekongsoftware.com\/ca\/wp-json\/wp\/v2\/users\/12"}],"replies":[{"embeddable":true,"href":"https:\/\/tucomarca.whitekongsoftware.com\/ca\/wp-json\/wp\/v2\/comments?post=222314"}],"version-history":[{"count":0,"href":"https:\/\/tucomarca.whitekongsoftware.com\/ca\/wp-json\/wp\/v2\/posts\/222314\/revisions"}],"wp:featuredmedia":[{"embeddable":true,"href":"https:\/\/tucomarca.whitekongsoftware.com\/ca\/wp-json\/wp\/v2\/media\/222312"}],"wp:attachment":[{"href":"https:\/\/tucomarca.whitekongsoftware.com\/ca\/wp-json\/wp\/v2\/media?parent=222314"}],"wp:term":[{"taxonomy":"category","embeddable":true,"href":"https:\/\/tucomarca.whitekongsoftware.com\/ca\/wp-json\/wp\/v2\/categories?post=222314"},{"taxonomy":"post_tag","embeddable":true,"href":"https:\/\/tucomarca.whitekongsoftware.com\/ca\/wp-json\/wp\/v2\/tags?post=222314"}],"curies":[{"name":"wp","href":"https:\/\/api.w.org\/{rel}","templated":true}]}}