{"id":222257,"date":"2024-05-07T10:00:00","date_gmt":"2024-05-07T08:00:00","guid":{"rendered":"https:\/\/www.tucomarca.com\/wordpress\/segunda\/?p=222257"},"modified":"2024-05-07T13:46:22","modified_gmt":"2024-05-07T11:46:22","slug":"la-segona-edicio-de-terra-boval-fest-comptara-amb-depedro-kiko-veneno-los-muchachos-travis-birds-i-santero-com-a-protagonistes","status":"publish","type":"post","link":"https:\/\/tucomarca.whitekongsoftware.com\/ca\/la-segona-edicio-de-terra-boval-fest-comptara-amb-depedro-kiko-veneno-los-muchachos-travis-birds-i-santero-com-a-protagonistes\/","title":{"rendered":"La segona edici\u00f3 de Terra Boval Fest comptar\u00e0 amb Depedro, Kiko Veneno, Los Muchachos, Travis Birds i Santero com a protagonistes"},"content":{"rendered":"\n<h3 class=\"wp-block-heading\">Depedro, Kiko Veneno, Travis Birds, Santero i Los Muchachos s\u00f3n els protagonistes de la programaci\u00f3 musical d&#8217;aquest any<\/h3>\n\n\n\n<p class=\"wp-block-paragraph\">La segona edici\u00f3 de Terra Boval Fest, que se celebrar\u00e0 del 28 al 30 de juny, compta amb artistes de renom en el panorama musical actual que seran els protagonistes de les actuacions musicals centrals del festival. Depedro, presentar\u00e0 el seu \u00faltim disc d&#8217;estudi: \u201cUn lloc perfecte\u201d. El cantant Kiko Veneno, amb m\u00e9s de quaranta d\u00e8cades en el m\u00f3n de la m\u00fasica, integrar\u00e0 t\u00edtols coneguts amb les seues \u00faltimes creacions. La cantautora madrilenya Travis Birds, un dels majors exponents de la m\u00fasica contempor\u00e0nia del nostre pa\u00eds, presentar\u00e0 el seu disc un &#8216;Perro deseo&#8217;. I finalment, els valencians Santero i Los Muchachos, traslladaran al p\u00fablic el seu \u201crock reposat\u201d amb un repertori ple de can\u00e7ons amb un toc mel\u00f2dic i captivador.<\/p>\n\n\n<div class=\"wp-block-image\">\n<figure class=\"alignleft size-full is-resized\"><img loading=\"lazy\" decoding=\"async\" width=\"886\" height=\"443\" src=\"http:\/\/www.tucomarca.com\/wordpress\/segunda\/wp-content\/uploads\/2024\/05\/TierraBobalFest2024.jpg\" alt=\"\" class=\"wp-image-222254\" style=\"width:472px;height:auto\" srcset=\"https:\/\/tucomarca.whitekongsoftware.com\/wp-content\/uploads\/2024\/05\/TierraBobalFest2024.jpg 886w, https:\/\/tucomarca.whitekongsoftware.com\/wp-content\/uploads\/2024\/05\/TierraBobalFest2024-300x150.jpg 300w, https:\/\/tucomarca.whitekongsoftware.com\/wp-content\/uploads\/2024\/05\/TierraBobalFest2024-768x384.jpg 768w\" sizes=\"auto, (max-width: 886px) 100vw, 886px\" \/><\/figure>\n<\/div>\n\n\n<p class=\"wp-block-paragraph\">Una vegada esgotat el primer tram d&#8217;abonaments, s&#8217;ha posat a la venda un segon tram d&#8217;abonaments generals a 40 euros (m\u00e9s despeses de gesti\u00f3) a trav\u00e9s de la web del festival, dels quals s&#8217;estan venent ja les \u00faltimes unitats. Aquests abonaments permeten gaudir de la programaci\u00f3 musical del 28 i 29 de juny. Una vegada esgotats els abonaments generals, eixiran a la venda entrades individuals per a cadascun dels dies.&nbsp;<\/p>\n\n\n\n<p class=\"wp-block-paragraph\">La programaci\u00f3 musical del festival es completar\u00e0 pr\u00f2ximament amb un ampli ventall d&#8217;experi\u00e8ncies vinculades a la naturalesa i el patrimoni, amb tastos de vi, rutes i activitats a l&#8217;aire lliure, a m\u00e9s d&#8217;una proposta gastron\u00f2mica de qualitat, que completen un cap de setmana \u00fanic. Pr\u00f2ximament es posaran a la venda entrades per a cadascuna d&#8217;aquestes activitats i el transport.<\/p>\n\n\n\n<p class=\"wp-block-paragraph\">Terra Boval Fest s&#8217;emmarca dins de la proposada \u2018Festivals Territori\u2019, marca que organitza festivals en els quals el p\u00fablic viu una experi\u00e8ncia premium durant tota la seua visita i on es produeixen trobades molt exclusives entre audi\u00e8ncia i artistes, tot aix\u00f2 emmarcat en paratges incomparables i acompanyats de m\u00fasica i la millor gastronomia km 0.<\/p>\n","protected":false},"excerpt":{"rendered":"<div class=\"mh-excerpt\">Depedro, Kiko Veneno, Travis Birds, Santero i Los Muchachos s\u00f3n els protagonistes de la programaci\u00f3 musical d&#8217;aquest any La segona edici\u00f3 de Terra Boval Fest, que se celebrar\u00e0 del 28 al 30 de juny, compta <a class=\"mh-excerpt-more\" href=\"https:\/\/tucomarca.whitekongsoftware.com\/ca\/la-segona-edicio-de-terra-boval-fest-comptara-amb-depedro-kiko-veneno-los-muchachos-travis-birds-i-santero-com-a-protagonistes\/\" title=\"La segona edici\u00f3 de Terra Boval Fest comptar\u00e0 amb Depedro, Kiko Veneno, Los Muchachos, Travis Birds i Santero com a protagonistes\">[+] <\/a><\/div>\n","protected":false},"author":12,"featured_media":222253,"comment_status":"open","ping_status":"open","sticky":false,"template":"","format":"standard","meta":{"footnotes":""},"categories":[11019,11007,10909,10896],"tags":[10910,20650],"class_list":["post-222257","post","type-post","status-publish","format-standard","has-post-thumbnail","category-agenda-ca","category-ocio-y-cultura-ca","category-requena-utiel-ca","category-seccion-ca","tag-requena-utiel-ca","tag-tierra-bobal-fest-ca"],"_links":{"self":[{"href":"https:\/\/tucomarca.whitekongsoftware.com\/ca\/wp-json\/wp\/v2\/posts\/222257","targetHints":{"allow":["GET"]}}],"collection":[{"href":"https:\/\/tucomarca.whitekongsoftware.com\/ca\/wp-json\/wp\/v2\/posts"}],"about":[{"href":"https:\/\/tucomarca.whitekongsoftware.com\/ca\/wp-json\/wp\/v2\/types\/post"}],"author":[{"embeddable":true,"href":"https:\/\/tucomarca.whitekongsoftware.com\/ca\/wp-json\/wp\/v2\/users\/12"}],"replies":[{"embeddable":true,"href":"https:\/\/tucomarca.whitekongsoftware.com\/ca\/wp-json\/wp\/v2\/comments?post=222257"}],"version-history":[{"count":0,"href":"https:\/\/tucomarca.whitekongsoftware.com\/ca\/wp-json\/wp\/v2\/posts\/222257\/revisions"}],"wp:featuredmedia":[{"embeddable":true,"href":"https:\/\/tucomarca.whitekongsoftware.com\/ca\/wp-json\/wp\/v2\/media\/222253"}],"wp:attachment":[{"href":"https:\/\/tucomarca.whitekongsoftware.com\/ca\/wp-json\/wp\/v2\/media?parent=222257"}],"wp:term":[{"taxonomy":"category","embeddable":true,"href":"https:\/\/tucomarca.whitekongsoftware.com\/ca\/wp-json\/wp\/v2\/categories?post=222257"},{"taxonomy":"post_tag","embeddable":true,"href":"https:\/\/tucomarca.whitekongsoftware.com\/ca\/wp-json\/wp\/v2\/tags?post=222257"}],"curies":[{"name":"wp","href":"https:\/\/api.w.org\/{rel}","templated":true}]}}