{"id":221872,"date":"2024-05-04T09:05:00","date_gmt":"2024-05-04T07:05:00","guid":{"rendered":"https:\/\/www.tucomarca.com\/wordpress\/segunda\/?p=221872"},"modified":"2024-05-04T13:44:54","modified_gmt":"2024-05-04T11:44:54","slug":"la-do-utiel-requena-presentara-un-documental-sobre-el-projecte-educatiu-per-a-la-integracio-de-la-cultura-vitivinicola","status":"publish","type":"post","link":"https:\/\/tucomarca.whitekongsoftware.com\/ca\/la-do-utiel-requena-presentara-un-documental-sobre-el-projecte-educatiu-per-a-la-integracio-de-la-cultura-vitivinicola\/","title":{"rendered":"La DO Utiel-Requena presentar\u00e0 un documental sobre el Projecte Educatiu per a la Integraci\u00f3 de la Cultura Vitivin\u00edcola"},"content":{"rendered":"\n<p class=\"wp-block-paragraph\">La Denominaci\u00f3 d&#8217;Origen Protegida Utiel-Requena presentar\u00e0 el documental que s&#8217;ha realitzat sobre Projecte Educatiu per a la Integraci\u00f3 de la Cultura Vitivin\u00edcola.<br>\u201cPortem impulsant aquest projecte des de 2016 a trav\u00e9s dels cinc Instituts d&#8217;Ensenyament Secundari de la comarca amb l&#8217;objectiu d&#8217;acostar la vitivinicultura als joves\u201c, destaquen des de l&#8217;organisme. Amb aquest projecte\u201c es pret\u00e9n fomentar l&#8217;arrelament i les possibilitats de futur a la comarca, generar inter\u00e9s perqu\u00e8 l&#8217;alumnat es forme en diferents tem\u00e0tiques al voltant de la viticultura i fomentar el relleu generacional per a assegurar la superviv\u00e8ncia del territori\u201d, manifesten les fonts.<br>El projecte\u201d ha fet un salt qualitatiu gr\u00e0cies a que els cinc centres educatius, de manera coordinada, estan immersos en un Projecte d&#8217;Investigaci\u00f3 i Innovaci\u00f3 Educativa (PIIE). Per aix\u00f2, hem apostat per recollir en un documental les veus dels protagonistes i el seu treball des dels inicis fins hui. Des de la DO Utiel-Requena enguany volem brindar per aquest projecte pioner i innovador, tan necess\u00e0ria per al futur de la vitivinicultura de DO Utiel-Requena i del seu territori\u201d, expressen.<br>\u201cHem fet coincidir la presentaci\u00f3 d&#8217;aquest v\u00eddeo amb el brindis del Moviment va vindre DO. Aquest brindis \u00e9s una acci\u00f3 de la Confer\u00e8ncia Espanyola de Consells Reguladors en el qual 34 Denominacions d&#8217;Origen d&#8217;Espanya brindarem simult\u00e0niament sota la tem\u00e0tica de la cohesi\u00f3 social\u201d, expliquen.<br>\u201cLa presentaci\u00f3 del v\u00eddeo ser\u00e0 el dissabte 11 de maig a les 12 hores en el Celler Red\u00f3-Museu del vi de la DO Utiel-Requena, i a les 13.30 el brindis conjunt. Tots els convidats brindarem amb els vins seleccionats de la DO per a aquest 2024 i aniran acompanyats de la millor gastronomia local\u201d, conclouen. Informa, <strong>Luis Ib\u00e1\u00f1ez.<\/strong><\/p>\n","protected":false},"excerpt":{"rendered":"<div class=\"mh-excerpt\">La Denominaci\u00f3 d&#8217;Origen Protegida Utiel-Requena presentar\u00e0 el documental que s&#8217;ha realitzat sobre Projecte Educatiu per a la Integraci\u00f3 de la Cultura Vitivin\u00edcola.\u201cPortem impulsant aquest projecte des de 2016 a trav\u00e9s dels cinc Instituts d&#8217;Ensenyament Secundari <a class=\"mh-excerpt-more\" href=\"https:\/\/tucomarca.whitekongsoftware.com\/ca\/la-do-utiel-requena-presentara-un-documental-sobre-el-projecte-educatiu-per-a-la-integracio-de-la-cultura-vitivinicola\/\" title=\"La DO Utiel-Requena presentar\u00e0 un documental sobre el Projecte Educatiu per a la Integraci\u00f3 de la Cultura Vitivin\u00edcola\">[+] <\/a><\/div>\n","protected":false},"author":12,"featured_media":221871,"comment_status":"open","ping_status":"open","sticky":false,"template":"","format":"standard","meta":{"footnotes":""},"categories":[11019,11006,10894,11007,10908,10909,10896,11059],"tags":[12747,11099,10910,11174],"class_list":["post-221872","post","type-post","status-publish","format-standard","has-post-thumbnail","category-agenda-ca","category-canal-vinos","category-la-comarca-ca","category-ocio-y-cultura-ca","category-requena-ca","category-requena-utiel-ca","category-seccion-ca","category-utiel-ca","tag-do-utiel-requena-ca","tag-requena-ca","tag-requena-utiel-ca","tag-utiel-ca"],"_links":{"self":[{"href":"https:\/\/tucomarca.whitekongsoftware.com\/ca\/wp-json\/wp\/v2\/posts\/221872","targetHints":{"allow":["GET"]}}],"collection":[{"href":"https:\/\/tucomarca.whitekongsoftware.com\/ca\/wp-json\/wp\/v2\/posts"}],"about":[{"href":"https:\/\/tucomarca.whitekongsoftware.com\/ca\/wp-json\/wp\/v2\/types\/post"}],"author":[{"embeddable":true,"href":"https:\/\/tucomarca.whitekongsoftware.com\/ca\/wp-json\/wp\/v2\/users\/12"}],"replies":[{"embeddable":true,"href":"https:\/\/tucomarca.whitekongsoftware.com\/ca\/wp-json\/wp\/v2\/comments?post=221872"}],"version-history":[{"count":0,"href":"https:\/\/tucomarca.whitekongsoftware.com\/ca\/wp-json\/wp\/v2\/posts\/221872\/revisions"}],"wp:featuredmedia":[{"embeddable":true,"href":"https:\/\/tucomarca.whitekongsoftware.com\/ca\/wp-json\/wp\/v2\/media\/221871"}],"wp:attachment":[{"href":"https:\/\/tucomarca.whitekongsoftware.com\/ca\/wp-json\/wp\/v2\/media?parent=221872"}],"wp:term":[{"taxonomy":"category","embeddable":true,"href":"https:\/\/tucomarca.whitekongsoftware.com\/ca\/wp-json\/wp\/v2\/categories?post=221872"},{"taxonomy":"post_tag","embeddable":true,"href":"https:\/\/tucomarca.whitekongsoftware.com\/ca\/wp-json\/wp\/v2\/tags?post=221872"}],"curies":[{"name":"wp","href":"https:\/\/api.w.org\/{rel}","templated":true}]}}