{"id":221822,"date":"2024-05-02T20:00:00","date_gmt":"2024-05-02T18:00:00","guid":{"rendered":"https:\/\/www.tucomarca.com\/wordpress\/segunda\/?p=221822"},"modified":"2024-05-03T16:10:23","modified_gmt":"2024-05-03T14:10:23","slug":"el-ple-de-riba-roja-de-turia-felicita-7-esportistes-del-municipi-pels-seus-exits-aconseguits-a-base-desforc-i-dedicacio","status":"publish","type":"post","link":"https:\/\/tucomarca.whitekongsoftware.com\/ca\/el-ple-de-riba-roja-de-turia-felicita-7-esportistes-del-municipi-pels-seus-exits-aconseguits-a-base-desforc-i-dedicacio\/","title":{"rendered":"El ple de Riba-roja de T\u00faria felicita 7 esportistes del municipi pels seus \u00e8xits aconseguits \u201ca base d&#8217;esfor\u00e7 i dedicaci\u00f3\u201d\u00a0"},"content":{"rendered":"\n<h3 class=\"wp-block-heading\">La sessi\u00f3 plen\u00e0ria avala els assoliments individuals aconseguits pels esportistes que es tradueixen en una promoci\u00f3 i reconeixement al municipi.<\/h3>\n\n\n\n<p class=\"wp-block-paragraph\">El ple de l&#8217;Ajuntament de Riba-roja de T\u00faria ha aprovat per unanimitat una felicitaci\u00f3 conjunta als set esportistes de la localitat pels seus \u00e8xits aconseguits al llarg de les \u00faltimes setmanes. La proposta ha sigut avalada per totes les formacions pol\u00edtiques amb representaci\u00f3 en el ple municipal, \u00e9s a dir, el PSPV, el Partit Popular, Comprom\u00eds, Esquerra Unida-Podem i Vox.&nbsp;<\/p>\n\n\n\n<p class=\"wp-block-paragraph\">La corporaci\u00f3 municipal reconeix a tots els esportistes pels \u00e8xits reeixits en les seues respectives especialitats \u201ca base d&#8217;esfor\u00e7 i dedicaci\u00f3 que permet aconseguir resultats en les diferents disciplines practicades\u201d. La declaraci\u00f3 institucional aprovada afig que quan un esportista local aconsegueix un assoliment en forma de titule \u201cel nom de Riba-roja de T\u00faria aconsegueix els nivells de promoci\u00f3 i reconeixement, dels quals ens sentim orgullosos i part\u00edcips\u201d.&nbsp;<\/p>\n\n\n\n<p class=\"wp-block-paragraph\">El ple ha felicitat a Vicente Contelles, atleta, per la consecuci\u00f3 del subcampionat nacional en el campionat d&#8217;Espanya d&#8217;atletisme en pista coberta categoria M\u00e0ster 40, en la prova de 200 metres llisos; a Pau Asensio Mart\u00ednez, jove karateka que va obtindre la medalla d&#8217;or en la categoria de kumite infantil de menys de 40 quilos en el campionat auton\u00f2mic celebrat en el pavell\u00f3 Ricardo Tormo de Canals.&nbsp;<\/p>\n\n\n\n<figure class=\"wp-block-gallery has-nested-images columns-2 is-cropped wp-block-gallery-1 is-layout-flex wp-block-gallery-is-layout-flex\">\n<figure class=\"wp-block-image size-large\"><img loading=\"lazy\" decoding=\"async\" width=\"886\" height=\"546\" data-id=\"221805\" src=\"https:\/\/www.tucomarca.com\/wordpress\/segunda\/wp-content\/uploads\/2024\/05\/RIBAAlejandroMarco.jpg\" alt=\"\" class=\"wp-image-221805\" srcset=\"https:\/\/tucomarca.whitekongsoftware.com\/wp-content\/uploads\/2024\/05\/RIBAAlejandroMarco.jpg 886w, https:\/\/tucomarca.whitekongsoftware.com\/wp-content\/uploads\/2024\/05\/RIBAAlejandroMarco-300x185.jpg 300w, https:\/\/tucomarca.whitekongsoftware.com\/wp-content\/uploads\/2024\/05\/RIBAAlejandroMarco-768x473.jpg 768w\" sizes=\"auto, (max-width: 886px) 100vw, 886px\" \/><\/figure>\n\n\n\n<figure class=\"wp-block-image size-large\"><img loading=\"lazy\" decoding=\"async\" width=\"886\" height=\"658\" data-id=\"221811\" src=\"https:\/\/www.tucomarca.com\/wordpress\/segunda\/wp-content\/uploads\/2024\/05\/RIBARubenBurgos.jpg\" alt=\"\" class=\"wp-image-221811\" srcset=\"https:\/\/tucomarca.whitekongsoftware.com\/wp-content\/uploads\/2024\/05\/RIBARubenBurgos.jpg 886w, https:\/\/tucomarca.whitekongsoftware.com\/wp-content\/uploads\/2024\/05\/RIBARubenBurgos-300x223.jpg 300w, https:\/\/tucomarca.whitekongsoftware.com\/wp-content\/uploads\/2024\/05\/RIBARubenBurgos-768x570.jpg 768w, https:\/\/tucomarca.whitekongsoftware.com\/wp-content\/uploads\/2024\/05\/RIBARubenBurgos-80x60.jpg 80w\" sizes=\"auto, (max-width: 886px) 100vw, 886px\" \/><\/figure>\n\n\n\n<figure class=\"wp-block-image size-large\"><img loading=\"lazy\" decoding=\"async\" width=\"886\" height=\"743\" data-id=\"221813\" src=\"https:\/\/www.tucomarca.com\/wordpress\/segunda\/wp-content\/uploads\/2024\/05\/RIBASoniaPereira.jpg\" alt=\"\" class=\"wp-image-221813\" srcset=\"https:\/\/tucomarca.whitekongsoftware.com\/wp-content\/uploads\/2024\/05\/RIBASoniaPereira.jpg 886w, https:\/\/tucomarca.whitekongsoftware.com\/wp-content\/uploads\/2024\/05\/RIBASoniaPereira-300x252.jpg 300w, https:\/\/tucomarca.whitekongsoftware.com\/wp-content\/uploads\/2024\/05\/RIBASoniaPereira-768x644.jpg 768w\" sizes=\"auto, (max-width: 886px) 100vw, 886px\" \/><\/figure>\n\n\n\n<figure class=\"wp-block-image size-large\"><img loading=\"lazy\" decoding=\"async\" width=\"886\" height=\"743\" data-id=\"221815\" src=\"https:\/\/www.tucomarca.com\/wordpress\/segunda\/wp-content\/uploads\/2024\/05\/RIBASoniaPereira2.jpg\" alt=\"\" class=\"wp-image-221815\" srcset=\"https:\/\/tucomarca.whitekongsoftware.com\/wp-content\/uploads\/2024\/05\/RIBASoniaPereira2.jpg 886w, https:\/\/tucomarca.whitekongsoftware.com\/wp-content\/uploads\/2024\/05\/RIBASoniaPereira2-300x252.jpg 300w, https:\/\/tucomarca.whitekongsoftware.com\/wp-content\/uploads\/2024\/05\/RIBASoniaPereira2-768x644.jpg 768w\" sizes=\"auto, (max-width: 886px) 100vw, 886px\" \/><\/figure>\n\n\n\n<figure class=\"wp-block-image size-large\"><img loading=\"lazy\" decoding=\"async\" width=\"886\" height=\"670\" data-id=\"221817\" src=\"https:\/\/www.tucomarca.com\/wordpress\/segunda\/wp-content\/uploads\/2024\/05\/RIBAVicenteContelles.jpg\" alt=\"\" class=\"wp-image-221817\" srcset=\"https:\/\/tucomarca.whitekongsoftware.com\/wp-content\/uploads\/2024\/05\/RIBAVicenteContelles.jpg 886w, https:\/\/tucomarca.whitekongsoftware.com\/wp-content\/uploads\/2024\/05\/RIBAVicenteContelles-300x227.jpg 300w, https:\/\/tucomarca.whitekongsoftware.com\/wp-content\/uploads\/2024\/05\/RIBAVicenteContelles-768x581.jpg 768w, https:\/\/tucomarca.whitekongsoftware.com\/wp-content\/uploads\/2024\/05\/RIBAVicenteContelles-80x60.jpg 80w\" sizes=\"auto, (max-width: 886px) 100vw, 886px\" \/><\/figure>\n\n\n\n<figure class=\"wp-block-image size-large\"><img loading=\"lazy\" decoding=\"async\" width=\"886\" height=\"590\" data-id=\"221809\" src=\"https:\/\/www.tucomarca.com\/wordpress\/segunda\/wp-content\/uploads\/2024\/05\/RIBAMartinaGil.jpg\" alt=\"\" class=\"wp-image-221809\" srcset=\"https:\/\/tucomarca.whitekongsoftware.com\/wp-content\/uploads\/2024\/05\/RIBAMartinaGil.jpg 886w, https:\/\/tucomarca.whitekongsoftware.com\/wp-content\/uploads\/2024\/05\/RIBAMartinaGil-300x200.jpg 300w, https:\/\/tucomarca.whitekongsoftware.com\/wp-content\/uploads\/2024\/05\/RIBAMartinaGil-768x511.jpg 768w\" sizes=\"auto, (max-width: 886px) 100vw, 886px\" \/><\/figure>\n<\/figure>\n\n\n\n<p class=\"wp-block-paragraph\">La felicitaci\u00f3 s&#8217;est\u00e9n, tamb\u00e9, a Martina Gil Olmeda, gimnasta aer\u00f2bica, per la consecuci\u00f3 de dues medalles d&#8217;or en el campionat celebrat a Montcada en la categoria juny individual i grup, i l&#8217;obtenci\u00f3 de medalla de bronze en la categoria de grups i or en trios. Tamb\u00e9, a Alejandro i Marco Barrachina, nadadors, per la seua condici\u00f3 de finalistes amb la selecci\u00f3 valenciana en el campionat de nataci\u00f3 celebrat a Cadis.&nbsp;<\/p>\n\n\n\n<p class=\"wp-block-paragraph\">La declaraci\u00f3 del ple de Riba-roja de T\u00faria destaca, a m\u00e9s, a Rub\u00e9n Burgos, entrenador del Val\u00e8ncia Basket femen\u00ed, per la seua consecuci\u00f3 de la Copa de la Reina, primer t\u00edtol d&#8217;aquesta competici\u00f3 per a l&#8217;entitat valenciana; el ple ha felicitat, tamb\u00e9, a Sonia Pereira, karaketa del club Karate Kenkyo (kihaku sport) per la seua vict\u00f2ria aconseguida en el campionat d&#8217;Espanya de menys de 55 quilos en la categoria absoluta celebrat a la ciutat de Pontevedra, a principis d&#8217;abril.&nbsp;<br>La declaraci\u00f3 institucional aprovada per unanimitat de tots els grups del ple de Riba-roja de T\u00faria conclou amb el desig que els \u00e8xits esportius aconseguits \u201creflexos del treball i la dedicaci\u00f3 \u201ctinguen una prolongada continu\u00eftat en el temps, s&#8217;aconseguisquen noves metes i objectius i, per conseg\u00fcent, gaudim conjuntament de l&#8217;esport local i els nostres brillants representants\u201d.&nbsp;<\/p>\n\n\n\n<p class=\"wp-block-paragraph\">Finalment, l&#8217;alcalde de Riba-roja de T\u00faria, Robert Raga, ha destacat \u201cl&#8217;enorme treball que duen a terme tots els nostres esportistes en el seu dia a dia que han de compaginar amb els seus estudis o treballs per a aconseguir uns \u00e8xits que permeten portar el nom de la localitat per tots els racons d&#8217;Espanya i, per aix\u00f2, han de tindre un reconeixement p\u00fablic per la impressionant labor que realitzen\u201d.<\/p>\n","protected":false},"excerpt":{"rendered":"<div class=\"mh-excerpt\">La sessi\u00f3 plen\u00e0ria avala els assoliments individuals aconseguits pels esportistes que es tradueixen en una promoci\u00f3 i reconeixement al municipi. El ple de l&#8217;Ajuntament de Riba-roja de T\u00faria ha aprovat per unanimitat una felicitaci\u00f3 conjunta <a class=\"mh-excerpt-more\" href=\"https:\/\/tucomarca.whitekongsoftware.com\/ca\/el-ple-de-riba-roja-de-turia-felicita-7-esportistes-del-municipi-pels-seus-exits-aconseguits-a-base-desforc-i-dedicacio\/\" title=\"El ple de Riba-roja de T\u00faria felicita 7 esportistes del municipi pels seus \u00e8xits aconseguits \u201ca base d&#8217;esfor\u00e7 i dedicaci\u00f3\u201d\u00a0\">[+] <\/a><\/div>\n","protected":false},"author":12,"featured_media":221821,"comment_status":"open","ping_status":"open","sticky":false,"template":"","format":"gallery","meta":{"footnotes":""},"categories":[10892,11003,10894,11009,10947,10906,10896],"tags":[10899,15024],"class_list":["post-221822","post","type-post","status-publish","format-gallery","has-post-thumbnail","category-camp-de-turia-ca","category-sports","category-la-comarca-ca","category-polideportivo-ca","category-politica","category-riba-roja-ca","category-seccion-ca","tag-camp-de-turia-ca","tag-riba-roja-de-turia-ca","post_format-post-format-gallery"],"_links":{"self":[{"href":"https:\/\/tucomarca.whitekongsoftware.com\/ca\/wp-json\/wp\/v2\/posts\/221822","targetHints":{"allow":["GET"]}}],"collection":[{"href":"https:\/\/tucomarca.whitekongsoftware.com\/ca\/wp-json\/wp\/v2\/posts"}],"about":[{"href":"https:\/\/tucomarca.whitekongsoftware.com\/ca\/wp-json\/wp\/v2\/types\/post"}],"author":[{"embeddable":true,"href":"https:\/\/tucomarca.whitekongsoftware.com\/ca\/wp-json\/wp\/v2\/users\/12"}],"replies":[{"embeddable":true,"href":"https:\/\/tucomarca.whitekongsoftware.com\/ca\/wp-json\/wp\/v2\/comments?post=221822"}],"version-history":[{"count":0,"href":"https:\/\/tucomarca.whitekongsoftware.com\/ca\/wp-json\/wp\/v2\/posts\/221822\/revisions"}],"wp:featuredmedia":[{"embeddable":true,"href":"https:\/\/tucomarca.whitekongsoftware.com\/ca\/wp-json\/wp\/v2\/media\/221821"}],"wp:attachment":[{"href":"https:\/\/tucomarca.whitekongsoftware.com\/ca\/wp-json\/wp\/v2\/media?parent=221822"}],"wp:term":[{"taxonomy":"category","embeddable":true,"href":"https:\/\/tucomarca.whitekongsoftware.com\/ca\/wp-json\/wp\/v2\/categories?post=221822"},{"taxonomy":"post_tag","embeddable":true,"href":"https:\/\/tucomarca.whitekongsoftware.com\/ca\/wp-json\/wp\/v2\/tags?post=221822"}],"curies":[{"name":"wp","href":"https:\/\/api.w.org\/{rel}","templated":true}]}}