{"id":221778,"date":"2024-05-03T09:55:00","date_gmt":"2024-05-03T07:55:00","guid":{"rendered":"https:\/\/www.tucomarca.com\/wordpress\/segunda\/?p=221778"},"modified":"2024-05-03T16:07:49","modified_gmt":"2024-05-03T14:07:49","slug":"benaguasil-inaugura-el-projecte-yepic-amb-unes-jornades-per-a-involucrar-a-la-joventut-en-els-assumptes-europeus-i-en-lagenda-2030","status":"publish","type":"post","link":"https:\/\/tucomarca.whitekongsoftware.com\/ca\/benaguasil-inaugura-el-projecte-yepic-amb-unes-jornades-per-a-involucrar-a-la-joventut-en-els-assumptes-europeus-i-en-lagenda-2030\/","title":{"rendered":"Benaguasil inaugura el projecte YEPIC amb unes jornades per a involucrar a la joventut en els assumptes europeus i en l&#8217;agenda 2030"},"content":{"rendered":"\n<h3 class=\"wp-block-heading\">Uns 50 alumnes de l&#8217;IES Benaguasil han participat en aquest projecte europeu que lidera l&#8217;Ajuntament de Benaguasil, en el marc de les Activitats de Participaci\u00f3 Juvenil del Programa Erasmus+.<\/h3>\n\n\n\n<h3 class=\"wp-block-heading\">L&#8217;alcalde, Ximo Segarra ha destacat en la inauguraci\u00f3 la import\u00e0ncia d&#8217;aquesta mena de projectes per a fomentar la participaci\u00f3 dels joves en la vida democr\u00e0tica.<\/h3>\n\n\n\n<p class=\"wp-block-paragraph\">L&#8217;Ajuntament de Benaguasil ha donat inici al projecte europeu YEPIC (Youth Engagement in European Affairs), amb unes jornades en les quals han participat uns 50 joves d&#8217;entre 13 i 15 anys de l&#8217;equip de mediaci\u00f3 de l&#8217;IES Benaguasil. El programa, finan\u00e7at pel programa Erasmus + a trav\u00e9s del INJUVE, t\u00e9 com a objectiu acostar i formar als joves en assumptes europeus i fomentar una major consci\u00e8ncia i acci\u00f3 entorn dels Objectius de Desenvolupament Sostenible (ODS).<\/p>\n\n\n\n<p class=\"wp-block-paragraph\">La primera activitat, \u201cConstruint el futur sostenible de la nostra ciutat\u201d ha comptat amb la participaci\u00f3 de l&#8217;alcalde que ha inaugurat la jornada, i amb la col\u00b7laboraci\u00f3 de les empreses locals Benclinic i Desballestament Cort\u00e9s que han dut a terme pon\u00e8ncies relacionades amb la sostenibilitat ambiental, veient com apliquen mesures sostenibles en les seues empreses.<br>La segona jornada \u201cPresentaci\u00f3 de la Uni\u00f3 Europea i els ODS,\u201d ha incl\u00f2s sessions informatives sobre la Uni\u00f3 Europea, l&#8217;Agenda 2030 i els Objectius de Desenvolupament Sostenible (ODS) mitjan\u00e7ant activitats de conscienciaci\u00f3, capacitaci\u00f3 i sensibilitzaci\u00f3 d&#8217;accions en l&#8217;\u00e0mbit local que contribu\u00efsquen a la consecuci\u00f3 dels ODS.<br>A m\u00e9s de tindre l&#8217;oportunitat de comprendre com aquests objectius globals impacten en les seues vides i en el futur del planeta, l&#8217;alumnat ha treballat en grups, proposant idees i iniciatives per a buscar un desenvolupament econ\u00f2mic, social i mediambiental sostenible per al municipi. Per a aix\u00f2 s&#8217;ha dut a terme un taller d&#8217;orat\u00f2ria en el qual els joves han apr\u00e9s habilitats de gesti\u00f3 de projectes i de comunicaci\u00f3.<br>El projecte tindr\u00e0 continu\u00eftat amb una tercera jornada en la qual cada grup presentar\u00e0 a l&#8217;Ajuntament la seua proposta, finalitzant amb un viatge a Brussel\u00b7les en el qual 10 joves coneixeran les principals institucions europees.<\/p>\n\n\n\n<figure class=\"wp-block-image size-full is-resized\"><img loading=\"lazy\" decoding=\"async\" width=\"886\" height=\"665\" src=\"http:\/\/www.tucomarca.com\/wordpress\/segunda\/wp-content\/uploads\/2024\/05\/BenaguasilProyYepic2.jpg\" alt=\"\" class=\"wp-image-221775\" style=\"width:839px;height:auto\" srcset=\"https:\/\/tucomarca.whitekongsoftware.com\/wp-content\/uploads\/2024\/05\/BenaguasilProyYepic2.jpg 886w, https:\/\/tucomarca.whitekongsoftware.com\/wp-content\/uploads\/2024\/05\/BenaguasilProyYepic2-300x225.jpg 300w, https:\/\/tucomarca.whitekongsoftware.com\/wp-content\/uploads\/2024\/05\/BenaguasilProyYepic2-768x576.jpg 768w, https:\/\/tucomarca.whitekongsoftware.com\/wp-content\/uploads\/2024\/05\/BenaguasilProyYepic2-678x509.jpg 678w, https:\/\/tucomarca.whitekongsoftware.com\/wp-content\/uploads\/2024\/05\/BenaguasilProyYepic2-326x245.jpg 326w, https:\/\/tucomarca.whitekongsoftware.com\/wp-content\/uploads\/2024\/05\/BenaguasilProyYepic2-80x60.jpg 80w\" sizes=\"auto, (max-width: 886px) 100vw, 886px\" \/><\/figure>\n\n\n\n<p class=\"wp-block-paragraph\"><strong>Sobre el projecte YEPIC<br><\/strong>Est \u00e9s el segon projecte que Benaguasil implementa sota aquesta convocat\u00f2ria en resposta a la creixent demanda dels joves de participar en activitats d&#8217;aquest tipus.&nbsp;<br>Amb aquest projecte es dona continu\u00eftat als reeixits resultats del projecte BRIDGE2030 que va donar l&#8217;oportunitat a joves del municipi de formar-se en els ODS i proposar iniciatives que ajudaren a la consecuci\u00f3 de l&#8217;Agenda 2030 a Benaguasil.<\/p>\n","protected":false},"excerpt":{"rendered":"<div class=\"mh-excerpt\">Uns 50 alumnes de l&#8217;IES Benaguasil han participat en aquest projecte europeu que lidera l&#8217;Ajuntament de Benaguasil, en el marc de les Activitats de Participaci\u00f3 Juvenil del Programa Erasmus+. L&#8217;alcalde, Ximo Segarra ha destacat en <a class=\"mh-excerpt-more\" href=\"https:\/\/tucomarca.whitekongsoftware.com\/ca\/benaguasil-inaugura-el-projecte-yepic-amb-unes-jornades-per-a-involucrar-a-la-joventut-en-els-assumptes-europeus-i-en-lagenda-2030\/\" title=\"Benaguasil inaugura el projecte YEPIC amb unes jornades per a involucrar a la joventut en els assumptes europeus i en l&#8217;agenda 2030\">[+] <\/a><\/div>\n","protected":false},"author":12,"featured_media":221774,"comment_status":"open","ping_status":"open","sticky":false,"template":"","format":"standard","meta":{"footnotes":""},"categories":[10952,10892,10894,11007,10947,10896],"tags":[11136,10899,20448,18340],"class_list":["post-221778","post","type-post","status-publish","format-standard","has-post-thumbnail","category-benaguasil-ca","category-camp-de-turia-ca","category-la-comarca-ca","category-ocio-y-cultura-ca","category-politica","category-seccion-ca","tag-benaguasil-ca","tag-camp-de-turia-ca","tag-proyecto-yepic-ca","tag-proyectos-europeos-ca"],"_links":{"self":[{"href":"https:\/\/tucomarca.whitekongsoftware.com\/ca\/wp-json\/wp\/v2\/posts\/221778","targetHints":{"allow":["GET"]}}],"collection":[{"href":"https:\/\/tucomarca.whitekongsoftware.com\/ca\/wp-json\/wp\/v2\/posts"}],"about":[{"href":"https:\/\/tucomarca.whitekongsoftware.com\/ca\/wp-json\/wp\/v2\/types\/post"}],"author":[{"embeddable":true,"href":"https:\/\/tucomarca.whitekongsoftware.com\/ca\/wp-json\/wp\/v2\/users\/12"}],"replies":[{"embeddable":true,"href":"https:\/\/tucomarca.whitekongsoftware.com\/ca\/wp-json\/wp\/v2\/comments?post=221778"}],"version-history":[{"count":0,"href":"https:\/\/tucomarca.whitekongsoftware.com\/ca\/wp-json\/wp\/v2\/posts\/221778\/revisions"}],"wp:featuredmedia":[{"embeddable":true,"href":"https:\/\/tucomarca.whitekongsoftware.com\/ca\/wp-json\/wp\/v2\/media\/221774"}],"wp:attachment":[{"href":"https:\/\/tucomarca.whitekongsoftware.com\/ca\/wp-json\/wp\/v2\/media?parent=221778"}],"wp:term":[{"taxonomy":"category","embeddable":true,"href":"https:\/\/tucomarca.whitekongsoftware.com\/ca\/wp-json\/wp\/v2\/categories?post=221778"},{"taxonomy":"post_tag","embeddable":true,"href":"https:\/\/tucomarca.whitekongsoftware.com\/ca\/wp-json\/wp\/v2\/tags?post=221778"}],"curies":[{"name":"wp","href":"https:\/\/api.w.org\/{rel}","templated":true}]}}