{"id":221750,"date":"2024-05-03T14:00:00","date_gmt":"2024-05-03T12:00:00","guid":{"rendered":"https:\/\/www.tucomarca.com\/wordpress\/segunda\/?p=221750"},"modified":"2024-05-03T14:03:33","modified_gmt":"2024-05-03T12:03:33","slug":"video-diputacio-de-valencia-llanca-un-premi-de-literatura-de-no-ficcio-i-un-altre-dassaig-sobre-memoria-democratica","status":"publish","type":"post","link":"https:\/\/tucomarca.whitekongsoftware.com\/ca\/video-diputacio-de-valencia-llanca-un-premi-de-literatura-de-no-ficcio-i-un-altre-dassaig-sobre-memoria-democratica\/","title":{"rendered":"V\u00eddeo: la Diputaci\u00f3 de Val\u00e8ncia llan\u00e7a un premi de literatura de no ficci\u00f3 i un altre d&#8217;assaig sobre Mem\u00f2ria Democr\u00e0tica"},"content":{"rendered":"\n<figure class=\"wp-block-embed is-type-video is-provider-youtube wp-block-embed-youtube wp-embed-aspect-16-9 wp-has-aspect-ratio\"><div class=\"wp-block-embed__wrapper\">\n<iframe loading=\"lazy\" title=\"Diputaci\u00f3 llan\u00e7a un premi de literatura de no ficci\u00f3 i un altre d&#039;assaig sobre Mem\u00f2ria Democr\u00e0tica\" width=\"500\" height=\"281\" src=\"https:\/\/www.youtube.com\/embed\/zszPsmm3rD4?feature=oembed\" frameborder=\"0\" allow=\"accelerometer; autoplay; clipboard-write; encrypted-media; gyroscope; picture-in-picture; web-share\" referrerpolicy=\"strict-origin-when-cross-origin\" allowfullscreen><\/iframe>\n<\/div><\/figure>\n\n\n\n<p class=\"wp-block-paragraph\">L&#8217;\u00e0rea de Mem\u00f2ria Democr\u00e0tica que dirigix la vicepresidenta, Nat\u00e0lia Enguix, s&#8217;alia amb l&#8217;editorial de la Diputaci\u00f3, la Instituci\u00f3 Alfons el Magn\u00e0nim, per a crear un certamen de refer\u00e8ncia en la creaci\u00f3 escrita sobre hist\u00f2ria.<\/p>\n","protected":false},"excerpt":{"rendered":"<div class=\"mh-excerpt\">L&#8217;\u00e0rea de Mem\u00f2ria Democr\u00e0tica que dirigix la vicepresidenta, Nat\u00e0lia Enguix, s&#8217;alia amb l&#8217;editorial de la Diputaci\u00f3, la Instituci\u00f3 Alfons el Magn\u00e0nim, per a crear un certamen de refer\u00e8ncia en la creaci\u00f3 escrita sobre hist\u00f2ria.<\/div>\n","protected":false},"author":1,"featured_media":221748,"comment_status":"open","ping_status":"open","sticky":false,"template":"","format":"video","meta":{"footnotes":""},"categories":[20600,10948,10894,10904,20456,10947,10896,11062],"tags":[11246,20545,20262],"class_list":["post-221750","post","type-post","status-publish","format-video","has-post-thumbnail","category-area-memoria-democratica-ca","category-infraestructuras-ca","category-la-comarca-ca","category-sin-categorizar-ca","category-la-diputacio-de-valencia-informa-ca","category-politica","category-seccion-ca","category-videos","tag-diputacio-de-valencia-ca","tag-natalia-ca","tag-natalia-enguix-ca","post_format-post-format-video"],"_links":{"self":[{"href":"https:\/\/tucomarca.whitekongsoftware.com\/ca\/wp-json\/wp\/v2\/posts\/221750","targetHints":{"allow":["GET"]}}],"collection":[{"href":"https:\/\/tucomarca.whitekongsoftware.com\/ca\/wp-json\/wp\/v2\/posts"}],"about":[{"href":"https:\/\/tucomarca.whitekongsoftware.com\/ca\/wp-json\/wp\/v2\/types\/post"}],"author":[{"embeddable":true,"href":"https:\/\/tucomarca.whitekongsoftware.com\/ca\/wp-json\/wp\/v2\/users\/1"}],"replies":[{"embeddable":true,"href":"https:\/\/tucomarca.whitekongsoftware.com\/ca\/wp-json\/wp\/v2\/comments?post=221750"}],"version-history":[{"count":0,"href":"https:\/\/tucomarca.whitekongsoftware.com\/ca\/wp-json\/wp\/v2\/posts\/221750\/revisions"}],"wp:featuredmedia":[{"embeddable":true,"href":"https:\/\/tucomarca.whitekongsoftware.com\/ca\/wp-json\/wp\/v2\/media\/221748"}],"wp:attachment":[{"href":"https:\/\/tucomarca.whitekongsoftware.com\/ca\/wp-json\/wp\/v2\/media?parent=221750"}],"wp:term":[{"taxonomy":"category","embeddable":true,"href":"https:\/\/tucomarca.whitekongsoftware.com\/ca\/wp-json\/wp\/v2\/categories?post=221750"},{"taxonomy":"post_tag","embeddable":true,"href":"https:\/\/tucomarca.whitekongsoftware.com\/ca\/wp-json\/wp\/v2\/tags?post=221750"}],"curies":[{"name":"wp","href":"https:\/\/api.w.org\/{rel}","templated":true}]}}