{"id":221725,"date":"2024-05-03T10:00:00","date_gmt":"2024-05-03T08:00:00","guid":{"rendered":"https:\/\/www.tucomarca.com\/wordpress\/segunda\/?p=221725"},"modified":"2024-05-03T10:03:27","modified_gmt":"2024-05-03T08:03:27","slug":"reme-mazzolari-que-lalcalde-de-compromis-li-retire-les-competencies-de-pagament-al-seu-soci-de-govern-del-psoe-es-un-simptoma-de-desconfianca","status":"publish","type":"post","link":"https:\/\/tucomarca.whitekongsoftware.com\/ca\/reme-mazzolari-que-lalcalde-de-compromis-li-retire-les-competencies-de-pagament-al-seu-soci-de-govern-del-psoe-es-un-simptoma-de-desconfianca\/","title":{"rendered":"Reme Mazzolari: \u201cQue l&#8217;alcalde de Comprom\u00eds li retire les compet\u00e8ncies de pagament al seu soci de Govern del PSOE \u00e9s un s\u00edmptoma de desconfian\u00e7a\u201d"},"content":{"rendered":"\n<h3 class=\"wp-block-heading\">La portaveu popular Reme Mazzolari ha afirmat que des del PP &#8220;venim denunciant des de la investidura del govern de coalici\u00f3 entre Comprom\u00eds-MOVE i PSPV, que era un pacte de conveni\u00e8ncia incubat des del recel\u201d.<\/h3>\n\n\n\n<h3 class=\"wp-block-heading\">Assegura que el fet &#8220;que l&#8217;alcalde li lleve la clau de la caixa al primer tinent d&#8217;alcalde sense haver complit el primer any del seu pacte, ens genera molts dubtes per al que queda de legislatura\u201d.<\/h3>\n\n\n<div class=\"wp-block-image\">\n<figure class=\"alignleft size-full is-resized\"><img loading=\"lazy\" decoding=\"async\" width=\"770\" height=\"579\" src=\"http:\/\/www.tucomarca.com\/wordpress\/segunda\/wp-content\/uploads\/2023\/06\/LliriaPacto1.jpg\" alt=\"\" class=\"wp-image-188789\" style=\"width:396px;height:auto\" srcset=\"https:\/\/tucomarca.whitekongsoftware.com\/wp-content\/uploads\/2023\/06\/LliriaPacto1.jpg 770w, https:\/\/tucomarca.whitekongsoftware.com\/wp-content\/uploads\/2023\/06\/LliriaPacto1-300x226.jpg 300w, https:\/\/tucomarca.whitekongsoftware.com\/wp-content\/uploads\/2023\/06\/LliriaPacto1-768x577.jpg 768w, https:\/\/tucomarca.whitekongsoftware.com\/wp-content\/uploads\/2023\/06\/LliriaPacto1-678x509.jpg 678w, https:\/\/tucomarca.whitekongsoftware.com\/wp-content\/uploads\/2023\/06\/LliriaPacto1-326x245.jpg 326w, https:\/\/tucomarca.whitekongsoftware.com\/wp-content\/uploads\/2023\/06\/LliriaPacto1-80x60.jpg 80w\" sizes=\"auto, (max-width: 770px) 100vw, 770px\" \/><figcaption class=\"wp-element-caption\"><em><strong>Moment de la signatura de l&#8217;acord entre Comprom\u00eds i PSOE en 2023.<\/strong><\/em><\/figcaption><\/figure>\n<\/div>\n\n\n<p class=\"wp-block-paragraph\">Despr\u00e9s de la retirada de compet\u00e8ncies d&#8217;ordenacions de pagaments per part de l&#8217;alcalde de Ll\u00edria, Joanma Miguel, de Comprom\u00eds, al seu soci de govern, el socialista Francisco Gorrea; la portaveu del Grup Municipal del Partit Popular a l&#8217;Ajuntament de la localitat, Reme Mazzolari, l&#8217;ha titllada de ser &#8220;un s\u00edmptoma de desconfian\u00e7a\u201d.<\/p>\n\n\n\n<p class=\"wp-block-paragraph\">Mazzolari s&#8217;ha pronunciat d&#8217;aquesta manera despr\u00e9s que en l&#8217;\u00faltim ple municipal s&#8217;adonara de la decisi\u00f3 de l&#8217;alcalde, Joanma Miguel, d&#8217;assumir les compet\u00e8ncies d&#8217;ordenaci\u00f3 de pagament en detriment del primer tinent d&#8217;alcalde, Paco Gorrea.<\/p>\n\n\n\n<p class=\"wp-block-paragraph\">Una retirada de compet\u00e8ncies que no sols afecta a l&#8217;ordenaci\u00f3 de pagaments, sin\u00f3 que tamb\u00e9 aconsegueix a les compet\u00e8ncies d&#8217;adquisici\u00f3, alienaci\u00f3 i utilitzaci\u00f3 de b\u00e9ns municipals; a m\u00e9s de la gesti\u00f3 i control dels edificis i instal\u00b7lacions de \u2018El Prat\u2019; aix\u00ed com de l&#8217;inventari de b\u00e9ns municipals i la recaptaci\u00f3 i gesti\u00f3 tribut\u00e0ria.<\/p>\n\n\n\n<p class=\"wp-block-paragraph\">En aquest sentit, la portaveu popular ha assegurat &#8220;que les explicacions de l&#8217;alcalde no se sustenten des de la l\u00f2gica del normal funcionament d&#8217;un Ajuntament. En el PP venim denunciant des de la investidura del govern de coalici\u00f3 entre Comprom\u00eds-MOVE i PSPV, que era un pacte de conveni\u00e8ncia incubat des del recel\u201d. El Pacte de L&#8217;Almod\u00ed va n\u00e0ixer amb dubtes entre ells i aix\u00f2 \u00e9s una cosa que ten\u00edem clar que anava a repercutir en la mala praxi de govern\u201d.<\/p>\n\n\n\n<p class=\"wp-block-paragraph\">Per part seua, l&#8217;alcalde ha assegurat que aquesta retirada de compet\u00e8ncies obeeix &#8220;a una q\u00fcesti\u00f3 purament t\u00e8cnica, no pol\u00edtica&#8221; i l&#8217;ha titllada de ser &#8220;una formalitat&#8221;, ja que &#8220;implementem aquesta resoluci\u00f3 per recomanaci\u00f3 tant de Tresoreria com de Secretaria, a la recerca d&#8217;una seguretat jur\u00eddica&#8221;, tal com ha trascendit.\u00a0<\/p>\n\n\n\n<p class=\"wp-block-paragraph\">&#8220;<strong>Una resposta que no conven\u00e7<\/strong>&#8220;<\/p>\n\n\n<div class=\"wp-block-image\">\n<figure class=\"alignright size-full is-resized\"><img loading=\"lazy\" decoding=\"async\" width=\"1024\" height=\"683\" src=\"http:\/\/www.tucomarca.com\/wordpress\/segunda\/wp-content\/uploads\/2023\/06\/MazzolariLliria.jpg\" alt=\"\" class=\"wp-image-189567\" style=\"width:370px;height:auto\" srcset=\"https:\/\/tucomarca.whitekongsoftware.com\/wp-content\/uploads\/2023\/06\/MazzolariLliria.jpg 1024w, https:\/\/tucomarca.whitekongsoftware.com\/wp-content\/uploads\/2023\/06\/MazzolariLliria-300x200.jpg 300w, https:\/\/tucomarca.whitekongsoftware.com\/wp-content\/uploads\/2023\/06\/MazzolariLliria-768x512.jpg 768w\" sizes=\"auto, (max-width: 1024px) 100vw, 1024px\" \/><figcaption class=\"wp-element-caption\"><em><strong>La portavoz Reme Mazzolari.<\/strong><\/em><\/figcaption><\/figure>\n<\/div>\n\n\n<p class=\"wp-block-paragraph\">Reme Mazzolari ha recordat que des del PP &#8220;preguntem en el ple per aquesta decisi\u00f3, per\u00f2 la resposta de l&#8217;alcalde no se subjecta perqu\u00e8 si fora un tema t\u00e8cnic i de funcionament aconsellat per Tresoreria, hauria d&#8217;haver sigut aix\u00ed des del minut un, per tant, o \u00e9s una falta de confian\u00e7a entre els socis de Govern o \u00e9s una neglig\u00e8ncia estructural del propi equip de Govern i el seu funcionament. Totes dues coses no ens estranyen\u201d.<\/p>\n\n\n\n<p class=\"wp-block-paragraph\">Aix\u00ed mateix, la dirigent popular ha explicat que aquesta mesura \u00e9s &#8220;una mostra m\u00e9s que no es fien els uns dels altres. El que oc\u00f3rrega entre ells no ens importa, el que ens importa \u00e9s que aquesta situaci\u00f3 redunda de manera negativa en els ciutadans i ciutadanes de Ll\u00edria\u201d.<\/p>\n\n\n\n<p class=\"wp-block-paragraph\">Igualment, ha assegurat que retirar les compet\u00e8ncies &#8220;en una cosa tan important com \u00e9s la regidoria d&#8217;Hisenda, \u00e9s a dir, la que maneja els diners de l&#8217;Ajuntament, i quan encara no s&#8217;ha complit el primer any de la legislatura, \u00e9s un s\u00edmptoma inequ\u00edvoc de desconfian\u00e7a\u201d.<\/p>\n\n\n\n<p class=\"wp-block-paragraph\">&#8220;<strong>Pacte sense consist\u00e8ncia<\/strong>&#8220;<\/p>\n\n\n\n<p class=\"wp-block-paragraph\">\u201cSabem que el pacte va n\u00e0ixer sense consist\u00e8ncia i s&#8217;est\u00e0 demostrant amb fets. El repartiment de regidories en les quals un partit no pot entrar en la de l&#8217;altre, genera situacions a vegades rocambolesques que hem denunciat des del Partit Popular. Llevar diners de la partida de foment d&#8217;ocupaci\u00f3, per a donar-li-ho a la partida de festes, grinyola, com menys; per\u00f2 estan obligats a governar aix\u00ed perqu\u00e8 les compet\u00e8ncies estan dividides i blindades\u201d, ha explicat la portaveu.<\/p>\n\n\n\n<p class=\"wp-block-paragraph\">Finalment, la dirigent popular ha subratllat que, un any despr\u00e9s del pacte, &#8220;l&#8217;alcalde ha vist que ha de recuperar la clau de la caixa i aix\u00f2, vulguen o no dissimular o vestir-ho d&#8217;una altra manera, genera molts dubtes quant al seu pacte de governabilitat, no \u00e9s seri\u00f3s per part d&#8217;un Ajuntament tan important com el de Ll\u00edria\u201d; i ha afegit que el fet que l&#8217;alcalde &#8220;li lleve la clau de la caixa al primer tinent d&#8217;alcalde sense haver complit el primer any del seu pacte, ens genera molts dubtes per al que queda de legislatura\u201d.<\/p>\n","protected":false},"excerpt":{"rendered":"<div class=\"mh-excerpt\">La portaveu popular Reme Mazzolari ha afirmat que des del PP &#8220;venim denunciant des de la investidura del govern de coalici\u00f3 entre Comprom\u00eds-MOVE i PSPV, que era un pacte de conveni\u00e8ncia incubat des del recel\u201d. <a class=\"mh-excerpt-more\" href=\"https:\/\/tucomarca.whitekongsoftware.com\/ca\/reme-mazzolari-que-lalcalde-de-compromis-li-retire-les-competencies-de-pagament-al-seu-soci-de-govern-del-psoe-es-un-simptoma-de-desconfianca\/\" title=\"Reme Mazzolari: \u201cQue l&#8217;alcalde de Comprom\u00eds li retire les compet\u00e8ncies de pagament al seu soci de Govern del PSOE \u00e9s un s\u00edmptoma de desconfian\u00e7a\u201d\">[+] <\/a><\/div>\n","protected":false},"author":1,"featured_media":188790,"comment_status":"open","ping_status":"open","sticky":false,"template":"","format":"standard","meta":{"footnotes":""},"categories":[10892,10948,10894,10904,10928,10947,10896],"tags":[10899,11519,11070,11140,11319],"class_list":["post-221725","post","type-post","status-publish","format-standard","has-post-thumbnail","category-camp-de-turia-ca","category-infraestructuras-ca","category-la-comarca-ca","category-sin-categorizar-ca","category-lliria-ca","category-politica","category-seccion-ca","tag-camp-de-turia-ca","tag-compromis-ca","tag-lliria-ca","tag-politica-ca","tag-pspv-psoe-ca"],"_links":{"self":[{"href":"https:\/\/tucomarca.whitekongsoftware.com\/ca\/wp-json\/wp\/v2\/posts\/221725","targetHints":{"allow":["GET"]}}],"collection":[{"href":"https:\/\/tucomarca.whitekongsoftware.com\/ca\/wp-json\/wp\/v2\/posts"}],"about":[{"href":"https:\/\/tucomarca.whitekongsoftware.com\/ca\/wp-json\/wp\/v2\/types\/post"}],"author":[{"embeddable":true,"href":"https:\/\/tucomarca.whitekongsoftware.com\/ca\/wp-json\/wp\/v2\/users\/1"}],"replies":[{"embeddable":true,"href":"https:\/\/tucomarca.whitekongsoftware.com\/ca\/wp-json\/wp\/v2\/comments?post=221725"}],"version-history":[{"count":0,"href":"https:\/\/tucomarca.whitekongsoftware.com\/ca\/wp-json\/wp\/v2\/posts\/221725\/revisions"}],"wp:featuredmedia":[{"embeddable":true,"href":"https:\/\/tucomarca.whitekongsoftware.com\/ca\/wp-json\/wp\/v2\/media\/188790"}],"wp:attachment":[{"href":"https:\/\/tucomarca.whitekongsoftware.com\/ca\/wp-json\/wp\/v2\/media?parent=221725"}],"wp:term":[{"taxonomy":"category","embeddable":true,"href":"https:\/\/tucomarca.whitekongsoftware.com\/ca\/wp-json\/wp\/v2\/categories?post=221725"},{"taxonomy":"post_tag","embeddable":true,"href":"https:\/\/tucomarca.whitekongsoftware.com\/ca\/wp-json\/wp\/v2\/tags?post=221725"}],"curies":[{"name":"wp","href":"https:\/\/api.w.org\/{rel}","templated":true}]}}