{"id":221702,"date":"2024-05-03T09:00:00","date_gmt":"2024-05-03T07:00:00","guid":{"rendered":"https:\/\/www.tucomarca.com\/wordpress\/segunda\/?p=221702"},"modified":"2024-05-03T13:34:50","modified_gmt":"2024-05-03T11:34:50","slug":"el-pp-de-leliana-presenta-un-pla-de-pagament-dimpostos-prorratejat-en-12-mesos","status":"publish","type":"post","link":"https:\/\/tucomarca.whitekongsoftware.com\/ca\/el-pp-de-leliana-presenta-un-pla-de-pagament-dimpostos-prorratejat-en-12-mesos\/","title":{"rendered":"El PP de l&#8217;Eliana presenta un pla de pagament d&#8217;impostos prorratejat en 12 mesos"},"content":{"rendered":"\n<p class=\"wp-block-paragraph\">El&nbsp;Partit Popular&nbsp;de L&#8217;Eliana, de mans del seu regidor Carmen Fern\u00e1ndez Aleixandre,&nbsp;ha presentat un pla de pagaments d&#8217;impostos, amb l&#8217;objectiu de facilitar el compliment de l&#8217;obligaci\u00f3 tribut\u00e0ria.<\/p>\n\n\n\n<p class=\"wp-block-paragraph\">&#8220;Aquest sistema de pagament permet als ciutadans el pagament prorratejat de les seues obligacions tribut\u00e0ries al llarg de l&#8217;any,\u00a0en 12 pagaments mensuals&#8221;, segons els populars.<\/p>\n\n\n\n<p class=\"wp-block-paragraph\">&#8220;El pla especial de pagaments tributaris del Partit Popular\u00a0inclouria tots els impostos o taxes que els ciutadans de l&#8217;Eliana paguen de manera anual:<\/p>\n\n\n\n<ul class=\"wp-block-list\">\n<li>Impost sobre contribuci\u00f3 de B\u00e9ns immobles (IBI).<\/li>\n\n\n\n<li>Impost sobre Vehicles de Tracci\u00f3 Mec\u00e0nica.<\/li>\n\n\n\n<li>Taxa per la prestaci\u00f3 del servei de recollida de residus s\u00f2lids urbans, fem.<\/li>\n\n\n\n<li>Taxa per entrada de vehicles i les reserves de via p\u00fablica per a aparcament (guals), c\u00e0rrega i desc\u00e0rrega de mercaderies de qualsevol classe&#8221;.<\/li>\n<\/ul>\n\n\n\n<p class=\"wp-block-paragraph\">Per a la responsable del pla de pagaments del PP,\u00a0Carmen Fern\u00e1ndez, &#8220;els pagaments prorratejats s\u00f3n una manera d&#8217;alleujar la situaci\u00f3 econ\u00f2mica tan complicada que estan patint alguns dels nostres ve\u00efns, donar\u00edem la possibilitat de fer aquests pagaments mes a mes sense cap cost addicional com ja es fa en molts municipis de manera reeixida&#8221;.<\/p>\n\n\n\n<p class=\"wp-block-paragraph\">Aquest fraccionament de pagaments est\u00e0 a l&#8217;espera d&#8217;uns informes municipals, segons\u00a0el seu portaveu,\u00a0Mar\u00eda Jos\u00e9 Marco,\u00a0&#8220;tornarem a portar la nostra proposta de pagaments mensuals al seg\u00fcent Ple i\u00a0esperem rebre el suport de la resta de grups,\u00a0\u00e9s una bona iniciativa que millorar\u00e0 la vida dels nostres ve\u00efns&#8221;.<\/p>\n","protected":false},"excerpt":{"rendered":"<div class=\"mh-excerpt\">El&nbsp;Partit Popular&nbsp;de L&#8217;Eliana, de mans del seu regidor Carmen Fern\u00e1ndez Aleixandre,&nbsp;ha presentat un pla de pagaments d&#8217;impostos, amb l&#8217;objectiu de facilitar el compliment de l&#8217;obligaci\u00f3 tribut\u00e0ria. &#8220;Aquest sistema de pagament permet als ciutadans el pagament <a class=\"mh-excerpt-more\" href=\"https:\/\/tucomarca.whitekongsoftware.com\/ca\/el-pp-de-leliana-presenta-un-pla-de-pagament-dimpostos-prorratejat-en-12-mesos\/\" title=\"El PP de l&#8217;Eliana presenta un pla de pagament d&#8217;impostos prorratejat en 12 mesos\">[+] <\/a><\/div>\n","protected":false},"author":12,"featured_media":221698,"comment_status":"open","ping_status":"open","sticky":false,"template":"","format":"standard","meta":{"footnotes":""},"categories":[10892,10894,10893,10947,10896],"tags":[10899,11582],"class_list":["post-221702","post","type-post","status-publish","format-standard","has-post-thumbnail","category-camp-de-turia-ca","category-la-comarca-ca","category-leliana-ca","category-politica","category-seccion-ca","tag-camp-de-turia-ca","tag-pp-de-leliana-ca"],"_links":{"self":[{"href":"https:\/\/tucomarca.whitekongsoftware.com\/ca\/wp-json\/wp\/v2\/posts\/221702","targetHints":{"allow":["GET"]}}],"collection":[{"href":"https:\/\/tucomarca.whitekongsoftware.com\/ca\/wp-json\/wp\/v2\/posts"}],"about":[{"href":"https:\/\/tucomarca.whitekongsoftware.com\/ca\/wp-json\/wp\/v2\/types\/post"}],"author":[{"embeddable":true,"href":"https:\/\/tucomarca.whitekongsoftware.com\/ca\/wp-json\/wp\/v2\/users\/12"}],"replies":[{"embeddable":true,"href":"https:\/\/tucomarca.whitekongsoftware.com\/ca\/wp-json\/wp\/v2\/comments?post=221702"}],"version-history":[{"count":0,"href":"https:\/\/tucomarca.whitekongsoftware.com\/ca\/wp-json\/wp\/v2\/posts\/221702\/revisions"}],"wp:featuredmedia":[{"embeddable":true,"href":"https:\/\/tucomarca.whitekongsoftware.com\/ca\/wp-json\/wp\/v2\/media\/221698"}],"wp:attachment":[{"href":"https:\/\/tucomarca.whitekongsoftware.com\/ca\/wp-json\/wp\/v2\/media?parent=221702"}],"wp:term":[{"taxonomy":"category","embeddable":true,"href":"https:\/\/tucomarca.whitekongsoftware.com\/ca\/wp-json\/wp\/v2\/categories?post=221702"},{"taxonomy":"post_tag","embeddable":true,"href":"https:\/\/tucomarca.whitekongsoftware.com\/ca\/wp-json\/wp\/v2\/tags?post=221702"}],"curies":[{"name":"wp","href":"https:\/\/api.w.org\/{rel}","templated":true}]}}