{"id":221665,"date":"2024-05-02T15:40:00","date_gmt":"2024-05-02T13:40:00","guid":{"rendered":"https:\/\/www.tucomarca.com\/wordpress\/segunda\/?p=221665"},"modified":"2024-05-02T18:13:16","modified_gmt":"2024-05-02T16:13:16","slug":"el-consorci-de-bombers-dona-per-extingit-lincendi-en-la-planta-de-reciclatge-de-sant-antoni-18-dies-despres","status":"publish","type":"post","link":"https:\/\/tucomarca.whitekongsoftware.com\/ca\/el-consorci-de-bombers-dona-per-extingit-lincendi-en-la-planta-de-reciclatge-de-sant-antoni-18-dies-despres\/","title":{"rendered":"El Consorci de Bombers dona per extingit l&#8217;incendi en la planta de reciclatge de Sant Antoni 18 dies despr\u00e9s"},"content":{"rendered":"\n<h3 class=\"wp-block-heading\">Els treballs d&#8217;extinci\u00f3 s\u2019han portat a terme en dos fases, una primera abordant el foc amb aigua, i una segona mitjan\u00e7ant el bolcat de terra amb maquin\u00e0ria pessada.<\/h3>\n\n\n\n<h3 class=\"wp-block-heading\">El president del Consorci i diputat de Medi Ambient, Avelino Mascarell, ha destacat \u201cla coordinaci\u00f3 entre efectius per a fer front a un incendi de caracter\u00edstiques molt especials, el qual exigia controlar que no es comprometeren els nivells segurs quant a qualitat de l&#8217;aire\u201d,<\/h3>\n\n\n\n<p class=\"wp-block-paragraph\">El Consorci Provincial de Bombers de Val\u00e8ncia ha donat per extingit aquest dijous a les 14,00 hores l&#8217;incendi en la planta de reciclatge de Sant Antoni, a Requena, 18 dies despr\u00e9s que s&#8217;iniciara i el Centre de Coordinaci\u00f3 d&#8217;Emerg\u00e8ncies finalitza la situaci\u00f3 1 del Pla Especial d&#8217;Incendis Forestals (PEIF).<\/p>\n\n\n\n<p class=\"wp-block-paragraph\">&#8220;Les m\u00e0quines de l&#8217;empresa TRAGSA han finalitzat amb \u00e8xit les labors de cobrir el foc amb m\u00e9s de 18,000 tones de terra. Actualment, l&#8217;\u00e0rea afectada ha de reposar abans d&#8217;iniciar el proc\u00e9s de desmantellament&#8221;, tal com han informat fonts de l&#8217;Ajuntament de Requena.<\/p>\n\n\n\n<p class=\"wp-block-paragraph\">El president del Consorci i diputat de Medi Ambient, Avelino Mascarell, indica que \u201chan sigut d\u00edhuit dies d&#8217;ardus treballs, en un incendi que reunia unes caracter\u00edstiques molt especials i que ha exigit un plus de coordinaci\u00f3 amb la Generalitat, al mateix temps que es treballava amb l&#8217;Ajuntament de Requena per a garantir la seguretat de la ciutadania, controlant els nivells de qualitat de l&#8217;aire\u201d.<\/p>\n\n\n\n<p class=\"wp-block-paragraph\">En este sentit, l&#8217;Inspector en Cap del Consorci, Jos\u00e9 Miguel Basset, ha volgut \u201cagrair la col\u00b7laboraci\u00f3 de l&#8217;Ajuntament en les diferents parts del proc\u00e9s, en \u00e0mbits com la log\u00edstica i avituallament, i molt especialment des de l&#8217;\u00e0rea d&#8217;Agricultura del consistori\u201d.<\/p>\n\n\n\n<p class=\"wp-block-paragraph\">El Consorci Provincial va desplegar des del minut zero de l&#8217;incendi un ampli dispositiu d&#8217;extinci\u00f3 per a fer front a este incendi, el qual afectava una superf\u00edcie d&#8217;uns 40.000 metres quadrats, amb punts d&#8217;acumulaci\u00f3 de residus de fins a 7 metres d&#8217;altura i un volum d&#8217;uns 135.000 metres c\u00fabics de residus, fonamentalment pl\u00e0stics.&nbsp;<\/p>\n\n\n\n<p class=\"wp-block-paragraph\">Despr\u00e9s d&#8217;esta fase basada en extinci\u00f3 amb aigua, es va iniciar una segona, en la qual es van iniciar els treballs de maquin\u00e0ria pessada gestionada per l&#8217;empresa Tragsa a trav\u00e9s del Centre de Coordinaci\u00f3 d&#8217;Emerg\u00e8ncies de la Generalitat Valenciana.&nbsp;<\/p>\n\n\n\n<p class=\"wp-block-paragraph\">Esta fase del proc\u00e9s, que ha durat diversos dies, s&#8217;ha centrat en cobrir amb terra les parts afectades pel foc, una labor que ha sigut supervisada en tot moment per personal del Consorci de Bombers, que ha instal\u00b7lat en la pr\u00f2pia planta un dispositiu preventiu de bombers amb tots els recursos per a fer front a possibles punts de perill que es produ\u00efren durant estos treballs.&nbsp;<\/p>\n\n\n\n<p class=\"wp-block-paragraph\">Segons s&#8217;ha explicat des del Consorci, els \u201ctreballs han avan\u00e7at de manera molt positiva, *segons la planificaci\u00f3n t\u00e8cnica realitzada, i s&#8217;han pogut accelerar perqu\u00e8 per fi hui s&#8217;haja donat per extingit\u201d.&nbsp;<\/p>\n\n\n\n<p class=\"wp-block-paragraph\">Els efectius de bombers han estat de manera preventiva en la planta fins que han finalitzat les actuacions de bolcat de terra, mantenint la col\u00b7laboraci\u00f3 amb tot el personal despla\u00e7at per a estes tasques.\u00a0<\/p>\n\n\n\n<p class=\"wp-block-paragraph\"><strong>&#8220;Es buscaran responsabilitats&#8221;<\/strong><\/p>\n\n\n\n<p class=\"wp-block-paragraph\">Despr\u00e9s de la reuni\u00f3 mantinguda el dimarts a Requena, la Conselleria de Medi Ambient, representada per Salom\u00e9 Pradas, va assegurar que estarien &#8220;disposats a realitzar les labors de desmantellament de manera subsidi\u00e0ria. A m\u00e9s, es buscaran responsabilitats i, de confirmar-se neglig\u00e8ncies, l&#8217;empresa podria enfrontar-se al tancament definitiu de la planta&#8221;, segons han informat des del consistorio requenense.<\/p>\n\n\n\n<p class=\"wp-block-paragraph\">Estenem el nostre agra\u00efment al Consorci de Bombers, la Diputaci\u00f3 de Val\u00e8ncia, la Conselleria de Medi Ambient, la Conselleria de Just\u00edcia i Interior, aix\u00ed com a Salut P\u00fablica, gr\u00e0cies als professionals per la seua incansable labor i a la ciutadania per la seua comprensi\u00f3 en aquests moments. Tamb\u00e9 volem expressar la nostra gratitud a totes les plataformes i organitzacions que han mostrat el seu inter\u00e9s a col\u00b7laborar amb solucions i pel b\u00e9 de Requena. \u00c9s important destacar que les mesures recomanades per qualitat l&#8217;aire deixen de ser vigents, per la qual cosa ja no s\u00f3n necess\u00e0ries&#8221;, han manifestat des del consistori Requenense.<\/p>\n\n\n\n<p class=\"wp-block-paragraph\">Des de l&#8217;Ajuntament de Requena han afegit que continuaran &#8220;treballant per a la ciutadania, compromesos a representar a Requena i els seus llogarets en tot moment, i continuarem fins a assegurar que aquesta situaci\u00f3 no torne a oc\u00f3rrer en el nostre municipi&#8221;.<\/p>\n","protected":false},"excerpt":{"rendered":"<div class=\"mh-excerpt\">Els treballs d&#8217;extinci\u00f3 s\u2019han portat a terme en dos fases, una primera abordant el foc amb aigua, i una segona mitjan\u00e7ant el bolcat de terra amb maquin\u00e0ria pessada. El president del Consorci i diputat de <a class=\"mh-excerpt-more\" href=\"https:\/\/tucomarca.whitekongsoftware.com\/ca\/el-consorci-de-bombers-dona-per-extingit-lincendi-en-la-planta-de-reciclatge-de-sant-antoni-18-dies-despres\/\" title=\"El Consorci de Bombers dona per extingit l&#8217;incendi en la planta de reciclatge de Sant Antoni 18 dies despr\u00e9s\">[+] <\/a><\/div>\n","protected":false},"author":1,"featured_media":221663,"comment_status":"open","ping_status":"open","sticky":false,"template":"","format":"standard","meta":{"footnotes":""},"categories":[11010,10898,10948,10894,10904,10903,10947,10908,10909,11057,10896,10897,11059],"tags":[12755,11099,10910,17318],"class_list":["post-221665","post","type-post","status-publish","format-standard","has-post-thumbnail","category-canal-salud","category-ventana-ca","category-infraestructuras-ca","category-la-comarca-ca","category-sin-categorizar-ca","category-medio-ambiente-la-comarca-ca","category-politica","category-requena-ca","category-requena-utiel-ca","category-san-antonio-ca","category-seccion-ca","category-sucesos-la-comarca-ca","category-utiel-ca","tag-incendio-ca","tag-requena-ca","tag-requena-utiel-ca","tag-san-antonio-ca"],"_links":{"self":[{"href":"https:\/\/tucomarca.whitekongsoftware.com\/ca\/wp-json\/wp\/v2\/posts\/221665","targetHints":{"allow":["GET"]}}],"collection":[{"href":"https:\/\/tucomarca.whitekongsoftware.com\/ca\/wp-json\/wp\/v2\/posts"}],"about":[{"href":"https:\/\/tucomarca.whitekongsoftware.com\/ca\/wp-json\/wp\/v2\/types\/post"}],"author":[{"embeddable":true,"href":"https:\/\/tucomarca.whitekongsoftware.com\/ca\/wp-json\/wp\/v2\/users\/1"}],"replies":[{"embeddable":true,"href":"https:\/\/tucomarca.whitekongsoftware.com\/ca\/wp-json\/wp\/v2\/comments?post=221665"}],"version-history":[{"count":0,"href":"https:\/\/tucomarca.whitekongsoftware.com\/ca\/wp-json\/wp\/v2\/posts\/221665\/revisions"}],"wp:featuredmedia":[{"embeddable":true,"href":"https:\/\/tucomarca.whitekongsoftware.com\/ca\/wp-json\/wp\/v2\/media\/221663"}],"wp:attachment":[{"href":"https:\/\/tucomarca.whitekongsoftware.com\/ca\/wp-json\/wp\/v2\/media?parent=221665"}],"wp:term":[{"taxonomy":"category","embeddable":true,"href":"https:\/\/tucomarca.whitekongsoftware.com\/ca\/wp-json\/wp\/v2\/categories?post=221665"},{"taxonomy":"post_tag","embeddable":true,"href":"https:\/\/tucomarca.whitekongsoftware.com\/ca\/wp-json\/wp\/v2\/tags?post=221665"}],"curies":[{"name":"wp","href":"https:\/\/api.w.org\/{rel}","templated":true}]}}