{"id":221641,"date":"2024-05-02T10:46:00","date_gmt":"2024-05-02T08:46:00","guid":{"rendered":"https:\/\/www.tucomarca.com\/wordpress\/segunda\/?p=221641"},"modified":"2024-05-02T14:49:04","modified_gmt":"2024-05-02T12:49:04","slug":"viure-de-cinema-continua-a-bunyol-amb-la-projeccio-de-anatomia-duna-caiguda","status":"publish","type":"post","link":"https:\/\/tucomarca.whitekongsoftware.com\/ca\/viure-de-cinema-continua-a-bunyol-amb-la-projeccio-de-anatomia-duna-caiguda\/","title":{"rendered":"Viure de Cinema continua a Bunyol amb la projecci\u00f3 de &#8220;Anatomia d&#8217;una caiguda&#8221;"},"content":{"rendered":"\n<p class=\"wp-block-paragraph\">Hui dijous, 2 de maig, a les 20,00 hores, continua el festival Viure de Cinema 2024, organitzat per la regidoria de Cultura amb la participaci\u00f3 de IVC i la Filmoteca Valenciana. En aquesta ocasi\u00f3 ser\u00e0 al cinema Montecarlo on es projecte la pel\u00b7l\u00edcula francesa &#8220;Anatomia d&#8217;una caiguda&#8221; de Justine Triet.<\/p>\n\n\n<div class=\"wp-block-image\">\n<figure class=\"alignleft size-large is-resized\"><img loading=\"lazy\" decoding=\"async\" width=\"717\" height=\"1024\" src=\"http:\/\/www.tucomarca.com\/wordpress\/segunda\/wp-content\/uploads\/2024\/05\/anatomiadeunacaida-717x1024.jpg\" alt=\"\" class=\"wp-image-221636\" style=\"width:343px;height:auto\" srcset=\"https:\/\/tucomarca.whitekongsoftware.com\/wp-content\/uploads\/2024\/05\/anatomiadeunacaida-717x1024.jpg 717w, https:\/\/tucomarca.whitekongsoftware.com\/wp-content\/uploads\/2024\/05\/anatomiadeunacaida-210x300.jpg 210w, https:\/\/tucomarca.whitekongsoftware.com\/wp-content\/uploads\/2024\/05\/anatomiadeunacaida-768x1097.jpg 768w, https:\/\/tucomarca.whitekongsoftware.com\/wp-content\/uploads\/2024\/05\/anatomiadeunacaida.jpg 886w\" sizes=\"auto, (max-width: 717px) 100vw, 717px\" \/><\/figure>\n<\/div>\n\n\n<p class=\"wp-block-paragraph\">Sens dubte una de les millors pel\u00b7l\u00edcules del cinema europeu. La pel\u00b7l\u00edcula dirigida per Justine Triet va arrancar l&#8217;any guanyant la Palma d&#8217;Or a&nbsp;la Millor pel\u00b7l\u00edcula a Cannes. Un film premiat amb el Globo d&#8217;Or al Millor&nbsp; gui\u00f3 i pel\u00b7l\u00edcula de parla no anglesa. Amb 5 nominacions als \u00d3scars i guanyadora al Millor gui\u00f3 original. A m\u00e9s compta amb 7 nominacions als Baffta i guanyadora del Goya a Millor pel\u00b7l\u00edcula europea. Un gui\u00f3 \u00fanic que compta amb la interpretaci\u00f3 d&#8217;una Sandra H\u00fcller espectacular. Sens dubte una de les millors pel\u00b7l\u00edcules del moment. Un Thriller judicial que t&#8217;atrapa des del seu inici.<\/p>\n\n\n\n<p class=\"wp-block-paragraph\">Les entrades es compren en taquilla pel preu de 3 euros.<\/p>\n","protected":false},"excerpt":{"rendered":"<div class=\"mh-excerpt\">Hui dijous, 2 de maig, a les 20,00 hores, continua el festival Viure de Cinema 2024, organitzat per la regidoria de Cultura amb la participaci\u00f3 de IVC i la Filmoteca Valenciana. En aquesta ocasi\u00f3 ser\u00e0 <a class=\"mh-excerpt-more\" href=\"https:\/\/tucomarca.whitekongsoftware.com\/ca\/viure-de-cinema-continua-a-bunyol-amb-la-projeccio-de-anatomia-duna-caiguda\/\" title=\"Viure de Cinema continua a Bunyol amb la projecci\u00f3 de &#8220;Anatomia d&#8217;una caiguda&#8221;\">[+] <\/a><\/div>\n","protected":false},"author":12,"featured_media":221637,"comment_status":"open","ping_status":"open","sticky":false,"template":"","format":"standard","meta":{"footnotes":""},"categories":[11019,10911,10894,10912,11007,10896],"tags":[10913,10914,20523],"class_list":["post-221641","post","type-post","status-publish","format-standard","has-post-thumbnail","category-agenda-ca","category-bunol-ca","category-la-comarca-ca","category-la-hoya-ca","category-ocio-y-cultura-ca","category-seccion-ca","tag-bunol-ca","tag-la-hoya-de-bunol-chiva-ca","tag-vivir-de-cine-2024-ca"],"_links":{"self":[{"href":"https:\/\/tucomarca.whitekongsoftware.com\/ca\/wp-json\/wp\/v2\/posts\/221641","targetHints":{"allow":["GET"]}}],"collection":[{"href":"https:\/\/tucomarca.whitekongsoftware.com\/ca\/wp-json\/wp\/v2\/posts"}],"about":[{"href":"https:\/\/tucomarca.whitekongsoftware.com\/ca\/wp-json\/wp\/v2\/types\/post"}],"author":[{"embeddable":true,"href":"https:\/\/tucomarca.whitekongsoftware.com\/ca\/wp-json\/wp\/v2\/users\/12"}],"replies":[{"embeddable":true,"href":"https:\/\/tucomarca.whitekongsoftware.com\/ca\/wp-json\/wp\/v2\/comments?post=221641"}],"version-history":[{"count":0,"href":"https:\/\/tucomarca.whitekongsoftware.com\/ca\/wp-json\/wp\/v2\/posts\/221641\/revisions"}],"wp:featuredmedia":[{"embeddable":true,"href":"https:\/\/tucomarca.whitekongsoftware.com\/ca\/wp-json\/wp\/v2\/media\/221637"}],"wp:attachment":[{"href":"https:\/\/tucomarca.whitekongsoftware.com\/ca\/wp-json\/wp\/v2\/media?parent=221641"}],"wp:term":[{"taxonomy":"category","embeddable":true,"href":"https:\/\/tucomarca.whitekongsoftware.com\/ca\/wp-json\/wp\/v2\/categories?post=221641"},{"taxonomy":"post_tag","embeddable":true,"href":"https:\/\/tucomarca.whitekongsoftware.com\/ca\/wp-json\/wp\/v2\/tags?post=221641"}],"curies":[{"name":"wp","href":"https:\/\/api.w.org\/{rel}","templated":true}]}}